{"id":595057,"date":"2025-06-03T18:04:50","date_gmt":"2025-06-04T00:04:50","guid":{"rendered":"https:\/\/www.zunoticia.com\/noticias-de-hidalgo\/?p=595057"},"modified":"2025-06-03T18:04:51","modified_gmt":"2025-06-04T00:04:51","slug":"desaparecio-menor-de-edad-cuando-se-dirigia-a-la-escuela","status":"publish","type":"post","link":"https:\/\/www.zunoticia.com\/noticias-de-hidalgo\/2025\/06\/03\/desaparecio-menor-de-edad-cuando-se-dirigia-a-la-escuela\/","title":{"rendered":"Desapareci\u00f3 menor de edad cuando se dirig\u00eda a la escuela"},"content":{"rendered":"<aside class=\"mashsb-container mashsb-main mashsb-stretched\"><div class=\"mashsb-box\"><div class=\"mashsb-count mash-large\" style=\"float:left\"><div class=\"counts mashsbcount\">56<\/div><span class=\"mashsb-sharetext\">SHARES<\/span><\/div><div class=\"mashsb-buttons\"><a class=\"mashicon-facebook mash-large mash-center mashsb-noshadow\" href=\"https:\/\/www.facebook.com\/sharer.php?u=https%3A%2F%2Fwww.zunoticia.com%2Fnoticias-de-hidalgo%2F2025%2F06%2F03%2Fdesaparecio-menor-de-edad-cuando-se-dirigia-a-la-escuela%2F\" target=\"_top\" rel=\"nofollow\"><span class=\"icon\"><\/span><span class=\"text\">Share<\/span><\/a><a class=\"mashicon-twitter mash-large mash-center mashsb-noshadow\" href=\"https:\/\/twitter.com\/intent\/tweet?text=&amp;url=https:\/\/www.zunoticia.com\/noticias-de-hidalgo\/2025\/06\/03\/desaparecio-menor-de-edad-cuando-se-dirigia-a-la-escuela\/\" target=\"_top\" rel=\"nofollow\"><span class=\"icon\"><\/span><span class=\"text\">Tweet<\/span><\/a><div class=\"onoffswitch2 mash-large mashsb-noshadow\" style=\"display:none\"><\/div><\/div>\n            <\/div>\n                <div style=\"clear:both\"><\/div><div class=\"mashsb-toggle-container\"><\/div><\/aside>\n            <!-- Share buttons by mashshare.net - Version: 4.0.47-->\n<p><em>Por Roberto Ram\u00edrez \/Zunoticia<\/em><\/p>\n\n\n\n<p><strong>Huejutla, Hgo<\/strong>&#8211; Un adolescente de este municipio, desapareci\u00f3 cuando acud\u00eda a su escuela, por lo que sus familiares piden la colaboraci\u00f3n de la poblaci\u00f3n en general para que brinden cualquier informaci\u00f3n que tengan de este menor de edad.<\/p>\n\n\n\n<p>Jonathan N.N., es el menor de edad quien la ma\u00f1ana de este martes desapareci\u00f3 cuando se dirig\u00eda a su escuela secundaria de Macuxtepetla, pero presuntamente nunca lleg\u00f3 a su destino y hasta el momento no se sabe nada de \u00e9l.<\/p>\n\n\n\n<p>Por lo que, est\u00e1n solicitando el apoyo de la ciudadan\u00eda en general para que reporten a este jovencito si lo llegan a ver. Cualquier informaci\u00f3n pueden reportarla al n\u00famero de celular 7713322965 o en su caso con las autoridades correspondientes.<\/p>\n","protected":false},"excerpt":{"rendered":"<p>Por Roberto Ram\u00edrez \/Zunoticia Huejutla, Hgo&#8211; Un adolescente de este municipio, desapareci\u00f3 cuando acud\u00eda a su escuela, por lo que sus familiares piden la colaboraci\u00f3n de la poblaci\u00f3n en general para que brinden cualquier informaci\u00f3n que tengan de este menor de edad. Jonathan N.N., es el menor de edad quien la ma\u00f1ana de este martes&hellip; <a class=\"more-link\" href=\"https:\/\/www.zunoticia.com\/noticias-de-hidalgo\/2025\/06\/03\/desaparecio-menor-de-edad-cuando-se-dirigia-a-la-escuela\/\">Seguir leyendo <span class=\"screen-reader-text\">Desapareci\u00f3 menor de edad cuando se dirig\u00eda a la escuela<\/span><\/a><\/p>\n","protected":false},"author":20,"featured_media":595058,"comment_status":"open","ping_status":"open","sticky":false,"template":"","format":"standard","meta":{"rop_custom_images_group":[],"rop_custom_messages_group":[],"rop_publish_now":"initial","rop_publish_now_accounts":{"facebook_10159540855086992_322828327761733":""},"rop_publish_now_history":[],"rop_publish_now_status":"pending","footnotes":""},"categories":[178],"tags":[259],"class_list":["post-595057","post","type-post","status-publish","format-standard","has-post-thumbnail","hentry","category-policiaca","tag-policiaca","entry"],"_links":{"self":[{"href":"https:\/\/www.zunoticia.com\/noticias-de-hidalgo\/wp-json\/wp\/v2\/posts\/595057","targetHints":{"allow":["GET"]}}],"collection":[{"href":"https:\/\/www.zunoticia.com\/noticias-de-hidalgo\/wp-json\/wp\/v2\/posts"}],"about":[{"href":"https:\/\/www.zunoticia.com\/noticias-de-hidalgo\/wp-json\/wp\/v2\/types\/post"}],"author":[{"embeddable":true,"href":"https:\/\/www.zunoticia.com\/noticias-de-hidalgo\/wp-json\/wp\/v2\/users\/20"}],"replies":[{"embeddable":true,"href":"https:\/\/www.zunoticia.com\/noticias-de-hidalgo\/wp-json\/wp\/v2\/comments?post=595057"}],"version-history":[{"count":1,"href":"https:\/\/www.zunoticia.com\/noticias-de-hidalgo\/wp-json\/wp\/v2\/posts\/595057\/revisions"}],"predecessor-version":[{"id":595059,"href":"https:\/\/www.zunoticia.com\/noticias-de-hidalgo\/wp-json\/wp\/v2\/posts\/595057\/revisions\/595059"}],"wp:featuredmedia":[{"embeddable":true,"href":"https:\/\/www.zunoticia.com\/noticias-de-hidalgo\/wp-json\/wp\/v2\/media\/595058"}],"wp:attachment":[{"href":"https:\/\/www.zunoticia.com\/noticias-de-hidalgo\/wp-json\/wp\/v2\/media?parent=595057"}],"wp:term":[{"taxonomy":"category","embeddable":true,"href":"https:\/\/www.zunoticia.com\/noticias-de-hidalgo\/wp-json\/wp\/v2\/categories?post=595057"},{"taxonomy":"post_tag","embeddable":true,"href":"https:\/\/www.zunoticia.com\/noticias-de-hidalgo\/wp-json\/wp\/v2\/tags?post=595057"}],"curies":[{"name":"wp","href":"https:\/\/api.w.org\/{rel}","templated":true}]}}