{"id":595089,"date":"2025-06-03T19:18:38","date_gmt":"2025-06-04T01:18:38","guid":{"rendered":"https:\/\/www.zunoticia.com\/noticias-de-hidalgo\/?p=595089"},"modified":"2025-06-03T19:18:39","modified_gmt":"2025-06-04T01:18:39","slug":"motociclista-se-derrapo-y-sufrio-caida","status":"publish","type":"post","link":"https:\/\/www.zunoticia.com\/noticias-de-hidalgo\/2025\/06\/03\/motociclista-se-derrapo-y-sufrio-caida\/","title":{"rendered":"Motociclista se derrap\u00f3 y sufri\u00f3 ca\u00edda"},"content":{"rendered":"<aside class=\"mashsb-container mashsb-main mashsb-stretched\"><div class=\"mashsb-box\"><div class=\"mashsb-count mash-large\" style=\"float:left\"><div class=\"counts mashsbcount\">0<\/div><span class=\"mashsb-sharetext\">SHARES<\/span><\/div><div class=\"mashsb-buttons\"><a class=\"mashicon-facebook mash-large mash-center mashsb-noshadow\" href=\"https:\/\/www.facebook.com\/sharer.php?u=https%3A%2F%2Fwww.zunoticia.com%2Fnoticias-de-hidalgo%2F2025%2F06%2F03%2Fmotociclista-se-derrapo-y-sufrio-caida%2F\" target=\"_top\" rel=\"nofollow\"><span class=\"icon\"><\/span><span class=\"text\">Share<\/span><\/a><a class=\"mashicon-twitter mash-large mash-center mashsb-noshadow\" href=\"https:\/\/twitter.com\/intent\/tweet?text=&amp;url=https:\/\/www.zunoticia.com\/noticias-de-hidalgo\/2025\/06\/03\/motociclista-se-derrapo-y-sufrio-caida\/\" target=\"_top\" rel=\"nofollow\"><span class=\"icon\"><\/span><span class=\"text\">Tweet<\/span><\/a><div class=\"onoffswitch2 mash-large mashsb-noshadow\" style=\"display:none\"><\/div><\/div>\n            <\/div>\n                <div style=\"clear:both\"><\/div><div class=\"mashsb-toggle-container\"><\/div><\/aside>\n            <!-- Share buttons by mashshare.net - Version: 4.0.47-->\n<p><em>Por Roberto Ram\u00edrez \/Zunoticia<\/em><\/p>\n\n\n\n<p><strong>Huejutla, Hgo<\/strong>.- Ante el exceso de velocidad que llevaba un motociclista &nbsp;derrap\u00f3 y cay\u00f3, sobre el bulevar Adolfo L\u00f3pez Mateos, vecinos del lugar auxiliaron al afectado; el&nbsp; percance&nbsp; dej\u00f3 da\u00f1os materiales y leves lesiones en esa persona.<\/p>\n\n\n\n<p>El percance presuntamente ocurri\u00f3, luego de que el motociclista perdi\u00f3 el control de su motocicleta, tipo Italika, y cay\u00f3 bruscamente; por fortuna llevaba su equipo de protecci\u00f3n, lo que le ayud\u00f3 a este masculino.<\/p>\n\n\n\n<p>El accidente dej\u00f3 lesiones menores al conductor, mientras que la unidad de dos ruedas fue resguardada en el lugar; polic\u00edas municipales acudieron s\u00f3lo para tomar conocimiento de los hechos.<\/p>\n","protected":false},"excerpt":{"rendered":"<p>Por Roberto Ram\u00edrez \/Zunoticia Huejutla, Hgo.- Ante el exceso de velocidad que llevaba un motociclista &nbsp;derrap\u00f3 y cay\u00f3, sobre el bulevar Adolfo L\u00f3pez Mateos, vecinos del lugar auxiliaron al afectado; el&nbsp; percance&nbsp; dej\u00f3 da\u00f1os materiales y leves lesiones en esa persona. El percance presuntamente ocurri\u00f3, luego de que el motociclista perdi\u00f3 el control de su&hellip; <a class=\"more-link\" href=\"https:\/\/www.zunoticia.com\/noticias-de-hidalgo\/2025\/06\/03\/motociclista-se-derrapo-y-sufrio-caida\/\">Seguir leyendo <span class=\"screen-reader-text\">Motociclista se derrap\u00f3 y sufri\u00f3 ca\u00edda<\/span><\/a><\/p>\n","protected":false},"author":20,"featured_media":595090,"comment_status":"open","ping_status":"open","sticky":false,"template":"","format":"standard","meta":{"rop_custom_images_group":[],"rop_custom_messages_group":[],"rop_publish_now":"initial","rop_publish_now_accounts":{"facebook_10159540855086992_322828327761733":""},"rop_publish_now_history":[],"rop_publish_now_status":"pending","footnotes":""},"categories":[178],"tags":[259],"class_list":["post-595089","post","type-post","status-publish","format-standard","has-post-thumbnail","hentry","category-policiaca","tag-policiaca","entry"],"_links":{"self":[{"href":"https:\/\/www.zunoticia.com\/noticias-de-hidalgo\/wp-json\/wp\/v2\/posts\/595089","targetHints":{"allow":["GET"]}}],"collection":[{"href":"https:\/\/www.zunoticia.com\/noticias-de-hidalgo\/wp-json\/wp\/v2\/posts"}],"about":[{"href":"https:\/\/www.zunoticia.com\/noticias-de-hidalgo\/wp-json\/wp\/v2\/types\/post"}],"author":[{"embeddable":true,"href":"https:\/\/www.zunoticia.com\/noticias-de-hidalgo\/wp-json\/wp\/v2\/users\/20"}],"replies":[{"embeddable":true,"href":"https:\/\/www.zunoticia.com\/noticias-de-hidalgo\/wp-json\/wp\/v2\/comments?post=595089"}],"version-history":[{"count":1,"href":"https:\/\/www.zunoticia.com\/noticias-de-hidalgo\/wp-json\/wp\/v2\/posts\/595089\/revisions"}],"predecessor-version":[{"id":595091,"href":"https:\/\/www.zunoticia.com\/noticias-de-hidalgo\/wp-json\/wp\/v2\/posts\/595089\/revisions\/595091"}],"wp:featuredmedia":[{"embeddable":true,"href":"https:\/\/www.zunoticia.com\/noticias-de-hidalgo\/wp-json\/wp\/v2\/media\/595090"}],"wp:attachment":[{"href":"https:\/\/www.zunoticia.com\/noticias-de-hidalgo\/wp-json\/wp\/v2\/media?parent=595089"}],"wp:term":[{"taxonomy":"category","embeddable":true,"href":"https:\/\/www.zunoticia.com\/noticias-de-hidalgo\/wp-json\/wp\/v2\/categories?post=595089"},{"taxonomy":"post_tag","embeddable":true,"href":"https:\/\/www.zunoticia.com\/noticias-de-hidalgo\/wp-json\/wp\/v2\/tags?post=595089"}],"curies":[{"name":"wp","href":"https:\/\/api.w.org\/{rel}","templated":true}]}}