{"id":595093,"date":"2025-06-03T20:14:30","date_gmt":"2025-06-04T02:14:30","guid":{"rendered":"https:\/\/www.zunoticia.com\/noticias-de-hidalgo\/?p=595093"},"modified":"2025-06-03T20:14:32","modified_gmt":"2025-06-04T02:14:32","slug":"fomentan-conciencia-ambiental-con-donacion-de-plantas-a-escuelas","status":"publish","type":"post","link":"https:\/\/www.zunoticia.com\/noticias-de-hidalgo\/2025\/06\/03\/fomentan-conciencia-ambiental-con-donacion-de-plantas-a-escuelas\/","title":{"rendered":"Fomentan conciencia ambiental con donaci\u00f3n de plantas a escuelas"},"content":{"rendered":"<aside class=\"mashsb-container mashsb-main mashsb-stretched\"><div class=\"mashsb-box\"><div class=\"mashsb-count mash-large\" style=\"float:left\"><div class=\"counts mashsbcount\">0<\/div><span class=\"mashsb-sharetext\">SHARES<\/span><\/div><div class=\"mashsb-buttons\"><a class=\"mashicon-facebook mash-large mash-center mashsb-noshadow\" href=\"https:\/\/www.facebook.com\/sharer.php?u=https%3A%2F%2Fwww.zunoticia.com%2Fnoticias-de-hidalgo%2F2025%2F06%2F03%2Ffomentan-conciencia-ambiental-con-donacion-de-plantas-a-escuelas%2F\" target=\"_top\" rel=\"nofollow\"><span class=\"icon\"><\/span><span class=\"text\">Share<\/span><\/a><a class=\"mashicon-twitter mash-large mash-center mashsb-noshadow\" href=\"https:\/\/twitter.com\/intent\/tweet?text=&amp;url=https:\/\/www.zunoticia.com\/noticias-de-hidalgo\/2025\/06\/03\/fomentan-conciencia-ambiental-con-donacion-de-plantas-a-escuelas\/\" target=\"_top\" rel=\"nofollow\"><span class=\"icon\"><\/span><span class=\"text\">Tweet<\/span><\/a><div class=\"onoffswitch2 mash-large mashsb-noshadow\" style=\"display:none\"><\/div><\/div>\n            <\/div>\n                <div style=\"clear:both\"><\/div><div class=\"mashsb-toggle-container\"><\/div><\/aside>\n            <!-- Share buttons by mashshare.net - Version: 4.0.47-->\n<p><em>Por Karen Rivera\/Zunoticia<\/em><\/p>\n\n\n\n<p><strong>Huejutla de Reyes, Hgo.-<\/strong> En el marco del D\u00eda Mundial del Medio Ambiente, que se conmemora cada 5 de junio, la Direcci\u00f3n de Ecolog\u00eda, en coordinaci\u00f3n con la Coordinaci\u00f3n de Medio Ambiente y el Departamento de Educaci\u00f3n, puso en marcha una campa\u00f1a de donaci\u00f3n de plantas a instituciones educativas del municipio.<\/p>\n\n\n\n<p>La iniciativa tiene como objetivo reforzar el compromiso colectivo con el cuidado del entorno natural, al tiempo que promueve entre la comunidad estudiantil una mayor conciencia sobre la importancia de preservar el medio ambiente.<\/p>\n\n\n\n<p>Las plantas entregadas provienen del vivero municipal, un espacio dedicado a la reproducci\u00f3n de especies nativas, que buscan contribuir a la reforestaci\u00f3n urbana y rural de la regi\u00f3n.<\/p>\n\n\n\n<figure class=\"wp-block-image size-full\"><img fetchpriority=\"high\" decoding=\"async\" width=\"1080\" height=\"810\" src=\"https:\/\/www.zunoticia.com\/noticias-de-hidalgo\/wp-content\/uploads\/2025\/06\/eZy-Watermark_03-06-2025_07-59-26-1480p.m.jpg\" alt=\"\" class=\"wp-image-595095\"\/><\/figure>\n\n\n\n<p>Con estas acciones se busca no solo embellecer los espacios escolares, sino tambi\u00e9n ense\u00f1ar a los ni\u00f1os y j\u00f3venes el valor de proteger y conservar la biodiversidad local.<\/p>\n\n\n\n<p>Autoridades municipales se\u00f1alaron que, este esfuerzo forma parte de una estrategia integral para sensibilizar a las nuevas generaciones sobre la necesidad urgente de actuar frente al cambio clim\u00e1tico y la p\u00e9rdida de ecosistemas, destacando el papel clave que juega la educaci\u00f3n ambiental en la transformaci\u00f3n social.<\/p>\n","protected":false},"excerpt":{"rendered":"<p>Por Karen Rivera\/Zunoticia Huejutla de Reyes, Hgo.- En el marco del D\u00eda Mundial del Medio Ambiente, que se conmemora cada 5 de junio, la Direcci\u00f3n de Ecolog\u00eda, en coordinaci\u00f3n con la Coordinaci\u00f3n de Medio Ambiente y el Departamento de Educaci\u00f3n, puso en marcha una campa\u00f1a de donaci\u00f3n de plantas a instituciones educativas del municipio. La&hellip; <a class=\"more-link\" href=\"https:\/\/www.zunoticia.com\/noticias-de-hidalgo\/2025\/06\/03\/fomentan-conciencia-ambiental-con-donacion-de-plantas-a-escuelas\/\">Seguir leyendo <span class=\"screen-reader-text\">Fomentan conciencia ambiental con donaci\u00f3n de plantas a escuelas<\/span><\/a><\/p>\n","protected":false},"author":12,"featured_media":595094,"comment_status":"open","ping_status":"open","sticky":false,"template":"","format":"standard","meta":{"rop_custom_images_group":[],"rop_custom_messages_group":[],"rop_publish_now":"initial","rop_publish_now_accounts":{"facebook_10159540855086992_322828327761733":""},"rop_publish_now_history":[],"rop_publish_now_status":"pending","footnotes":""},"categories":[181],"tags":[121],"class_list":["post-595093","post","type-post","status-publish","format-standard","has-post-thumbnail","hentry","category-huejutla","tag-huejutla","entry"],"_links":{"self":[{"href":"https:\/\/www.zunoticia.com\/noticias-de-hidalgo\/wp-json\/wp\/v2\/posts\/595093","targetHints":{"allow":["GET"]}}],"collection":[{"href":"https:\/\/www.zunoticia.com\/noticias-de-hidalgo\/wp-json\/wp\/v2\/posts"}],"about":[{"href":"https:\/\/www.zunoticia.com\/noticias-de-hidalgo\/wp-json\/wp\/v2\/types\/post"}],"author":[{"embeddable":true,"href":"https:\/\/www.zunoticia.com\/noticias-de-hidalgo\/wp-json\/wp\/v2\/users\/12"}],"replies":[{"embeddable":true,"href":"https:\/\/www.zunoticia.com\/noticias-de-hidalgo\/wp-json\/wp\/v2\/comments?post=595093"}],"version-history":[{"count":1,"href":"https:\/\/www.zunoticia.com\/noticias-de-hidalgo\/wp-json\/wp\/v2\/posts\/595093\/revisions"}],"predecessor-version":[{"id":595096,"href":"https:\/\/www.zunoticia.com\/noticias-de-hidalgo\/wp-json\/wp\/v2\/posts\/595093\/revisions\/595096"}],"wp:featuredmedia":[{"embeddable":true,"href":"https:\/\/www.zunoticia.com\/noticias-de-hidalgo\/wp-json\/wp\/v2\/media\/595094"}],"wp:attachment":[{"href":"https:\/\/www.zunoticia.com\/noticias-de-hidalgo\/wp-json\/wp\/v2\/media?parent=595093"}],"wp:term":[{"taxonomy":"category","embeddable":true,"href":"https:\/\/www.zunoticia.com\/noticias-de-hidalgo\/wp-json\/wp\/v2\/categories?post=595093"},{"taxonomy":"post_tag","embeddable":true,"href":"https:\/\/www.zunoticia.com\/noticias-de-hidalgo\/wp-json\/wp\/v2\/tags?post=595093"}],"curies":[{"name":"wp","href":"https:\/\/api.w.org\/{rel}","templated":true}]}}