{"id":595354,"date":"2025-06-06T14:24:34","date_gmt":"2025-06-06T20:24:34","guid":{"rendered":"https:\/\/www.zunoticia.com\/noticias-de-hidalgo\/?p=595354"},"modified":"2025-06-06T14:24:35","modified_gmt":"2025-06-06T20:24:35","slug":"gobierno-de-huejutla-reforesta-escuelas-de-tehuetlan-e-ixcatlan","status":"publish","type":"post","link":"https:\/\/www.zunoticia.com\/noticias-de-hidalgo\/2025\/06\/06\/gobierno-de-huejutla-reforesta-escuelas-de-tehuetlan-e-ixcatlan\/","title":{"rendered":"Gobierno de Huejutla reforesta escuelas de Tehuetl\u00e1n e Ixcatl\u00e1n"},"content":{"rendered":"<aside class=\"mashsb-container mashsb-main mashsb-stretched\"><div class=\"mashsb-box\"><div class=\"mashsb-count mash-large\" style=\"float:left\"><div class=\"counts mashsbcount\">0<\/div><span class=\"mashsb-sharetext\">SHARES<\/span><\/div><div class=\"mashsb-buttons\"><a class=\"mashicon-facebook mash-large mash-center mashsb-noshadow\" href=\"https:\/\/www.facebook.com\/sharer.php?u=https%3A%2F%2Fwww.zunoticia.com%2Fnoticias-de-hidalgo%2F2025%2F06%2F06%2Fgobierno-de-huejutla-reforesta-escuelas-de-tehuetlan-e-ixcatlan%2F\" target=\"_top\" rel=\"nofollow\"><span class=\"icon\"><\/span><span class=\"text\">Share<\/span><\/a><a class=\"mashicon-twitter mash-large mash-center mashsb-noshadow\" href=\"https:\/\/twitter.com\/intent\/tweet?text=&amp;url=https:\/\/www.zunoticia.com\/noticias-de-hidalgo\/2025\/06\/06\/gobierno-de-huejutla-reforesta-escuelas-de-tehuetlan-e-ixcatlan\/\" target=\"_top\" rel=\"nofollow\"><span class=\"icon\"><\/span><span class=\"text\">Tweet<\/span><\/a><div class=\"onoffswitch2 mash-large mashsb-noshadow\" style=\"display:none\"><\/div><\/div>\n            <\/div>\n                <div style=\"clear:both\"><\/div><div class=\"mashsb-toggle-container\"><\/div><\/aside>\n            <!-- Share buttons by mashshare.net - Version: 4.0.47-->\n<p><em>Por Redacci\u00f3n\/Zunoticia<\/em><\/p>\n\n\n\n<p><strong>Huejutla, Hgo<\/strong>.- En el marco del D\u00eda Mundial del Medio Ambiente, la ma\u00f1ana del jueves 5 de junio se llev\u00f3 a cabo una significativa jornada de reforestaci\u00f3n en la Escuela Primaria &#8220;Galaci\u00f3n G\u00f3mez&#8221; de Tehuetl\u00e1n, donde se plantaron 200 \u00e1rboles, y en la Escuela Secundaria T\u00e9cnica No. 36 de la localidad de Ixcatl\u00e1n, con 100 ejemplares.<\/p>\n\n\n\n<p>En total se sembraron 300 arbolitos de las especies caoba, palo de rosa, encino, coposo y almendro, todos provenientes del vivero municipal.<\/p>\n\n\n\n<p>Esta iniciativa forma parte del proyecto de reconstrucci\u00f3n social que impulsa este Gobierno que Transforma, con el objetivo de fortalecer la conciencia ambiental entre las nuevas generaciones.<\/p>\n\n\n\n<p>Las acciones fueron posibles gracias al trabajo coordinado entre la Direcci\u00f3n de Ecolog\u00eda, Educaci\u00f3n Municipal y la Coordinaci\u00f3n de Medio Ambiente, as\u00ed como a la disposici\u00f3n y colaboraci\u00f3n de directivos, docentes y alumnado, quienes participaron activamente y con entusiasmo en esta jornada.<\/p>\n\n\n\n<p>Con este tipo de actividades, este gobierno municipal reafirma su compromiso con el cuidado del entorno y la construcci\u00f3n de un futuro con m\u00e1s vegetaci\u00f3n y mayor sustentabilidad para todas y todos.<\/p>\n\n\n\n<figure class=\"wp-block-gallery has-nested-images columns-default is-cropped wp-block-gallery-1 is-layout-flex wp-block-gallery-is-layout-flex\">\n<figure class=\"wp-block-image size-large\"><img fetchpriority=\"high\" decoding=\"async\" width=\"933\" height=\"524\" data-id=\"595356\" src=\"https:\/\/www.zunoticia.com\/noticias-de-hidalgo\/wp-content\/uploads\/2025\/06\/Zunoticia-Huejutla-2-27.png\" alt=\"\" class=\"wp-image-595356\"\/><\/figure>\n\n\n\n<figure class=\"wp-block-image size-large\"><img decoding=\"async\" width=\"933\" height=\"524\" data-id=\"595357\" src=\"https:\/\/www.zunoticia.com\/noticias-de-hidalgo\/wp-content\/uploads\/2025\/06\/Zunoticia-Huejutla-1-41.png\" alt=\"\" class=\"wp-image-595357\"\/><\/figure>\n<\/figure>\n","protected":false},"excerpt":{"rendered":"<p>Por Redacci\u00f3n\/Zunoticia Huejutla, Hgo.- En el marco del D\u00eda Mundial del Medio Ambiente, la ma\u00f1ana del jueves 5 de junio se llev\u00f3 a cabo una significativa jornada de reforestaci\u00f3n en la Escuela Primaria &#8220;Galaci\u00f3n G\u00f3mez&#8221; de Tehuetl\u00e1n, donde se plantaron 200 \u00e1rboles, y en la Escuela Secundaria T\u00e9cnica No. 36 de la localidad de Ixcatl\u00e1n,&hellip; <a class=\"more-link\" href=\"https:\/\/www.zunoticia.com\/noticias-de-hidalgo\/2025\/06\/06\/gobierno-de-huejutla-reforesta-escuelas-de-tehuetlan-e-ixcatlan\/\">Seguir leyendo <span class=\"screen-reader-text\">Gobierno de Huejutla reforesta escuelas de Tehuetl\u00e1n e Ixcatl\u00e1n<\/span><\/a><\/p>\n","protected":false},"author":20,"featured_media":595355,"comment_status":"open","ping_status":"open","sticky":false,"template":"","format":"standard","meta":{"rop_custom_images_group":[],"rop_custom_messages_group":[],"rop_publish_now":"initial","rop_publish_now_accounts":{"facebook_10159540855086992_322828327761733":""},"rop_publish_now_history":[],"rop_publish_now_status":"pending","footnotes":""},"categories":[181],"tags":[121],"class_list":["post-595354","post","type-post","status-publish","format-standard","has-post-thumbnail","hentry","category-huejutla","tag-huejutla","entry"],"_links":{"self":[{"href":"https:\/\/www.zunoticia.com\/noticias-de-hidalgo\/wp-json\/wp\/v2\/posts\/595354","targetHints":{"allow":["GET"]}}],"collection":[{"href":"https:\/\/www.zunoticia.com\/noticias-de-hidalgo\/wp-json\/wp\/v2\/posts"}],"about":[{"href":"https:\/\/www.zunoticia.com\/noticias-de-hidalgo\/wp-json\/wp\/v2\/types\/post"}],"author":[{"embeddable":true,"href":"https:\/\/www.zunoticia.com\/noticias-de-hidalgo\/wp-json\/wp\/v2\/users\/20"}],"replies":[{"embeddable":true,"href":"https:\/\/www.zunoticia.com\/noticias-de-hidalgo\/wp-json\/wp\/v2\/comments?post=595354"}],"version-history":[{"count":1,"href":"https:\/\/www.zunoticia.com\/noticias-de-hidalgo\/wp-json\/wp\/v2\/posts\/595354\/revisions"}],"predecessor-version":[{"id":595358,"href":"https:\/\/www.zunoticia.com\/noticias-de-hidalgo\/wp-json\/wp\/v2\/posts\/595354\/revisions\/595358"}],"wp:featuredmedia":[{"embeddable":true,"href":"https:\/\/www.zunoticia.com\/noticias-de-hidalgo\/wp-json\/wp\/v2\/media\/595355"}],"wp:attachment":[{"href":"https:\/\/www.zunoticia.com\/noticias-de-hidalgo\/wp-json\/wp\/v2\/media?parent=595354"}],"wp:term":[{"taxonomy":"category","embeddable":true,"href":"https:\/\/www.zunoticia.com\/noticias-de-hidalgo\/wp-json\/wp\/v2\/categories?post=595354"},{"taxonomy":"post_tag","embeddable":true,"href":"https:\/\/www.zunoticia.com\/noticias-de-hidalgo\/wp-json\/wp\/v2\/tags?post=595354"}],"curies":[{"name":"wp","href":"https:\/\/api.w.org\/{rel}","templated":true}]}}