{"id":595470,"date":"2025-06-07T09:55:30","date_gmt":"2025-06-07T15:55:30","guid":{"rendered":"https:\/\/www.zunoticia.com\/noticias-de-hidalgo\/?p=595470"},"modified":"2025-06-07T09:59:37","modified_gmt":"2025-06-07T15:59:37","slug":"capacita-bomberos-de-huejutla-a-alumnos-y-maestros-del-cecytev","status":"publish","type":"post","link":"https:\/\/www.zunoticia.com\/noticias-de-hidalgo\/2025\/06\/07\/capacita-bomberos-de-huejutla-a-alumnos-y-maestros-del-cecytev\/","title":{"rendered":"Capacita Bomberos de Huejutla a alumnos y maestros del CECYTEV"},"content":{"rendered":"<aside class=\"mashsb-container mashsb-main mashsb-stretched\"><div class=\"mashsb-box\"><div class=\"mashsb-count mash-large\" style=\"float:left\"><div class=\"counts mashsbcount\">0<\/div><span class=\"mashsb-sharetext\">SHARES<\/span><\/div><div class=\"mashsb-buttons\"><a class=\"mashicon-facebook mash-large mash-center mashsb-noshadow\" href=\"https:\/\/www.facebook.com\/sharer.php?u=https%3A%2F%2Fwww.zunoticia.com%2Fnoticias-de-hidalgo%2F2025%2F06%2F07%2Fcapacita-bomberos-de-huejutla-a-alumnos-y-maestros-del-cecytev%2F\" target=\"_top\" rel=\"nofollow\"><span class=\"icon\"><\/span><span class=\"text\">Share<\/span><\/a><a class=\"mashicon-twitter mash-large mash-center mashsb-noshadow\" href=\"https:\/\/twitter.com\/intent\/tweet?text=&amp;url=https:\/\/www.zunoticia.com\/noticias-de-hidalgo\/2025\/06\/07\/capacita-bomberos-de-huejutla-a-alumnos-y-maestros-del-cecytev\/\" target=\"_top\" rel=\"nofollow\"><span class=\"icon\"><\/span><span class=\"text\">Tweet<\/span><\/a><div class=\"onoffswitch2 mash-large mashsb-noshadow\" style=\"display:none\"><\/div><\/div>\n            <\/div>\n                <div style=\"clear:both\"><\/div><div class=\"mashsb-toggle-container\"><\/div><\/aside>\n            <!-- Share buttons by mashshare.net - Version: 4.0.47-->\n<p><em>Por Enedino Hern\u00e1ndez Alonso\/Zunoticia<\/em><\/p>\n\n\n\n<p><strong>Huejutla, Hidalgo. &#8211;<\/strong> En el marco de la semana de Protecci\u00f3n Civil en Veracruz, integrantes del Heroico Cuerpo de Bomberos de Huejutla de Reyes brindaron durante este fin de semana una capacitaci\u00f3n dirigida a los alumnos y maestros del CECYTEV Plantel Plat\u00f3n S\u00e1nchez.<\/p>\n\n\n\n<p>El Instructor del Heroico Cuerpo de Bomberos en Huejutla, Carlos Francisco Hidalgo Contreras; explica que la capacitaci\u00f3n fue enfocada en las acciones que se deben de tomar muy en cuenta como son las medidas de prevenci\u00f3n ante todo tipo de situaciones.<\/p>\n\n\n\n<p>Asimismo, expone que la petici\u00f3n de la capacitaci\u00f3n se realiz\u00f3 de una manera oportuna por parte del \u00e1rea de Protecci\u00f3n Civil de Plat\u00f3n S\u00e1nchez, en d\u00f3nde se tiene como alcalde municipal a Guilebaldo Flores.<\/p>\n\n\n\n<figure class=\"wp-block-image size-full\"><img fetchpriority=\"high\" decoding=\"async\" width=\"1280\" height=\"576\" src=\"https:\/\/www.zunoticia.com\/noticias-de-hidalgo\/wp-content\/uploads\/2025\/06\/Capacita-Bomberos-de-Huejutla-a-alumnos-2.jpeg\" alt=\"\" class=\"wp-image-595472\"\/><figcaption class=\"wp-element-caption\">Foto Zunoticia: Un promedio de 90 alumnos y maestros del CECYTEV capacita Bomberos de Huejutla en Plat\u00f3n S\u00e1nchez Ver.<\/figcaption><\/figure>\n\n\n\n<p>Un promedio de 90 alumnos y maestros participaron en esta capacitaci\u00f3n, ante la presencia de la directora del CECYTEV, Norma Edith Flores Navarrete.<\/p>\n\n\n\n<p>Los Bomberos de Huejutla abordaron tem\u00e1ticas sobre las medidas preventivas que deben de tomarse muy en cuenta en la instituci\u00f3n, en los hogares, as\u00ed como de los j\u00f3venes que conducen una motocicleta debido a que \u00faltimamente se han registrado constantes accidentes en la regi\u00f3n y sobre todo por la reciente tormenta que se registr\u00f3 en la zona.<\/p>\n\n\n\n<p>Carlos Francisco Hidalgo Contreras, se\u00f1ala que la capacitaci\u00f3n se realiz\u00f3 de manera te\u00f3rica y pr\u00e1ctica; las capacitaciones se brindan en diversas instituciones y grupos que lo requieren, tanto en la Huasteca Hidalguense como en la zona Norte de Veracruz.<\/p>\n\n\n\n<figure class=\"wp-block-image size-full\"><img decoding=\"async\" width=\"1280\" height=\"576\" src=\"https:\/\/www.zunoticia.com\/noticias-de-hidalgo\/wp-content\/uploads\/2025\/06\/Capacita-Bomberos-de-Huejutla-a-alumnos-3.jpeg\" alt=\"\" class=\"wp-image-595473\"\/><figcaption class=\"wp-element-caption\">Foto Zunoticia: Un promedio de 90 alumnos y maestros del CECYTEV capacita Bomberos de Huejutla en Plat\u00f3n S\u00e1nchez Ver.<\/figcaption><\/figure>\n","protected":false},"excerpt":{"rendered":"<p>Por Enedino Hern\u00e1ndez Alonso\/Zunoticia Huejutla, Hidalgo. &#8211; En el marco de la semana de Protecci\u00f3n Civil en Veracruz, integrantes del Heroico Cuerpo de Bomberos de Huejutla de Reyes brindaron durante este fin de semana una capacitaci\u00f3n dirigida a los alumnos y maestros del CECYTEV Plantel Plat\u00f3n S\u00e1nchez. El Instructor del Heroico Cuerpo de Bomberos en&hellip; <a class=\"more-link\" href=\"https:\/\/www.zunoticia.com\/noticias-de-hidalgo\/2025\/06\/07\/capacita-bomberos-de-huejutla-a-alumnos-y-maestros-del-cecytev\/\">Seguir leyendo <span class=\"screen-reader-text\">Capacita Bomberos de Huejutla a alumnos y maestros del CECYTEV<\/span><\/a><\/p>\n","protected":false},"author":23,"featured_media":595471,"comment_status":"open","ping_status":"open","sticky":false,"template":"","format":"standard","meta":{"rop_custom_images_group":[],"rop_custom_messages_group":[],"rop_publish_now":"initial","rop_publish_now_accounts":{"facebook_10159540855086992_322828327761733":""},"rop_publish_now_history":[],"rop_publish_now_status":"pending","footnotes":""},"categories":[181],"tags":[121],"class_list":["post-595470","post","type-post","status-publish","format-standard","has-post-thumbnail","hentry","category-huejutla","tag-huejutla","entry"],"_links":{"self":[{"href":"https:\/\/www.zunoticia.com\/noticias-de-hidalgo\/wp-json\/wp\/v2\/posts\/595470","targetHints":{"allow":["GET"]}}],"collection":[{"href":"https:\/\/www.zunoticia.com\/noticias-de-hidalgo\/wp-json\/wp\/v2\/posts"}],"about":[{"href":"https:\/\/www.zunoticia.com\/noticias-de-hidalgo\/wp-json\/wp\/v2\/types\/post"}],"author":[{"embeddable":true,"href":"https:\/\/www.zunoticia.com\/noticias-de-hidalgo\/wp-json\/wp\/v2\/users\/23"}],"replies":[{"embeddable":true,"href":"https:\/\/www.zunoticia.com\/noticias-de-hidalgo\/wp-json\/wp\/v2\/comments?post=595470"}],"version-history":[{"count":2,"href":"https:\/\/www.zunoticia.com\/noticias-de-hidalgo\/wp-json\/wp\/v2\/posts\/595470\/revisions"}],"predecessor-version":[{"id":595475,"href":"https:\/\/www.zunoticia.com\/noticias-de-hidalgo\/wp-json\/wp\/v2\/posts\/595470\/revisions\/595475"}],"wp:featuredmedia":[{"embeddable":true,"href":"https:\/\/www.zunoticia.com\/noticias-de-hidalgo\/wp-json\/wp\/v2\/media\/595471"}],"wp:attachment":[{"href":"https:\/\/www.zunoticia.com\/noticias-de-hidalgo\/wp-json\/wp\/v2\/media?parent=595470"}],"wp:term":[{"taxonomy":"category","embeddable":true,"href":"https:\/\/www.zunoticia.com\/noticias-de-hidalgo\/wp-json\/wp\/v2\/categories?post=595470"},{"taxonomy":"post_tag","embeddable":true,"href":"https:\/\/www.zunoticia.com\/noticias-de-hidalgo\/wp-json\/wp\/v2\/tags?post=595470"}],"curies":[{"name":"wp","href":"https:\/\/api.w.org\/{rel}","templated":true}]}}