{"id":595487,"date":"2025-06-07T14:02:22","date_gmt":"2025-06-07T20:02:22","guid":{"rendered":"https:\/\/www.zunoticia.com\/noticias-de-hidalgo\/?p=595487"},"modified":"2025-06-07T14:02:25","modified_gmt":"2025-06-07T20:02:25","slug":"develaran-placa-por-40-anos-de-la-generacion-82-85-de-la-esfhar","status":"publish","type":"post","link":"https:\/\/www.zunoticia.com\/noticias-de-hidalgo\/2025\/06\/07\/develaran-placa-por-40-anos-de-la-generacion-82-85-de-la-esfhar\/","title":{"rendered":"Develar\u00e1n placa por 40 A\u00f1os de la Generaci\u00f3n 82-85 de la ESFHAR"},"content":{"rendered":"<aside class=\"mashsb-container mashsb-main mashsb-stretched\"><div class=\"mashsb-box\"><div class=\"mashsb-count mash-large\" style=\"float:left\"><div class=\"counts mashsbcount\">0<\/div><span class=\"mashsb-sharetext\">SHARES<\/span><\/div><div class=\"mashsb-buttons\"><a class=\"mashicon-facebook mash-large mash-center mashsb-noshadow\" href=\"https:\/\/www.facebook.com\/sharer.php?u=https%3A%2F%2Fwww.zunoticia.com%2Fnoticias-de-hidalgo%2F2025%2F06%2F07%2Fdevelaran-placa-por-40-anos-de-la-generacion-82-85-de-la-esfhar%2F\" target=\"_top\" rel=\"nofollow\"><span class=\"icon\"><\/span><span class=\"text\">Share<\/span><\/a><a class=\"mashicon-twitter mash-large mash-center mashsb-noshadow\" href=\"https:\/\/twitter.com\/intent\/tweet?text=&amp;url=https:\/\/www.zunoticia.com\/noticias-de-hidalgo\/2025\/06\/07\/develaran-placa-por-40-anos-de-la-generacion-82-85-de-la-esfhar\/\" target=\"_top\" rel=\"nofollow\"><span class=\"icon\"><\/span><span class=\"text\">Tweet<\/span><\/a><div class=\"onoffswitch2 mash-large mashsb-noshadow\" style=\"display:none\"><\/div><\/div>\n            <\/div>\n                <div style=\"clear:both\"><\/div><div class=\"mashsb-toggle-container\"><\/div><\/aside>\n            <!-- Share buttons by mashshare.net - Version: 4.0.47-->\n<p><em>Por Enedino Hern\u00e1ndez \/Zunoticia<\/em><\/p>\n\n\n\n<p><strong>Huejutla, Hgo<\/strong>.- La Generaci\u00f3n 82-85 de la Escuela Secundaria Federal H\u00e9roe Antonio Reyes (ESFHAR) actualmente ESGHAR, lleva a cabo los preparativos para celebrar 40 a\u00f1os de haber egresado de las aulas de esta instituci\u00f3n educativa.<\/p>\n\n\n\n<p>Integrantes del grupo organizador, compuesto por varios exalumnos y destacados ciudadanos, han organizado una serie de actividades para conmemorar esta fecha tan especial.<\/p>\n\n\n\n<p>Por este motivo, al mediod\u00eda de este s\u00e1bado 14 de junio se realizar\u00eda la develaci\u00f3n de una placa con los nombres de los estudiantes que formaron parte del turno matutino, como un homenaje a la generaci\u00f3n y a los a\u00f1os que pasaron juntos en la Escuela Secundaria Federal H\u00e9roe Antonio Reyes, una de las instituciones educativas con mayor prestigio en la huasteca, no solo de Hidalgo sino tambi\u00e9n de San Luis Potos\u00ed y Veracruz.<\/p>\n\n\n\n<p>Adem\u00e1s, se ha programado una convivencia en la que se espera contar con la presencia de algunos de los maestros que formaron parte de la vida acad\u00e9mica de esta generaci\u00f3n, actividades que se realizar\u00edan en la Escuela Secundaria General H\u00e9roe Antonio Reyes (ESGHAR), en Huejutla.<\/p>\n\n\n\n<p>Los organizadores hicieron extensiva la invitaci\u00f3n a los miembros de la Generaci\u00f3n 82-85 a unirse a esta celebraci\u00f3n para compartir recuerdos y experiencias de aquellos a\u00f1os.<\/p>\n\n\n\n<figure class=\"wp-block-gallery has-nested-images columns-default is-cropped wp-block-gallery-1 is-layout-flex wp-block-gallery-is-layout-flex\">\n<figure class=\"wp-block-image size-full\"><img fetchpriority=\"high\" decoding=\"async\" width=\"933\" height=\"524\" data-id=\"595489\" src=\"https:\/\/www.zunoticia.com\/noticias-de-hidalgo\/wp-content\/uploads\/2025\/06\/Zunoticia-Huejutla-1-51.png\" alt=\"\" class=\"wp-image-595489\"\/><\/figure>\n<\/figure>\n","protected":false},"excerpt":{"rendered":"<p>Por Enedino Hern\u00e1ndez \/Zunoticia Huejutla, Hgo.- La Generaci\u00f3n 82-85 de la Escuela Secundaria Federal H\u00e9roe Antonio Reyes (ESFHAR) actualmente ESGHAR, lleva a cabo los preparativos para celebrar 40 a\u00f1os de haber egresado de las aulas de esta instituci\u00f3n educativa. Integrantes del grupo organizador, compuesto por varios exalumnos y destacados ciudadanos, han organizado una serie de&hellip; <a class=\"more-link\" href=\"https:\/\/www.zunoticia.com\/noticias-de-hidalgo\/2025\/06\/07\/develaran-placa-por-40-anos-de-la-generacion-82-85-de-la-esfhar\/\">Seguir leyendo <span class=\"screen-reader-text\">Develar\u00e1n placa por 40 A\u00f1os de la Generaci\u00f3n 82-85 de la ESFHAR<\/span><\/a><\/p>\n","protected":false},"author":20,"featured_media":595488,"comment_status":"open","ping_status":"open","sticky":false,"template":"","format":"standard","meta":{"rop_custom_images_group":[],"rop_custom_messages_group":[],"rop_publish_now":"initial","rop_publish_now_accounts":{"facebook_10159540855086992_322828327761733":""},"rop_publish_now_history":[],"rop_publish_now_status":"pending","footnotes":""},"categories":[181],"tags":[121],"class_list":["post-595487","post","type-post","status-publish","format-standard","has-post-thumbnail","hentry","category-huejutla","tag-huejutla","entry"],"_links":{"self":[{"href":"https:\/\/www.zunoticia.com\/noticias-de-hidalgo\/wp-json\/wp\/v2\/posts\/595487","targetHints":{"allow":["GET"]}}],"collection":[{"href":"https:\/\/www.zunoticia.com\/noticias-de-hidalgo\/wp-json\/wp\/v2\/posts"}],"about":[{"href":"https:\/\/www.zunoticia.com\/noticias-de-hidalgo\/wp-json\/wp\/v2\/types\/post"}],"author":[{"embeddable":true,"href":"https:\/\/www.zunoticia.com\/noticias-de-hidalgo\/wp-json\/wp\/v2\/users\/20"}],"replies":[{"embeddable":true,"href":"https:\/\/www.zunoticia.com\/noticias-de-hidalgo\/wp-json\/wp\/v2\/comments?post=595487"}],"version-history":[{"count":1,"href":"https:\/\/www.zunoticia.com\/noticias-de-hidalgo\/wp-json\/wp\/v2\/posts\/595487\/revisions"}],"predecessor-version":[{"id":595490,"href":"https:\/\/www.zunoticia.com\/noticias-de-hidalgo\/wp-json\/wp\/v2\/posts\/595487\/revisions\/595490"}],"wp:featuredmedia":[{"embeddable":true,"href":"https:\/\/www.zunoticia.com\/noticias-de-hidalgo\/wp-json\/wp\/v2\/media\/595488"}],"wp:attachment":[{"href":"https:\/\/www.zunoticia.com\/noticias-de-hidalgo\/wp-json\/wp\/v2\/media?parent=595487"}],"wp:term":[{"taxonomy":"category","embeddable":true,"href":"https:\/\/www.zunoticia.com\/noticias-de-hidalgo\/wp-json\/wp\/v2\/categories?post=595487"},{"taxonomy":"post_tag","embeddable":true,"href":"https:\/\/www.zunoticia.com\/noticias-de-hidalgo\/wp-json\/wp\/v2\/tags?post=595487"}],"curies":[{"name":"wp","href":"https:\/\/api.w.org\/{rel}","templated":true}]}}