{"id":595495,"date":"2025-06-07T14:49:57","date_gmt":"2025-06-07T20:49:57","guid":{"rendered":"https:\/\/www.zunoticia.com\/noticias-de-hidalgo\/?p=595495"},"modified":"2025-06-07T14:50:00","modified_gmt":"2025-06-07T20:50:00","slug":"utvm-establece-convenio-de-colaboracion-con-el-municipio-de-ajacuba","status":"publish","type":"post","link":"https:\/\/www.zunoticia.com\/noticias-de-hidalgo\/2025\/06\/07\/utvm-establece-convenio-de-colaboracion-con-el-municipio-de-ajacuba\/","title":{"rendered":"UTVM establece convenio de colaboraci\u00f3n con el municipio de Ajacuba"},"content":{"rendered":"<aside class=\"mashsb-container mashsb-main mashsb-stretched\"><div class=\"mashsb-box\"><div class=\"mashsb-count mash-large\" style=\"float:left\"><div class=\"counts mashsbcount\">0<\/div><span class=\"mashsb-sharetext\">SHARES<\/span><\/div><div class=\"mashsb-buttons\"><a class=\"mashicon-facebook mash-large mash-center mashsb-noshadow\" href=\"https:\/\/www.facebook.com\/sharer.php?u=https%3A%2F%2Fwww.zunoticia.com%2Fnoticias-de-hidalgo%2F2025%2F06%2F07%2Futvm-establece-convenio-de-colaboracion-con-el-municipio-de-ajacuba%2F\" target=\"_top\" rel=\"nofollow\"><span class=\"icon\"><\/span><span class=\"text\">Share<\/span><\/a><a class=\"mashicon-twitter mash-large mash-center mashsb-noshadow\" href=\"https:\/\/twitter.com\/intent\/tweet?text=&amp;url=https:\/\/www.zunoticia.com\/noticias-de-hidalgo\/2025\/06\/07\/utvm-establece-convenio-de-colaboracion-con-el-municipio-de-ajacuba\/\" target=\"_top\" rel=\"nofollow\"><span class=\"icon\"><\/span><span class=\"text\">Tweet<\/span><\/a><div class=\"onoffswitch2 mash-large mashsb-noshadow\" style=\"display:none\"><\/div><\/div>\n            <\/div>\n                <div style=\"clear:both\"><\/div><div class=\"mashsb-toggle-container\"><\/div><\/aside>\n            <!-- Share buttons by mashshare.net - Version: 4.0.47-->\n<ul class=\"wp-block-list\">\n<li>La alianza busca fortalecer la formaci\u00f3n acad\u00e9mica del estudiantado<\/li>\n<\/ul>\n\n\n\n<p><em>Por Redacci\u00f3n\/Zunoticia<\/em><\/p>\n\n\n\n<p><strong>Pachuca de Soto, Hgo<\/strong>.- La Universidad Tecnol\u00f3gica del Valle del Mezquital (UTVM) y la presidencia municipal de Ajacuba firmaron un convenio de colaboraci\u00f3n con el prop\u00f3sito de establecer proyectos conjuntos que impulsen el desarrollo educativo, social y comunitario de la regi\u00f3n.<\/p>\n\n\n\n<p>El convenio permitir\u00e1 implementar acciones en diversos \u00e1mbitos, como el desarrollo de estancias profesionales, proyectos de investigaci\u00f3n aplicada, programas de capacitaci\u00f3n y asesor\u00eda t\u00e9cnica, adem\u00e1s de actividades culturales y de vinculaci\u00f3n social.<\/p>\n\n\n\n<p>En este acto participaron la presidenta municipal de Ajacuba, Zitlaly Jazm\u00edn Z\u00fa\u00f1iga Pe\u00f1a, y el rector de la UTVM, Leoncio Mara\u00f1\u00f3n Priego, quienes destacaron la importancia de este acuerdo para generar sinergias que fortalezcan la formaci\u00f3n acad\u00e9mica de los estudiantes y respondan a las necesidades del entorno.<\/p>\n\n\n\n<p>Durante su intervenci\u00f3n, el rector de la UTVM subray\u00f3 la relevancia de establecer v\u00ednculos s\u00f3lidos con los gobiernos municipales como una v\u00eda para fortalecer la educaci\u00f3n superior con pertinencia social.<\/p>\n\n\n\n<p>\u201cEste tipo de alianzas son clave para consolidar una educaci\u00f3n integral que trascienda las aulas y que permita a nuestros estudiantes incidir positivamente en sus comunidades\u201d, afirm\u00f3.<\/p>\n\n\n\n<p>Adem\u00e1s, con este convenio dan cumplimiento a las pol\u00edticas p\u00fablicas en materia educativa, impulsadas por el gobernador Julio Menchaca Salazar, a trav\u00e9s de la Secretar\u00eda de Educaci\u00f3n P\u00fablica de Hidalgo (SEPH), encabezada por Natividad Castrej\u00f3n Valdez, que promueven una formaci\u00f3n acad\u00e9mica vinculada con el desarrollo territorial y con visi\u00f3n transformadora.<\/p>\n\n\n\n<figure class=\"wp-block-image size-full\"><img fetchpriority=\"high\" decoding=\"async\" width=\"933\" height=\"524\" src=\"https:\/\/www.zunoticia.com\/noticias-de-hidalgo\/wp-content\/uploads\/2025\/06\/Zunoticia-Huejutla-1-53.png\" alt=\"\" class=\"wp-image-595497\"\/><\/figure>\n","protected":false},"excerpt":{"rendered":"<p>Por Redacci\u00f3n\/Zunoticia Pachuca de Soto, Hgo.- La Universidad Tecnol\u00f3gica del Valle del Mezquital (UTVM) y la presidencia municipal de Ajacuba firmaron un convenio de colaboraci\u00f3n con el prop\u00f3sito de establecer proyectos conjuntos que impulsen el desarrollo educativo, social y comunitario de la regi\u00f3n. El convenio permitir\u00e1 implementar acciones en diversos \u00e1mbitos, como el desarrollo de&hellip; <a class=\"more-link\" href=\"https:\/\/www.zunoticia.com\/noticias-de-hidalgo\/2025\/06\/07\/utvm-establece-convenio-de-colaboracion-con-el-municipio-de-ajacuba\/\">Seguir leyendo <span class=\"screen-reader-text\">UTVM establece convenio de colaboraci\u00f3n con el municipio de Ajacuba<\/span><\/a><\/p>\n","protected":false},"author":20,"featured_media":595496,"comment_status":"open","ping_status":"open","sticky":false,"template":"","format":"standard","meta":{"rop_custom_images_group":[],"rop_custom_messages_group":[],"rop_publish_now":"initial","rop_publish_now_accounts":{"facebook_10159540855086992_322828327761733":""},"rop_publish_now_history":[],"rop_publish_now_status":"pending","footnotes":""},"categories":[208],"tags":[214],"class_list":["post-595495","post","type-post","status-publish","format-standard","has-post-thumbnail","hentry","category-estado","tag-estado","entry"],"_links":{"self":[{"href":"https:\/\/www.zunoticia.com\/noticias-de-hidalgo\/wp-json\/wp\/v2\/posts\/595495","targetHints":{"allow":["GET"]}}],"collection":[{"href":"https:\/\/www.zunoticia.com\/noticias-de-hidalgo\/wp-json\/wp\/v2\/posts"}],"about":[{"href":"https:\/\/www.zunoticia.com\/noticias-de-hidalgo\/wp-json\/wp\/v2\/types\/post"}],"author":[{"embeddable":true,"href":"https:\/\/www.zunoticia.com\/noticias-de-hidalgo\/wp-json\/wp\/v2\/users\/20"}],"replies":[{"embeddable":true,"href":"https:\/\/www.zunoticia.com\/noticias-de-hidalgo\/wp-json\/wp\/v2\/comments?post=595495"}],"version-history":[{"count":2,"href":"https:\/\/www.zunoticia.com\/noticias-de-hidalgo\/wp-json\/wp\/v2\/posts\/595495\/revisions"}],"predecessor-version":[{"id":595499,"href":"https:\/\/www.zunoticia.com\/noticias-de-hidalgo\/wp-json\/wp\/v2\/posts\/595495\/revisions\/595499"}],"wp:featuredmedia":[{"embeddable":true,"href":"https:\/\/www.zunoticia.com\/noticias-de-hidalgo\/wp-json\/wp\/v2\/media\/595496"}],"wp:attachment":[{"href":"https:\/\/www.zunoticia.com\/noticias-de-hidalgo\/wp-json\/wp\/v2\/media?parent=595495"}],"wp:term":[{"taxonomy":"category","embeddable":true,"href":"https:\/\/www.zunoticia.com\/noticias-de-hidalgo\/wp-json\/wp\/v2\/categories?post=595495"},{"taxonomy":"post_tag","embeddable":true,"href":"https:\/\/www.zunoticia.com\/noticias-de-hidalgo\/wp-json\/wp\/v2\/tags?post=595495"}],"curies":[{"name":"wp","href":"https:\/\/api.w.org\/{rel}","templated":true}]}}