{"id":595500,"date":"2025-06-07T20:34:56","date_gmt":"2025-06-08T02:34:56","guid":{"rendered":"https:\/\/www.zunoticia.com\/noticias-de-hidalgo\/?p=595500"},"modified":"2025-06-07T20:34:58","modified_gmt":"2025-06-08T02:34:58","slug":"fallecio-excandidato-y-luchador-social-juan-bautista","status":"publish","type":"post","link":"https:\/\/www.zunoticia.com\/noticias-de-hidalgo\/2025\/06\/07\/fallecio-excandidato-y-luchador-social-juan-bautista\/","title":{"rendered":"Falleci\u00f3 excandidato y luchador social Juan Bautista"},"content":{"rendered":"<aside class=\"mashsb-container mashsb-main mashsb-stretched\"><div class=\"mashsb-box\"><div class=\"mashsb-count mash-large\" style=\"float:left\"><div class=\"counts mashsbcount\">0<\/div><span class=\"mashsb-sharetext\">SHARES<\/span><\/div><div class=\"mashsb-buttons\"><a class=\"mashicon-facebook mash-large mash-center mashsb-noshadow\" href=\"https:\/\/www.facebook.com\/sharer.php?u=https%3A%2F%2Fwww.zunoticia.com%2Fnoticias-de-hidalgo%2F2025%2F06%2F07%2Ffallecio-excandidato-y-luchador-social-juan-bautista%2F\" target=\"_top\" rel=\"nofollow\"><span class=\"icon\"><\/span><span class=\"text\">Share<\/span><\/a><a class=\"mashicon-twitter mash-large mash-center mashsb-noshadow\" href=\"https:\/\/twitter.com\/intent\/tweet?text=&amp;url=https:\/\/www.zunoticia.com\/noticias-de-hidalgo\/2025\/06\/07\/fallecio-excandidato-y-luchador-social-juan-bautista\/\" target=\"_top\" rel=\"nofollow\"><span class=\"icon\"><\/span><span class=\"text\">Tweet<\/span><\/a><div class=\"onoffswitch2 mash-large mashsb-noshadow\" style=\"display:none\"><\/div><\/div>\n            <\/div>\n                <div style=\"clear:both\"><\/div><div class=\"mashsb-toggle-container\"><\/div><\/aside>\n            <!-- Share buttons by mashshare.net - Version: 4.0.47-->\n<p><em>Por Roberto Ram\u00edrez \/Zunoticia<\/em><\/p>\n\n\n\n<p><strong>Huejutla, Hgo<\/strong>. &#8211; Este s\u00e1bado falleci\u00f3 el excandidato a la presidencia municipal de Atlapexco y luchador social de la huasteca Juan Bautista Hern\u00e1ndez, amigos, actores pol\u00edticos, compa\u00f1eros y la sociedad lamentan tan irreparable p\u00e9rdida.<\/p>\n\n\n\n<p>Bautista Hern\u00e1ndez, fue un gran luchador social destacado de los movimientos sociales de campesinos, colonos, estudiantiles y magisteriales, por la transformaci\u00f3n de la sociedad. Fue candidato a la municipal por el Partido de la Revoluci\u00f3n Democr\u00e1tica y posteriormente fue regidor en el municipio de Atlapexco.<\/p>\n\n\n\n<p>Fue la tarde de este s\u00e1bado, cuando sus amigos y conocidos confirmaron del deceso del docente, quien es originario del municipio de Calnali, radic\u00f3 y trabaj\u00f3 por muchos a\u00f1os en la localidad de Cochotla, del municipio de Atlapexco; form\u00f3 parte de la lucha en la CNTE hasta sus \u00faltimos d\u00edas.<\/p>\n","protected":false},"excerpt":{"rendered":"<p>Por Roberto Ram\u00edrez \/Zunoticia Huejutla, Hgo. &#8211; Este s\u00e1bado falleci\u00f3 el excandidato a la presidencia municipal de Atlapexco y luchador social de la huasteca Juan Bautista Hern\u00e1ndez, amigos, actores pol\u00edticos, compa\u00f1eros y la sociedad lamentan tan irreparable p\u00e9rdida. Bautista Hern\u00e1ndez, fue un gran luchador social destacado de los movimientos sociales de campesinos, colonos, estudiantiles y&hellip; <a class=\"more-link\" href=\"https:\/\/www.zunoticia.com\/noticias-de-hidalgo\/2025\/06\/07\/fallecio-excandidato-y-luchador-social-juan-bautista\/\">Seguir leyendo <span class=\"screen-reader-text\">Falleci\u00f3 excandidato y luchador social Juan Bautista<\/span><\/a><\/p>\n","protected":false},"author":20,"featured_media":595501,"comment_status":"open","ping_status":"open","sticky":false,"template":"","format":"standard","meta":{"rop_custom_images_group":[],"rop_custom_messages_group":[],"rop_publish_now":"initial","rop_publish_now_accounts":{"facebook_10159540855086992_322828327761733":""},"rop_publish_now_history":[],"rop_publish_now_status":"pending","footnotes":""},"categories":[178],"tags":[259],"class_list":["post-595500","post","type-post","status-publish","format-standard","has-post-thumbnail","hentry","category-policiaca","tag-policiaca","entry"],"_links":{"self":[{"href":"https:\/\/www.zunoticia.com\/noticias-de-hidalgo\/wp-json\/wp\/v2\/posts\/595500","targetHints":{"allow":["GET"]}}],"collection":[{"href":"https:\/\/www.zunoticia.com\/noticias-de-hidalgo\/wp-json\/wp\/v2\/posts"}],"about":[{"href":"https:\/\/www.zunoticia.com\/noticias-de-hidalgo\/wp-json\/wp\/v2\/types\/post"}],"author":[{"embeddable":true,"href":"https:\/\/www.zunoticia.com\/noticias-de-hidalgo\/wp-json\/wp\/v2\/users\/20"}],"replies":[{"embeddable":true,"href":"https:\/\/www.zunoticia.com\/noticias-de-hidalgo\/wp-json\/wp\/v2\/comments?post=595500"}],"version-history":[{"count":1,"href":"https:\/\/www.zunoticia.com\/noticias-de-hidalgo\/wp-json\/wp\/v2\/posts\/595500\/revisions"}],"predecessor-version":[{"id":595502,"href":"https:\/\/www.zunoticia.com\/noticias-de-hidalgo\/wp-json\/wp\/v2\/posts\/595500\/revisions\/595502"}],"wp:featuredmedia":[{"embeddable":true,"href":"https:\/\/www.zunoticia.com\/noticias-de-hidalgo\/wp-json\/wp\/v2\/media\/595501"}],"wp:attachment":[{"href":"https:\/\/www.zunoticia.com\/noticias-de-hidalgo\/wp-json\/wp\/v2\/media?parent=595500"}],"wp:term":[{"taxonomy":"category","embeddable":true,"href":"https:\/\/www.zunoticia.com\/noticias-de-hidalgo\/wp-json\/wp\/v2\/categories?post=595500"},{"taxonomy":"post_tag","embeddable":true,"href":"https:\/\/www.zunoticia.com\/noticias-de-hidalgo\/wp-json\/wp\/v2\/tags?post=595500"}],"curies":[{"name":"wp","href":"https:\/\/api.w.org\/{rel}","templated":true}]}}