{"id":595519,"date":"2025-06-07T20:51:35","date_gmt":"2025-06-08T02:51:35","guid":{"rendered":"https:\/\/www.zunoticia.com\/noticias-de-hidalgo\/?p=595519"},"modified":"2025-06-07T20:51:36","modified_gmt":"2025-06-08T02:51:36","slug":"el-gabinete-de-seguridad-informo-la-localizacion-de-dos-menores-de-edad","status":"publish","type":"post","link":"https:\/\/www.zunoticia.com\/noticias-de-hidalgo\/2025\/06\/07\/el-gabinete-de-seguridad-informo-la-localizacion-de-dos-menores-de-edad\/","title":{"rendered":"El Gabinete de Seguridad inform\u00f3 la localizaci\u00f3n de dos menores de edad"},"content":{"rendered":"<aside class=\"mashsb-container mashsb-main mashsb-stretched\"><div class=\"mashsb-box\"><div class=\"mashsb-count mash-large\" style=\"float:left\"><div class=\"counts mashsbcount\">0<\/div><span class=\"mashsb-sharetext\">SHARES<\/span><\/div><div class=\"mashsb-buttons\"><a class=\"mashicon-facebook mash-large mash-center mashsb-noshadow\" href=\"https:\/\/www.facebook.com\/sharer.php?u=https%3A%2F%2Fwww.zunoticia.com%2Fnoticias-de-hidalgo%2F2025%2F06%2F07%2Fel-gabinete-de-seguridad-informo-la-localizacion-de-dos-menores-de-edad%2F\" target=\"_top\" rel=\"nofollow\"><span class=\"icon\"><\/span><span class=\"text\">Share<\/span><\/a><a class=\"mashicon-twitter mash-large mash-center mashsb-noshadow\" href=\"https:\/\/twitter.com\/intent\/tweet?text=&amp;url=https:\/\/www.zunoticia.com\/noticias-de-hidalgo\/2025\/06\/07\/el-gabinete-de-seguridad-informo-la-localizacion-de-dos-menores-de-edad\/\" target=\"_top\" rel=\"nofollow\"><span class=\"icon\"><\/span><span class=\"text\">Tweet<\/span><\/a><div class=\"onoffswitch2 mash-large mashsb-noshadow\" style=\"display:none\"><\/div><\/div>\n            <\/div>\n                <div style=\"clear:both\"><\/div><div class=\"mashsb-toggle-container\"><\/div><\/aside>\n            <!-- Share buttons by mashshare.net - Version: 4.0.47-->\n<ul class=\"wp-block-list\">\n<li>Ambos se encuentran en buen estado de salud y ser\u00e1n trasladados al Estado de\u00a0Hidalgo<\/li>\n<\/ul>\n\n\n\n<p><em>Por Redacci\u00f3n\/Zunoticia<\/em><\/p>\n\n\n\n<p><strong>Pachuca de Soto, Hgo<\/strong>.- El Gabinete de Seguridad del Estado de Hidalgo inform\u00f3 sobre la localizaci\u00f3n de dos menores de edad, identificados con las iniciales A.F.H. y L.A.B.M., quienes fueron ubicados en la ciudad de Puebla.<\/p>\n\n\n\n<p>Su hallazgo fue posible gracias a la coordinaci\u00f3n entre la Secretar\u00eda de Gobierno, la Secretar\u00eda de Seguridad P\u00fablica, la Fiscal\u00eda de Personas Desaparecidas y la Comisi\u00f3n de B\u00fasqueda de Personas del Estado de Hidalgo, en colaboraci\u00f3n con la Secretar\u00eda de Gobierno, la Fiscal\u00eda del Estado y la Comisi\u00f3n de B\u00fasqueda de Personas del Estado de Puebla. Estas instancias se apoyaron en la activaci\u00f3n de la Alerta Amber, un mecanismo clave en este tipo de casos.<\/p>\n\n\n\n<p>Durante la rueda de prensa encabezada por el secretario de Gobierno, Guillermo Olivares Reyna, se destac\u00f3 que ambos menores se encuentran en buen estado de salud y que ya se han iniciado los tr\u00e1mites correspondientes para su traslado al estado de Hidalgo.<\/p>\n\n\n\n<p>Por su parte, Israel Zaragoza Rico, subsecretario del C5i, inform\u00f3 que, a trav\u00e9s del monitoreo de c\u00e1maras de vigilancia, se pudo apreciar, en im\u00e1genes, que los menores, por la forma en que se saludaron al reencontrarse, partieron de com\u00fan acuerdo.<\/p>\n\n\n\n<figure class=\"wp-block-image size-full\"><img fetchpriority=\"high\" decoding=\"async\" width=\"933\" height=\"524\" src=\"https:\/\/www.zunoticia.com\/noticias-de-hidalgo\/wp-content\/uploads\/2025\/06\/Zunoticia-Huejutla-2-33.png\" alt=\"\" class=\"wp-image-595521\"\/><\/figure>\n","protected":false},"excerpt":{"rendered":"<p>Por Redacci\u00f3n\/Zunoticia Pachuca de Soto, Hgo.- El Gabinete de Seguridad del Estado de Hidalgo inform\u00f3 sobre la localizaci\u00f3n de dos menores de edad, identificados con las iniciales A.F.H. y L.A.B.M., quienes fueron ubicados en la ciudad de Puebla. Su hallazgo fue posible gracias a la coordinaci\u00f3n entre la Secretar\u00eda de Gobierno, la Secretar\u00eda de Seguridad&hellip; <a class=\"more-link\" href=\"https:\/\/www.zunoticia.com\/noticias-de-hidalgo\/2025\/06\/07\/el-gabinete-de-seguridad-informo-la-localizacion-de-dos-menores-de-edad\/\">Seguir leyendo <span class=\"screen-reader-text\">El Gabinete de Seguridad inform\u00f3 la localizaci\u00f3n de dos menores de edad<\/span><\/a><\/p>\n","protected":false},"author":20,"featured_media":595520,"comment_status":"open","ping_status":"open","sticky":false,"template":"","format":"standard","meta":{"rop_custom_images_group":[],"rop_custom_messages_group":[],"rop_publish_now":"initial","rop_publish_now_accounts":{"facebook_10159540855086992_322828327761733":""},"rop_publish_now_history":[],"rop_publish_now_status":"pending","footnotes":""},"categories":[208],"tags":[214],"class_list":["post-595519","post","type-post","status-publish","format-standard","has-post-thumbnail","hentry","category-estado","tag-estado","entry"],"_links":{"self":[{"href":"https:\/\/www.zunoticia.com\/noticias-de-hidalgo\/wp-json\/wp\/v2\/posts\/595519","targetHints":{"allow":["GET"]}}],"collection":[{"href":"https:\/\/www.zunoticia.com\/noticias-de-hidalgo\/wp-json\/wp\/v2\/posts"}],"about":[{"href":"https:\/\/www.zunoticia.com\/noticias-de-hidalgo\/wp-json\/wp\/v2\/types\/post"}],"author":[{"embeddable":true,"href":"https:\/\/www.zunoticia.com\/noticias-de-hidalgo\/wp-json\/wp\/v2\/users\/20"}],"replies":[{"embeddable":true,"href":"https:\/\/www.zunoticia.com\/noticias-de-hidalgo\/wp-json\/wp\/v2\/comments?post=595519"}],"version-history":[{"count":1,"href":"https:\/\/www.zunoticia.com\/noticias-de-hidalgo\/wp-json\/wp\/v2\/posts\/595519\/revisions"}],"predecessor-version":[{"id":595522,"href":"https:\/\/www.zunoticia.com\/noticias-de-hidalgo\/wp-json\/wp\/v2\/posts\/595519\/revisions\/595522"}],"wp:featuredmedia":[{"embeddable":true,"href":"https:\/\/www.zunoticia.com\/noticias-de-hidalgo\/wp-json\/wp\/v2\/media\/595520"}],"wp:attachment":[{"href":"https:\/\/www.zunoticia.com\/noticias-de-hidalgo\/wp-json\/wp\/v2\/media?parent=595519"}],"wp:term":[{"taxonomy":"category","embeddable":true,"href":"https:\/\/www.zunoticia.com\/noticias-de-hidalgo\/wp-json\/wp\/v2\/categories?post=595519"},{"taxonomy":"post_tag","embeddable":true,"href":"https:\/\/www.zunoticia.com\/noticias-de-hidalgo\/wp-json\/wp\/v2\/tags?post=595519"}],"curies":[{"name":"wp","href":"https:\/\/api.w.org\/{rel}","templated":true}]}}