{"id":595525,"date":"2025-06-07T23:12:17","date_gmt":"2025-06-08T05:12:17","guid":{"rendered":"https:\/\/www.zunoticia.com\/noticias-de-hidalgo\/?p=595525"},"modified":"2025-06-07T23:12:19","modified_gmt":"2025-06-08T05:12:19","slug":"celebraciones-comunitarias-no-debencontraponerse-con-los-derechos-humanos","status":"publish","type":"post","link":"https:\/\/www.zunoticia.com\/noticias-de-hidalgo\/2025\/06\/07\/celebraciones-comunitarias-no-debencontraponerse-con-los-derechos-humanos\/","title":{"rendered":"Celebraciones comunitarias no debencontraponerse con los derechos humanos"},"content":{"rendered":"<aside class=\"mashsb-container mashsb-main mashsb-stretched\"><div class=\"mashsb-box\"><div class=\"mashsb-count mash-large\" style=\"float:left\"><div class=\"counts mashsbcount\">0<\/div><span class=\"mashsb-sharetext\">SHARES<\/span><\/div><div class=\"mashsb-buttons\"><a class=\"mashicon-facebook mash-large mash-center mashsb-noshadow\" href=\"https:\/\/www.facebook.com\/sharer.php?u=https%3A%2F%2Fwww.zunoticia.com%2Fnoticias-de-hidalgo%2F2025%2F06%2F07%2Fcelebraciones-comunitarias-no-debencontraponerse-con-los-derechos-humanos%2F\" target=\"_top\" rel=\"nofollow\"><span class=\"icon\"><\/span><span class=\"text\">Share<\/span><\/a><a class=\"mashicon-twitter mash-large mash-center mashsb-noshadow\" href=\"https:\/\/twitter.com\/intent\/tweet?text=&amp;url=https:\/\/www.zunoticia.com\/noticias-de-hidalgo\/2025\/06\/07\/celebraciones-comunitarias-no-debencontraponerse-con-los-derechos-humanos\/\" target=\"_top\" rel=\"nofollow\"><span class=\"icon\"><\/span><span class=\"text\">Tweet<\/span><\/a><div class=\"onoffswitch2 mash-large mashsb-noshadow\" style=\"display:none\"><\/div><\/div>\n            <\/div>\n                <div style=\"clear:both\"><\/div><div class=\"mashsb-toggle-container\"><\/div><\/aside>\n            <!-- Share buttons by mashshare.net - Version: 4.0.47-->\n<ul class=\"wp-block-list\">\n<li>Aclar\u00f3 que ninguna ley o reglamento comunal puede estar por encima de la constituci\u00f3n.<\/li>\n<\/ul>\n\n\n\n<p><em>Por \u00c1ngel Osiris Castillo Garc\u00eda\/Zunoticia<\/em><\/p>\n\n\n\n<p><strong>Yahualica, Hgo.-<\/strong> A fin de refrendar el respeto del Gobierno del Estado de Hidalgo hacia los pueblos originarios y sus usos y costumbres, la direcci\u00f3n de asuntos religiosos as\u00ed como la subsecretar\u00eda de gobierno del estado en la huasteca, ofrecieron una conferencia de prensa en donde tambi\u00e9n resaltaron que debe existir un respeto hacia las instituciones y hacia los derechos humanos de todas las personas, ya que ning\u00fan acuerdo puede estar por encima de esto.<\/p>\n\n\n\n<figure class=\"wp-block-image size-full\"><img fetchpriority=\"high\" decoding=\"async\" width=\"1021\" height=\"530\" src=\"https:\/\/www.zunoticia.com\/noticias-de-hidalgo\/wp-content\/uploads\/2025\/06\/1000278168.jpg\" alt=\"\" class=\"wp-image-595527\"\/><\/figure>\n\n\n\n<p>Lo anterior fue dado a conocer la titular de la dependencia en el estado as\u00ed como el representante en la huasteca de la secretar\u00eda de gobierno, Ignacio Nava Navarrete, en la zona centro de la cabecera municipal, en donde se marc\u00f3 la postura del gobierno del estado hacia los usos y costumbres de las comunidades, refiriendo que siempre ha existido el respeto y el reconocimiento hacia las tradiciones y la voluntad manifestada por los habitantes de las comunidades.<\/p>\n\n\n\n<figure class=\"wp-block-image size-full\"><img decoding=\"async\" width=\"1019\" height=\"529\" src=\"https:\/\/www.zunoticia.com\/noticias-de-hidalgo\/wp-content\/uploads\/2025\/06\/1000278166.jpg\" alt=\"\" class=\"wp-image-595526\"\/><\/figure>\n\n\n\n<p>Sin embargo resalt\u00f3 que esto no se contrapone con la promoci\u00f3n y respeto de los derechos humanos, sobre todo de los sectores m\u00e1s vulnerables como son las ni\u00f1as, adolescentes y mujeres, as\u00ed como personas de la tercera edad, y toda persona que se encuentre en una situaci\u00f3n de desventaja, pero tambi\u00e9n de toda persona.<\/p>\n\n\n\n<p>Ante esto hizo el llamado a las comunidades a que puedan mantener vigentes sus tradiciones as\u00ed como la celebraci\u00f3n de sus festividades, pero sin transgredir el estado de derecho, ya que aclar\u00f3 que ninguna ley o reglamento comunal puede estar por encima de la constituci\u00f3n.<\/p>\n","protected":false},"excerpt":{"rendered":"<p>Por \u00c1ngel Osiris Castillo Garc\u00eda\/Zunoticia Yahualica, Hgo.- A fin de refrendar el respeto del Gobierno del Estado de Hidalgo hacia los pueblos originarios y sus usos y costumbres, la direcci\u00f3n de asuntos religiosos as\u00ed como la subsecretar\u00eda de gobierno del estado en la huasteca, ofrecieron una conferencia de prensa en donde tambi\u00e9n resaltaron que debe&hellip; <a class=\"more-link\" href=\"https:\/\/www.zunoticia.com\/noticias-de-hidalgo\/2025\/06\/07\/celebraciones-comunitarias-no-debencontraponerse-con-los-derechos-humanos\/\">Seguir leyendo <span class=\"screen-reader-text\">Celebraciones comunitarias no debencontraponerse con los derechos humanos<\/span><\/a><\/p>\n","protected":false},"author":22,"featured_media":595528,"comment_status":"open","ping_status":"open","sticky":false,"template":"","format":"standard","meta":{"rop_custom_images_group":[],"rop_custom_messages_group":[],"rop_publish_now":"initial","rop_publish_now_accounts":{"facebook_10159540855086992_322828327761733":""},"rop_publish_now_history":[],"rop_publish_now_status":"pending","footnotes":""},"categories":[203],"tags":[123],"class_list":["post-595525","post","type-post","status-publish","format-standard","has-post-thumbnail","hentry","category-yahualica","tag-yahualica","entry"],"_links":{"self":[{"href":"https:\/\/www.zunoticia.com\/noticias-de-hidalgo\/wp-json\/wp\/v2\/posts\/595525","targetHints":{"allow":["GET"]}}],"collection":[{"href":"https:\/\/www.zunoticia.com\/noticias-de-hidalgo\/wp-json\/wp\/v2\/posts"}],"about":[{"href":"https:\/\/www.zunoticia.com\/noticias-de-hidalgo\/wp-json\/wp\/v2\/types\/post"}],"author":[{"embeddable":true,"href":"https:\/\/www.zunoticia.com\/noticias-de-hidalgo\/wp-json\/wp\/v2\/users\/22"}],"replies":[{"embeddable":true,"href":"https:\/\/www.zunoticia.com\/noticias-de-hidalgo\/wp-json\/wp\/v2\/comments?post=595525"}],"version-history":[{"count":1,"href":"https:\/\/www.zunoticia.com\/noticias-de-hidalgo\/wp-json\/wp\/v2\/posts\/595525\/revisions"}],"predecessor-version":[{"id":595529,"href":"https:\/\/www.zunoticia.com\/noticias-de-hidalgo\/wp-json\/wp\/v2\/posts\/595525\/revisions\/595529"}],"wp:featuredmedia":[{"embeddable":true,"href":"https:\/\/www.zunoticia.com\/noticias-de-hidalgo\/wp-json\/wp\/v2\/media\/595528"}],"wp:attachment":[{"href":"https:\/\/www.zunoticia.com\/noticias-de-hidalgo\/wp-json\/wp\/v2\/media?parent=595525"}],"wp:term":[{"taxonomy":"category","embeddable":true,"href":"https:\/\/www.zunoticia.com\/noticias-de-hidalgo\/wp-json\/wp\/v2\/categories?post=595525"},{"taxonomy":"post_tag","embeddable":true,"href":"https:\/\/www.zunoticia.com\/noticias-de-hidalgo\/wp-json\/wp\/v2\/tags?post=595525"}],"curies":[{"name":"wp","href":"https:\/\/api.w.org\/{rel}","templated":true}]}}