{"id":595730,"date":"2025-06-10T08:00:02","date_gmt":"2025-06-10T14:00:02","guid":{"rendered":"https:\/\/www.zunoticia.com\/noticias-de-hidalgo\/?p=595730"},"modified":"2025-06-10T09:24:43","modified_gmt":"2025-06-10T15:24:43","slug":"vuelven-a-bloquear-la-carretera-en-vinazco","status":"publish","type":"post","link":"https:\/\/www.zunoticia.com\/noticias-de-hidalgo\/2025\/06\/10\/vuelven-a-bloquear-la-carretera-en-vinazco\/","title":{"rendered":"Vuelven a bloquear la carretera en Vinazco"},"content":{"rendered":"<aside class=\"mashsb-container mashsb-main mashsb-stretched\"><div class=\"mashsb-box\"><div class=\"mashsb-count mash-large\" style=\"float:left\"><div class=\"counts mashsbcount\">0<\/div><span class=\"mashsb-sharetext\">SHARES<\/span><\/div><div class=\"mashsb-buttons\"><a class=\"mashicon-facebook mash-large mash-center mashsb-noshadow\" href=\"https:\/\/www.facebook.com\/sharer.php?u=https%3A%2F%2Fwww.zunoticia.com%2Fnoticias-de-hidalgo%2F2025%2F06%2F10%2Fvuelven-a-bloquear-la-carretera-en-vinazco%2F\" target=\"_top\" rel=\"nofollow\"><span class=\"icon\"><\/span><span class=\"text\">Share<\/span><\/a><a class=\"mashicon-twitter mash-large mash-center mashsb-noshadow\" href=\"https:\/\/twitter.com\/intent\/tweet?text=&amp;url=https:\/\/www.zunoticia.com\/noticias-de-hidalgo\/2025\/06\/10\/vuelven-a-bloquear-la-carretera-en-vinazco\/\" target=\"_top\" rel=\"nofollow\"><span class=\"icon\"><\/span><span class=\"text\">Tweet<\/span><\/a><div class=\"onoffswitch2 mash-large mashsb-noshadow\" style=\"display:none\"><\/div><\/div>\n            <\/div>\n                <div style=\"clear:both\"><\/div><div class=\"mashsb-toggle-container\"><\/div><\/aside>\n            <!-- Share buttons by mashshare.net - Version: 4.0.47-->\n<ul class=\"wp-block-list\">\n<li>Por tercera ocasi\u00f3n bloquearon la carretera, en busca de una soluci\u00f3n al problema de una obra h\u00eddrica.<\/li>\n<\/ul>\n\n\n\n<p><em>Por Roberto Ram\u00edrez \/Zunoticia<\/em><\/p>\n\n\n\n<p><strong>Jaltocan, Hgo. &#8211;<\/strong> Al no obtener una respuesta favorable a sus demandas en el conflicto de la obra de ampliaci\u00f3n de red de agua potable, habitantes del Barrio Mirador la ma\u00f1ana de este martes vuelven a bloquear la v\u00eda federal \u00c1lamo-Tamazunchale a la altura de Vinazco y con ello seguir exigiendo que las autoridades intervengan en el conflicto que viven.<\/p>\n\n\n\n<p>Durante la noche del pasado lunes los manifestantes retiraron el bloqueo, pero alrededor de las 5:30 de la ma\u00f1ana de este martes nuevamente bloquearon el paso en esta carretera al no lograr los acuerdos con las autoridades. Piden la intervenci\u00f3n de las autoridades del gobierno del estado para poder contar con el vital l\u00edquido en sus hogares.<\/p>\n\n\n\n<p>Cabe mencionar que durante la tarde del pasado lunes en el lugar llegaron personal de la subsecretaria de gobierno en la Huasteca para llevar una mesa de trabajo, pero no se pudo resolver el problema. Mientras tanto el presidente municipal Guillermo Amador Lara, no ha hecho caso por intervenir en esta situaci\u00f3n.<\/p>\n\n\n\n<p><\/p>\n\n\n\n<p><\/p>\n\n\n\n<p><\/p>\n\n\n\n<p><\/p>\n","protected":false},"excerpt":{"rendered":"<p>Por Roberto Ram\u00edrez \/Zunoticia Jaltocan, Hgo. &#8211; Al no obtener una respuesta favorable a sus demandas en el conflicto de la obra de ampliaci\u00f3n de red de agua potable, habitantes del Barrio Mirador la ma\u00f1ana de este martes vuelven a bloquear la v\u00eda federal \u00c1lamo-Tamazunchale a la altura de Vinazco y con ello seguir exigiendo&hellip; <a class=\"more-link\" href=\"https:\/\/www.zunoticia.com\/noticias-de-hidalgo\/2025\/06\/10\/vuelven-a-bloquear-la-carretera-en-vinazco\/\">Seguir leyendo <span class=\"screen-reader-text\">Vuelven a bloquear la carretera en Vinazco<\/span><\/a><\/p>\n","protected":false},"author":23,"featured_media":595731,"comment_status":"open","ping_status":"open","sticky":false,"template":"","format":"standard","meta":{"rop_custom_images_group":[],"rop_custom_messages_group":[],"rop_publish_now":"initial","rop_publish_now_accounts":{"facebook_10159540855086992_322828327761733":""},"rop_publish_now_history":[],"rop_publish_now_status":"pending","footnotes":""},"categories":[200,178],"tags":[259],"class_list":["post-595730","post","type-post","status-publish","format-standard","has-post-thumbnail","hentry","category-jaltocan","category-policiaca","tag-policiaca","entry"],"_links":{"self":[{"href":"https:\/\/www.zunoticia.com\/noticias-de-hidalgo\/wp-json\/wp\/v2\/posts\/595730","targetHints":{"allow":["GET"]}}],"collection":[{"href":"https:\/\/www.zunoticia.com\/noticias-de-hidalgo\/wp-json\/wp\/v2\/posts"}],"about":[{"href":"https:\/\/www.zunoticia.com\/noticias-de-hidalgo\/wp-json\/wp\/v2\/types\/post"}],"author":[{"embeddable":true,"href":"https:\/\/www.zunoticia.com\/noticias-de-hidalgo\/wp-json\/wp\/v2\/users\/23"}],"replies":[{"embeddable":true,"href":"https:\/\/www.zunoticia.com\/noticias-de-hidalgo\/wp-json\/wp\/v2\/comments?post=595730"}],"version-history":[{"count":3,"href":"https:\/\/www.zunoticia.com\/noticias-de-hidalgo\/wp-json\/wp\/v2\/posts\/595730\/revisions"}],"predecessor-version":[{"id":595735,"href":"https:\/\/www.zunoticia.com\/noticias-de-hidalgo\/wp-json\/wp\/v2\/posts\/595730\/revisions\/595735"}],"wp:featuredmedia":[{"embeddable":true,"href":"https:\/\/www.zunoticia.com\/noticias-de-hidalgo\/wp-json\/wp\/v2\/media\/595731"}],"wp:attachment":[{"href":"https:\/\/www.zunoticia.com\/noticias-de-hidalgo\/wp-json\/wp\/v2\/media?parent=595730"}],"wp:term":[{"taxonomy":"category","embeddable":true,"href":"https:\/\/www.zunoticia.com\/noticias-de-hidalgo\/wp-json\/wp\/v2\/categories?post=595730"},{"taxonomy":"post_tag","embeddable":true,"href":"https:\/\/www.zunoticia.com\/noticias-de-hidalgo\/wp-json\/wp\/v2\/tags?post=595730"}],"curies":[{"name":"wp","href":"https:\/\/api.w.org\/{rel}","templated":true}]}}