{"id":595756,"date":"2025-06-10T14:13:01","date_gmt":"2025-06-10T20:13:01","guid":{"rendered":"https:\/\/www.zunoticia.com\/noticias-de-hidalgo\/?p=595756"},"modified":"2025-06-10T14:13:03","modified_gmt":"2025-06-10T20:13:03","slug":"atendio-subsecretaria-de-gobierno-en-la-huasteca-comision-de-san-pedro-huazalingo","status":"publish","type":"post","link":"https:\/\/www.zunoticia.com\/noticias-de-hidalgo\/2025\/06\/10\/atendio-subsecretaria-de-gobierno-en-la-huasteca-comision-de-san-pedro-huazalingo\/","title":{"rendered":"Atendi\u00f3 Subsecretar\u00eda de Gobierno en la Huasteca comisi\u00f3n de San Pedro, Huazalingo"},"content":{"rendered":"<aside class=\"mashsb-container mashsb-main mashsb-stretched\"><div class=\"mashsb-box\"><div class=\"mashsb-count mash-large\" style=\"float:left\"><div class=\"counts mashsbcount\">0<\/div><span class=\"mashsb-sharetext\">SHARES<\/span><\/div><div class=\"mashsb-buttons\"><a class=\"mashicon-facebook mash-large mash-center mashsb-noshadow\" href=\"https:\/\/www.facebook.com\/sharer.php?u=https%3A%2F%2Fwww.zunoticia.com%2Fnoticias-de-hidalgo%2F2025%2F06%2F10%2Fatendio-subsecretaria-de-gobierno-en-la-huasteca-comision-de-san-pedro-huazalingo%2F\" target=\"_top\" rel=\"nofollow\"><span class=\"icon\"><\/span><span class=\"text\">Share<\/span><\/a><a class=\"mashicon-twitter mash-large mash-center mashsb-noshadow\" href=\"https:\/\/twitter.com\/intent\/tweet?text=&amp;url=https:\/\/www.zunoticia.com\/noticias-de-hidalgo\/2025\/06\/10\/atendio-subsecretaria-de-gobierno-en-la-huasteca-comision-de-san-pedro-huazalingo\/\" target=\"_top\" rel=\"nofollow\"><span class=\"icon\"><\/span><span class=\"text\">Tweet<\/span><\/a><div class=\"onoffswitch2 mash-large mashsb-noshadow\" style=\"display:none\"><\/div><\/div>\n            <\/div>\n                <div style=\"clear:both\"><\/div><div class=\"mashsb-toggle-container\"><\/div><\/aside>\n            <!-- Share buttons by mashshare.net - Version: 4.0.47-->\n<p><em>Por Salvador Altamirano\/Zunoticia<\/em><\/p>\n\n\n\n<p><strong>Huejutla, Hgo.-<\/strong> Se tiene conocimiento, que el pasado viernes acudi\u00f3 a la Subsecretar\u00eda de Gobierno en la Huasteca, cuyo titular es el Llicenciado Ignacio Primitivo Nava Navarrete, una comisi\u00f3n de ocho personas provenientes de la comunidad de San Pedro, municipio de Huazalingo.<\/p>\n\n\n\n<p>La comitiva, encabezada por Blas Morales Gonz\u00e1lez y Santos Morales Gonz\u00e1lez, delegados de Barrio Abajo y Barrio Centro, respectivamente, fue atendida por el Licenciado Enrique Augusto Torres Crespos, quienes solicitaron el inicio de la segunda etapa de la construcci\u00f3n de un muro de contenci\u00f3n en las m\u00e1rgenes del r\u00edo, considerada zona de riesgo.<\/p>\n\n\n\n<p>Explicaron los representantes delegacionales que, en reuni\u00f3n efectuada el pasado 22 de mayo en San Pedro, se elabor\u00f3 con personal adscrito a la Secretar\u00eda de Obras P\u00fablicas, representada por el arquitecto Juan Carlos Robles, una minuta de acuerdo en la que se estipula que el d\u00eda 28 de mayo se dar\u00eda comienzo a la segunda etapa, no obstante, que a\u00fan no se concluye la primera.<\/p>\n\n\n\n<p>Aclararon, quienes encabezaron la comisi\u00f3n, que acud\u00edan a la Subsecretar\u00eda de Gobierno en la Huasteca buscando apoyo de car\u00e1cter de intermediario, para que, a trav\u00e9s de su conducto, preguntar a la Secretar\u00eda de Obras P\u00fablicas cu\u00e1l es el estatus actual del proyecto, anticipando que desean una respuesta favorable.<\/p>\n\n\n\n<p>Es oportuno mencionar que, el titilar de la dependencia expres\u00f3 que se encuentran atendiendo en tiempo y forma el requerimiento, por lo que en dos o tres d\u00edas estar\u00e1n en la disposici\u00f3n de emitir un resultado concreto de su intervenci\u00f3n.<\/p>\n\n\n\n<p><\/p>\n","protected":false},"excerpt":{"rendered":"<p>Por Salvador Altamirano\/Zunoticia Huejutla, Hgo.- Se tiene conocimiento, que el pasado viernes acudi\u00f3 a la Subsecretar\u00eda de Gobierno en la Huasteca, cuyo titular es el Llicenciado Ignacio Primitivo Nava Navarrete, una comisi\u00f3n de ocho personas provenientes de la comunidad de San Pedro, municipio de Huazalingo. La comitiva, encabezada por Blas Morales Gonz\u00e1lez y Santos Morales&hellip; <a class=\"more-link\" href=\"https:\/\/www.zunoticia.com\/noticias-de-hidalgo\/2025\/06\/10\/atendio-subsecretaria-de-gobierno-en-la-huasteca-comision-de-san-pedro-huazalingo\/\">Seguir leyendo <span class=\"screen-reader-text\">Atendi\u00f3 Subsecretar\u00eda de Gobierno en la Huasteca comisi\u00f3n de San Pedro, Huazalingo<\/span><\/a><\/p>\n","protected":false},"author":20,"featured_media":595757,"comment_status":"open","ping_status":"open","sticky":false,"template":"","format":"standard","meta":{"rop_custom_images_group":[],"rop_custom_messages_group":[],"rop_publish_now":"initial","rop_publish_now_accounts":{"facebook_10159540855086992_322828327761733":""},"rop_publish_now_history":[],"rop_publish_now_status":"pending","footnotes":""},"categories":[181],"tags":[121],"class_list":["post-595756","post","type-post","status-publish","format-standard","has-post-thumbnail","hentry","category-huejutla","tag-huejutla","entry"],"_links":{"self":[{"href":"https:\/\/www.zunoticia.com\/noticias-de-hidalgo\/wp-json\/wp\/v2\/posts\/595756","targetHints":{"allow":["GET"]}}],"collection":[{"href":"https:\/\/www.zunoticia.com\/noticias-de-hidalgo\/wp-json\/wp\/v2\/posts"}],"about":[{"href":"https:\/\/www.zunoticia.com\/noticias-de-hidalgo\/wp-json\/wp\/v2\/types\/post"}],"author":[{"embeddable":true,"href":"https:\/\/www.zunoticia.com\/noticias-de-hidalgo\/wp-json\/wp\/v2\/users\/20"}],"replies":[{"embeddable":true,"href":"https:\/\/www.zunoticia.com\/noticias-de-hidalgo\/wp-json\/wp\/v2\/comments?post=595756"}],"version-history":[{"count":1,"href":"https:\/\/www.zunoticia.com\/noticias-de-hidalgo\/wp-json\/wp\/v2\/posts\/595756\/revisions"}],"predecessor-version":[{"id":595758,"href":"https:\/\/www.zunoticia.com\/noticias-de-hidalgo\/wp-json\/wp\/v2\/posts\/595756\/revisions\/595758"}],"wp:featuredmedia":[{"embeddable":true,"href":"https:\/\/www.zunoticia.com\/noticias-de-hidalgo\/wp-json\/wp\/v2\/media\/595757"}],"wp:attachment":[{"href":"https:\/\/www.zunoticia.com\/noticias-de-hidalgo\/wp-json\/wp\/v2\/media?parent=595756"}],"wp:term":[{"taxonomy":"category","embeddable":true,"href":"https:\/\/www.zunoticia.com\/noticias-de-hidalgo\/wp-json\/wp\/v2\/categories?post=595756"},{"taxonomy":"post_tag","embeddable":true,"href":"https:\/\/www.zunoticia.com\/noticias-de-hidalgo\/wp-json\/wp\/v2\/tags?post=595756"}],"curies":[{"name":"wp","href":"https:\/\/api.w.org\/{rel}","templated":true}]}}