{"id":595759,"date":"2025-06-10T14:30:35","date_gmt":"2025-06-10T20:30:35","guid":{"rendered":"https:\/\/www.zunoticia.com\/noticias-de-hidalgo\/?p=595759"},"modified":"2025-06-10T14:30:36","modified_gmt":"2025-06-10T20:30:36","slug":"desaparecio-un-hombre-en-calnali","status":"publish","type":"post","link":"https:\/\/www.zunoticia.com\/noticias-de-hidalgo\/2025\/06\/10\/desaparecio-un-hombre-en-calnali\/","title":{"rendered":"Desapareci\u00f3 un hombre en Calnali"},"content":{"rendered":"<aside class=\"mashsb-container mashsb-main mashsb-stretched\"><div class=\"mashsb-box\"><div class=\"mashsb-count mash-large\" style=\"float:left\"><div class=\"counts mashsbcount\">0<\/div><span class=\"mashsb-sharetext\">SHARES<\/span><\/div><div class=\"mashsb-buttons\"><a class=\"mashicon-facebook mash-large mash-center mashsb-noshadow\" href=\"https:\/\/www.facebook.com\/sharer.php?u=https%3A%2F%2Fwww.zunoticia.com%2Fnoticias-de-hidalgo%2F2025%2F06%2F10%2Fdesaparecio-un-hombre-en-calnali%2F\" target=\"_top\" rel=\"nofollow\"><span class=\"icon\"><\/span><span class=\"text\">Share<\/span><\/a><a class=\"mashicon-twitter mash-large mash-center mashsb-noshadow\" href=\"https:\/\/twitter.com\/intent\/tweet?text=&amp;url=https:\/\/www.zunoticia.com\/noticias-de-hidalgo\/2025\/06\/10\/desaparecio-un-hombre-en-calnali\/\" target=\"_top\" rel=\"nofollow\"><span class=\"icon\"><\/span><span class=\"text\">Tweet<\/span><\/a><div class=\"onoffswitch2 mash-large mashsb-noshadow\" style=\"display:none\"><\/div><\/div>\n            <\/div>\n                <div style=\"clear:both\"><\/div><div class=\"mashsb-toggle-container\"><\/div><\/aside>\n            <!-- Share buttons by mashshare.net - Version: 4.0.47-->\n<p><em>Por Roberto Ram\u00edrez \/Zunoticia<\/em><\/p>\n\n\n\n<p><strong>Calnali, Hgo. <\/strong>&#8211; Una Persona del sexo masculino, de este municipio, desapareci\u00f3, por lo que sus familiares lo reportaron ante las autoridades correspondientes para que den con su paradero; lleva varios d\u00edas de estar en calidad de \u201cdesaparecido\u201d.<\/p>\n\n\n\n<p>Mario Hern\u00e1ndez Villegas, de 27 a\u00f1os, es la persona quien desde el pasado 14 de mayo est\u00e1 desaparecida, por lo que solicitan el apoyo de la ciudadan\u00eda en general para que reporte a esta persona, si la llegan a ver. Cualquier informaci\u00f3n pueden comunicarse al n\u00famero de tel\u00e9fono 800 912 1314<\/p>\n\n\n\n<p>Mientras tanto, sus familiares dieron a conocer que ya reportaron el hecho ante las autoridades de la Procuradur\u00eda General de Justicia de Hidalgo, misma que ya difundi\u00f3 la ficha de b\u00fasqueda de esta persona.<\/p>\n","protected":false},"excerpt":{"rendered":"<p>Por Roberto Ram\u00edrez \/Zunoticia Calnali, Hgo. &#8211; Una Persona del sexo masculino, de este municipio, desapareci\u00f3, por lo que sus familiares lo reportaron ante las autoridades correspondientes para que den con su paradero; lleva varios d\u00edas de estar en calidad de \u201cdesaparecido\u201d. Mario Hern\u00e1ndez Villegas, de 27 a\u00f1os, es la persona quien desde el pasado&hellip; <a class=\"more-link\" href=\"https:\/\/www.zunoticia.com\/noticias-de-hidalgo\/2025\/06\/10\/desaparecio-un-hombre-en-calnali\/\">Seguir leyendo <span class=\"screen-reader-text\">Desapareci\u00f3 un hombre en Calnali<\/span><\/a><\/p>\n","protected":false},"author":20,"featured_media":595760,"comment_status":"open","ping_status":"open","sticky":false,"template":"","format":"standard","meta":{"rop_custom_images_group":[],"rop_custom_messages_group":[],"rop_publish_now":"initial","rop_publish_now_accounts":{"facebook_10159540855086992_322828327761733":""},"rop_publish_now_history":[],"rop_publish_now_status":"pending","footnotes":""},"categories":[178],"tags":[259],"class_list":["post-595759","post","type-post","status-publish","format-standard","has-post-thumbnail","hentry","category-policiaca","tag-policiaca","entry"],"_links":{"self":[{"href":"https:\/\/www.zunoticia.com\/noticias-de-hidalgo\/wp-json\/wp\/v2\/posts\/595759","targetHints":{"allow":["GET"]}}],"collection":[{"href":"https:\/\/www.zunoticia.com\/noticias-de-hidalgo\/wp-json\/wp\/v2\/posts"}],"about":[{"href":"https:\/\/www.zunoticia.com\/noticias-de-hidalgo\/wp-json\/wp\/v2\/types\/post"}],"author":[{"embeddable":true,"href":"https:\/\/www.zunoticia.com\/noticias-de-hidalgo\/wp-json\/wp\/v2\/users\/20"}],"replies":[{"embeddable":true,"href":"https:\/\/www.zunoticia.com\/noticias-de-hidalgo\/wp-json\/wp\/v2\/comments?post=595759"}],"version-history":[{"count":1,"href":"https:\/\/www.zunoticia.com\/noticias-de-hidalgo\/wp-json\/wp\/v2\/posts\/595759\/revisions"}],"predecessor-version":[{"id":595761,"href":"https:\/\/www.zunoticia.com\/noticias-de-hidalgo\/wp-json\/wp\/v2\/posts\/595759\/revisions\/595761"}],"wp:featuredmedia":[{"embeddable":true,"href":"https:\/\/www.zunoticia.com\/noticias-de-hidalgo\/wp-json\/wp\/v2\/media\/595760"}],"wp:attachment":[{"href":"https:\/\/www.zunoticia.com\/noticias-de-hidalgo\/wp-json\/wp\/v2\/media?parent=595759"}],"wp:term":[{"taxonomy":"category","embeddable":true,"href":"https:\/\/www.zunoticia.com\/noticias-de-hidalgo\/wp-json\/wp\/v2\/categories?post=595759"},{"taxonomy":"post_tag","embeddable":true,"href":"https:\/\/www.zunoticia.com\/noticias-de-hidalgo\/wp-json\/wp\/v2\/tags?post=595759"}],"curies":[{"name":"wp","href":"https:\/\/api.w.org\/{rel}","templated":true}]}}