{"id":595762,"date":"2025-06-10T14:36:44","date_gmt":"2025-06-10T20:36:44","guid":{"rendered":"https:\/\/www.zunoticia.com\/noticias-de-hidalgo\/?p=595762"},"modified":"2025-06-10T14:36:45","modified_gmt":"2025-06-10T20:36:45","slug":"quedo-inconsciente-en-cancha-de-futbol","status":"publish","type":"post","link":"https:\/\/www.zunoticia.com\/noticias-de-hidalgo\/2025\/06\/10\/quedo-inconsciente-en-cancha-de-futbol\/","title":{"rendered":"Qued\u00f3 inconsciente en cancha de f\u00fatbol"},"content":{"rendered":"<aside class=\"mashsb-container mashsb-main mashsb-stretched\"><div class=\"mashsb-box\"><div class=\"mashsb-count mash-large\" style=\"float:left\"><div class=\"counts mashsbcount\">0<\/div><span class=\"mashsb-sharetext\">SHARES<\/span><\/div><div class=\"mashsb-buttons\"><a class=\"mashicon-facebook mash-large mash-center mashsb-noshadow\" href=\"https:\/\/www.facebook.com\/sharer.php?u=https%3A%2F%2Fwww.zunoticia.com%2Fnoticias-de-hidalgo%2F2025%2F06%2F10%2Fquedo-inconsciente-en-cancha-de-futbol%2F\" target=\"_top\" rel=\"nofollow\"><span class=\"icon\"><\/span><span class=\"text\">Share<\/span><\/a><a class=\"mashicon-twitter mash-large mash-center mashsb-noshadow\" href=\"https:\/\/twitter.com\/intent\/tweet?text=&amp;url=https:\/\/www.zunoticia.com\/noticias-de-hidalgo\/2025\/06\/10\/quedo-inconsciente-en-cancha-de-futbol\/\" target=\"_top\" rel=\"nofollow\"><span class=\"icon\"><\/span><span class=\"text\">Tweet<\/span><\/a><div class=\"onoffswitch2 mash-large mashsb-noshadow\" style=\"display:none\"><\/div><\/div>\n            <\/div>\n                <div style=\"clear:both\"><\/div><div class=\"mashsb-toggle-container\"><\/div><\/aside>\n            <!-- Share buttons by mashshare.net - Version: 4.0.47-->\n<p><em>Por Roberto Ram\u00edrez \/Zunoticia<\/em><\/p>\n\n\n\n<p><strong>Huejutla, Hgo<\/strong>.- Un jugador que participaba en un encuentro de f\u00fatbol, en la cancha de los Corales blancos, sufri\u00f3 un desmayo; al lugar llegaron param\u00e9dicos de Cruz Roja, le brindaron los primeros auxilios y lo trasladaron al hospital.<\/p>\n\n\n\n<p>Se trata de una persona, del g\u00e9nero masculino, quien participaba en un partido de f\u00fatbol y repentinamente se desplom\u00f3, quedando tirado a la mitad de la cancha; fueron sus compa\u00f1eros de equipo quienes movilizaron los servicios de emergencia para su atenci\u00f3n.<\/p>\n\n\n\n<p>R\u00e1pidamente al lugar llegaron los param\u00e9dicos de la benem\u00e9rita instituci\u00f3n, luego de examinarlo y no responder, lo trasladaron a un hospital de esta ciudad para su atenci\u00f3n m\u00e9dica. Al momento se desconocen las causas que llevaron al jugador a desmayarse.<\/p>\n\n\n\n<p><\/p>\n","protected":false},"excerpt":{"rendered":"<p>Por Roberto Ram\u00edrez \/Zunoticia Huejutla, Hgo.- Un jugador que participaba en un encuentro de f\u00fatbol, en la cancha de los Corales blancos, sufri\u00f3 un desmayo; al lugar llegaron param\u00e9dicos de Cruz Roja, le brindaron los primeros auxilios y lo trasladaron al hospital. Se trata de una persona, del g\u00e9nero masculino, quien participaba en un partido&hellip; <a class=\"more-link\" href=\"https:\/\/www.zunoticia.com\/noticias-de-hidalgo\/2025\/06\/10\/quedo-inconsciente-en-cancha-de-futbol\/\">Seguir leyendo <span class=\"screen-reader-text\">Qued\u00f3 inconsciente en cancha de f\u00fatbol<\/span><\/a><\/p>\n","protected":false},"author":20,"featured_media":595763,"comment_status":"open","ping_status":"open","sticky":false,"template":"","format":"standard","meta":{"rop_custom_images_group":[],"rop_custom_messages_group":[],"rop_publish_now":"initial","rop_publish_now_accounts":{"facebook_10159540855086992_322828327761733":""},"rop_publish_now_history":[],"rop_publish_now_status":"pending","footnotes":""},"categories":[178],"tags":[259],"class_list":["post-595762","post","type-post","status-publish","format-standard","has-post-thumbnail","hentry","category-policiaca","tag-policiaca","entry"],"_links":{"self":[{"href":"https:\/\/www.zunoticia.com\/noticias-de-hidalgo\/wp-json\/wp\/v2\/posts\/595762","targetHints":{"allow":["GET"]}}],"collection":[{"href":"https:\/\/www.zunoticia.com\/noticias-de-hidalgo\/wp-json\/wp\/v2\/posts"}],"about":[{"href":"https:\/\/www.zunoticia.com\/noticias-de-hidalgo\/wp-json\/wp\/v2\/types\/post"}],"author":[{"embeddable":true,"href":"https:\/\/www.zunoticia.com\/noticias-de-hidalgo\/wp-json\/wp\/v2\/users\/20"}],"replies":[{"embeddable":true,"href":"https:\/\/www.zunoticia.com\/noticias-de-hidalgo\/wp-json\/wp\/v2\/comments?post=595762"}],"version-history":[{"count":2,"href":"https:\/\/www.zunoticia.com\/noticias-de-hidalgo\/wp-json\/wp\/v2\/posts\/595762\/revisions"}],"predecessor-version":[{"id":595765,"href":"https:\/\/www.zunoticia.com\/noticias-de-hidalgo\/wp-json\/wp\/v2\/posts\/595762\/revisions\/595765"}],"wp:featuredmedia":[{"embeddable":true,"href":"https:\/\/www.zunoticia.com\/noticias-de-hidalgo\/wp-json\/wp\/v2\/media\/595763"}],"wp:attachment":[{"href":"https:\/\/www.zunoticia.com\/noticias-de-hidalgo\/wp-json\/wp\/v2\/media?parent=595762"}],"wp:term":[{"taxonomy":"category","embeddable":true,"href":"https:\/\/www.zunoticia.com\/noticias-de-hidalgo\/wp-json\/wp\/v2\/categories?post=595762"},{"taxonomy":"post_tag","embeddable":true,"href":"https:\/\/www.zunoticia.com\/noticias-de-hidalgo\/wp-json\/wp\/v2\/tags?post=595762"}],"curies":[{"name":"wp","href":"https:\/\/api.w.org\/{rel}","templated":true}]}}