{"id":595766,"date":"2025-06-10T14:59:45","date_gmt":"2025-06-10T20:59:45","guid":{"rendered":"https:\/\/www.zunoticia.com\/noticias-de-hidalgo\/?p=595766"},"modified":"2025-06-10T14:59:46","modified_gmt":"2025-06-10T20:59:46","slug":"heridos-en-un-choque-de-motocicletas","status":"publish","type":"post","link":"https:\/\/www.zunoticia.com\/noticias-de-hidalgo\/2025\/06\/10\/heridos-en-un-choque-de-motocicletas\/","title":{"rendered":"Heridos en un choque de motocicletas"},"content":{"rendered":"<aside class=\"mashsb-container mashsb-main mashsb-stretched\"><div class=\"mashsb-box\"><div class=\"mashsb-count mash-large\" style=\"float:left\"><div class=\"counts mashsbcount\">0<\/div><span class=\"mashsb-sharetext\">SHARES<\/span><\/div><div class=\"mashsb-buttons\"><a class=\"mashicon-facebook mash-large mash-center mashsb-noshadow\" href=\"https:\/\/www.facebook.com\/sharer.php?u=https%3A%2F%2Fwww.zunoticia.com%2Fnoticias-de-hidalgo%2F2025%2F06%2F10%2Fheridos-en-un-choque-de-motocicletas%2F\" target=\"_top\" rel=\"nofollow\"><span class=\"icon\"><\/span><span class=\"text\">Share<\/span><\/a><a class=\"mashicon-twitter mash-large mash-center mashsb-noshadow\" href=\"https:\/\/twitter.com\/intent\/tweet?text=&amp;url=https:\/\/www.zunoticia.com\/noticias-de-hidalgo\/2025\/06\/10\/heridos-en-un-choque-de-motocicletas\/\" target=\"_top\" rel=\"nofollow\"><span class=\"icon\"><\/span><span class=\"text\">Tweet<\/span><\/a><div class=\"onoffswitch2 mash-large mashsb-noshadow\" style=\"display:none\"><\/div><\/div>\n            <\/div>\n                <div style=\"clear:both\"><\/div><div class=\"mashsb-toggle-container\"><\/div><\/aside>\n            <!-- Share buttons by mashshare.net - Version: 4.0.47-->\n<p><em>Por Roberto Ram\u00edrez \/Zunoticia<\/em><\/p>\n\n\n\n<p><strong>San Felipe Orizatl\u00e1n, Hgo.<\/strong> &#8211; Dos personas sufrieron diversas heridas tras un accidente de motocicletas, sobre la v\u00eda federal Huejutla-Orizatl\u00e1n, a la altura del Llano, de este municipio; al lugar de los hechos acudieron elementos de la Secretar\u00eda de Seguridad P\u00fablica Municipal y Protecci\u00f3n Civil Municipal.<\/p>\n\n\n\n<p>Fue la tarde de este martes, a la altura del puente del Llano, cuando se registr\u00f3 el choque de dos motocicletas, cuyos conductores al impactar y caer en la cinta asf\u00e1ltica tuvieron heridas; param\u00e9dicos de Protecci\u00f3n Civil Municipal brindaron los primeros auxilios.<\/p>\n\n\n\n<p>Los lesionados s\u00f3lo fueron atendidos en el lugar de los hechos, mientras que elementos polic\u00edacos brindaron el abanderamiento del lugar y resguardaron las unidades motoras de dos ruedas, para el posterior deslinde de responsabilidades.<\/p>\n\n\n\n<p><\/p>\n","protected":false},"excerpt":{"rendered":"<p>Por Roberto Ram\u00edrez \/Zunoticia San Felipe Orizatl\u00e1n, Hgo. &#8211; Dos personas sufrieron diversas heridas tras un accidente de motocicletas, sobre la v\u00eda federal Huejutla-Orizatl\u00e1n, a la altura del Llano, de este municipio; al lugar de los hechos acudieron elementos de la Secretar\u00eda de Seguridad P\u00fablica Municipal y Protecci\u00f3n Civil Municipal. Fue la tarde de este&hellip; <a class=\"more-link\" href=\"https:\/\/www.zunoticia.com\/noticias-de-hidalgo\/2025\/06\/10\/heridos-en-un-choque-de-motocicletas\/\">Seguir leyendo <span class=\"screen-reader-text\">Heridos en un choque de motocicletas<\/span><\/a><\/p>\n","protected":false},"author":20,"featured_media":595767,"comment_status":"open","ping_status":"open","sticky":false,"template":"","format":"standard","meta":{"rop_custom_images_group":[],"rop_custom_messages_group":[],"rop_publish_now":"initial","rop_publish_now_accounts":{"facebook_10159540855086992_322828327761733":""},"rop_publish_now_history":[],"rop_publish_now_status":"pending","footnotes":""},"categories":[178],"tags":[259],"class_list":["post-595766","post","type-post","status-publish","format-standard","has-post-thumbnail","hentry","category-policiaca","tag-policiaca","entry"],"_links":{"self":[{"href":"https:\/\/www.zunoticia.com\/noticias-de-hidalgo\/wp-json\/wp\/v2\/posts\/595766","targetHints":{"allow":["GET"]}}],"collection":[{"href":"https:\/\/www.zunoticia.com\/noticias-de-hidalgo\/wp-json\/wp\/v2\/posts"}],"about":[{"href":"https:\/\/www.zunoticia.com\/noticias-de-hidalgo\/wp-json\/wp\/v2\/types\/post"}],"author":[{"embeddable":true,"href":"https:\/\/www.zunoticia.com\/noticias-de-hidalgo\/wp-json\/wp\/v2\/users\/20"}],"replies":[{"embeddable":true,"href":"https:\/\/www.zunoticia.com\/noticias-de-hidalgo\/wp-json\/wp\/v2\/comments?post=595766"}],"version-history":[{"count":1,"href":"https:\/\/www.zunoticia.com\/noticias-de-hidalgo\/wp-json\/wp\/v2\/posts\/595766\/revisions"}],"predecessor-version":[{"id":595768,"href":"https:\/\/www.zunoticia.com\/noticias-de-hidalgo\/wp-json\/wp\/v2\/posts\/595766\/revisions\/595768"}],"wp:featuredmedia":[{"embeddable":true,"href":"https:\/\/www.zunoticia.com\/noticias-de-hidalgo\/wp-json\/wp\/v2\/media\/595767"}],"wp:attachment":[{"href":"https:\/\/www.zunoticia.com\/noticias-de-hidalgo\/wp-json\/wp\/v2\/media?parent=595766"}],"wp:term":[{"taxonomy":"category","embeddable":true,"href":"https:\/\/www.zunoticia.com\/noticias-de-hidalgo\/wp-json\/wp\/v2\/categories?post=595766"},{"taxonomy":"post_tag","embeddable":true,"href":"https:\/\/www.zunoticia.com\/noticias-de-hidalgo\/wp-json\/wp\/v2\/tags?post=595766"}],"curies":[{"name":"wp","href":"https:\/\/api.w.org\/{rel}","templated":true}]}}