{"id":595786,"date":"2025-06-10T17:29:46","date_gmt":"2025-06-10T23:29:46","guid":{"rendered":"https:\/\/www.zunoticia.com\/noticias-de-hidalgo\/?p=595786"},"modified":"2025-06-10T17:29:47","modified_gmt":"2025-06-10T23:29:47","slug":"alcalde-si-entrego-su-declaracion-patrimonial-contraloria-municipal","status":"publish","type":"post","link":"https:\/\/www.zunoticia.com\/noticias-de-hidalgo\/2025\/06\/10\/alcalde-si-entrego-su-declaracion-patrimonial-contraloria-municipal\/","title":{"rendered":"Alcalde s\u00ed entreg\u00f3 su declaraci\u00f3n patrimonial: Contralor\u00eda Municipal"},"content":{"rendered":"<aside class=\"mashsb-container mashsb-main mashsb-stretched\"><div class=\"mashsb-box\"><div class=\"mashsb-count mash-large\" style=\"float:left\"><div class=\"counts mashsbcount\">0<\/div><span class=\"mashsb-sharetext\">SHARES<\/span><\/div><div class=\"mashsb-buttons\"><a class=\"mashicon-facebook mash-large mash-center mashsb-noshadow\" href=\"https:\/\/www.facebook.com\/sharer.php?u=https%3A%2F%2Fwww.zunoticia.com%2Fnoticias-de-hidalgo%2F2025%2F06%2F10%2Falcalde-si-entrego-su-declaracion-patrimonial-contraloria-municipal%2F\" target=\"_top\" rel=\"nofollow\"><span class=\"icon\"><\/span><span class=\"text\">Share<\/span><\/a><a class=\"mashicon-twitter mash-large mash-center mashsb-noshadow\" href=\"https:\/\/twitter.com\/intent\/tweet?text=&amp;url=https:\/\/www.zunoticia.com\/noticias-de-hidalgo\/2025\/06\/10\/alcalde-si-entrego-su-declaracion-patrimonial-contraloria-municipal\/\" target=\"_top\" rel=\"nofollow\"><span class=\"icon\"><\/span><span class=\"text\">Tweet<\/span><\/a><div class=\"onoffswitch2 mash-large mashsb-noshadow\" style=\"display:none\"><\/div><\/div>\n            <\/div>\n                <div style=\"clear:both\"><\/div><div class=\"mashsb-toggle-container\"><\/div><\/aside>\n            <!-- Share buttons by mashshare.net - Version: 4.0.47-->\n<ul class=\"wp-block-list\">\n<li>Advirti\u00f3 que de los 347 servidores p\u00fablicos que laboran, 304 cumplieron en tiempo y forma y a quienes est\u00e1n siendo omisos se les iniciar\u00e1 un procedimiento administrativo.<\/li>\n<\/ul>\n\n\n\n<p><em>Por \u00c1ngel Osiris Castillo Garc\u00eda\/Zunoticia<\/em><\/p>\n\n\n\n<p><strong>Tlanchinol, Hgo<\/strong>.- Debido a que el municipio de Tlanchinol no apareci\u00f3 en el primer corte presentado por la Contralor\u00eda General del Estado, sobre los municipios que s\u00ed presentaron su declaraci\u00f3n patrimonial, la Contralor\u00eda Municipal realiz\u00f3 la aclaraci\u00f3n que, el alcalde s\u00ed cumpli\u00f3 con su obligaci\u00f3n en tiempo y forma, lo cual fue ya reconocido por la propia dependencia estatal.<\/p>\n\n\n\n<p>Lo anterior, fue dado a conocer por la titular de la Contralor\u00eda Municipal, Georgina Yahayra \u00c1brego Pinto, quien se\u00f1al\u00f3 \u201cEl presidente municipal de Tlanchinol Gabino Hern\u00e1ndez Vite, s\u00ed present\u00f3 su declaraci\u00f3n modalidad de Modificaci\u00f3n como lo estipula la Constituci\u00f3n Pol\u00edtica de los Estados Unidos Mexicanos y como lo establece la Ley General de Responsabilidades Administrativas el d\u00eda 15 de mayo, por lo que en tiempo y forma se cumpli\u00f3 con su obligaci\u00f3n como funcionario&#8221;.<\/p>\n\n\n\n<p>Explic\u00f3 que, en la administraci\u00f3n municipal de Tlanchinol, de los 347 servidores p\u00fablicos que laboran, 304 presentaron su declaraci\u00f3n en tiempo y forma y a quienes est\u00e1n siendo omisos se les iniciar\u00e1 un procedimiento administrativo.<\/p>\n\n\n\n<p>\u00c1brego Pinto, manifest\u00f3 que, el resguardo de esas declaraciones las tiene el \u00f3rgano interno de control de cada municipio, y se tiene todo el mes de junio para subirlas al portal de transparencia.<\/p>\n\n\n\n<p>&#8220;Lo que hace alusi\u00f3n el secretario de la Contralor\u00eda, ojo dice &#8220;no digo que no la hayan presentado&#8221;, lo que se\u00f1ala es la versi\u00f3n p\u00fablica que ya se hizo, pero como hoy dio su corte e informe, pues no est\u00e1bamos en ese corte, porque como nos indican que, para llevar un control, los d\u00edas lunes lo estamos presentando&#8221;.<\/p>\n\n\n\n<p>Finalmente, la contralora municipal destac\u00f3 que, la declaraci\u00f3n se present\u00f3 con fecha del 15 de mayo y por lo tanto, est\u00e1 en tiempo y forma, cumpliendo con su deber de ciudadano.<\/p>\n\n\n\n<p>&#8220;Esta informaci\u00f3n puede ser vista en la plataforma de Transparencia una vez concluido el mes de junio, su declaraci\u00f3n de modalidad inicial la pueden ver en el portal &#8220;.<\/p>\n","protected":false},"excerpt":{"rendered":"<p>Por \u00c1ngel Osiris Castillo Garc\u00eda\/Zunoticia Tlanchinol, Hgo.- Debido a que el municipio de Tlanchinol no apareci\u00f3 en el primer corte presentado por la Contralor\u00eda General del Estado, sobre los municipios que s\u00ed presentaron su declaraci\u00f3n patrimonial, la Contralor\u00eda Municipal realiz\u00f3 la aclaraci\u00f3n que, el alcalde s\u00ed cumpli\u00f3 con su obligaci\u00f3n en tiempo y forma, lo&hellip; <a class=\"more-link\" href=\"https:\/\/www.zunoticia.com\/noticias-de-hidalgo\/2025\/06\/10\/alcalde-si-entrego-su-declaracion-patrimonial-contraloria-municipal\/\">Seguir leyendo <span class=\"screen-reader-text\">Alcalde s\u00ed entreg\u00f3 su declaraci\u00f3n patrimonial: Contralor\u00eda Municipal<\/span><\/a><\/p>\n","protected":false},"author":20,"featured_media":595787,"comment_status":"open","ping_status":"open","sticky":false,"template":"","format":"standard","meta":{"rop_custom_images_group":[],"rop_custom_messages_group":[],"rop_publish_now":"initial","rop_publish_now_accounts":{"facebook_10159540855086992_322828327761733":""},"rop_publish_now_history":[],"rop_publish_now_status":"pending","footnotes":""},"categories":[219,201],"tags":[346,127],"class_list":["post-595786","post","type-post","status-publish","format-standard","has-post-thumbnail","hentry","category-sierra","category-tlanchinol","tag-sierra","tag-tlanchinol","entry"],"_links":{"self":[{"href":"https:\/\/www.zunoticia.com\/noticias-de-hidalgo\/wp-json\/wp\/v2\/posts\/595786","targetHints":{"allow":["GET"]}}],"collection":[{"href":"https:\/\/www.zunoticia.com\/noticias-de-hidalgo\/wp-json\/wp\/v2\/posts"}],"about":[{"href":"https:\/\/www.zunoticia.com\/noticias-de-hidalgo\/wp-json\/wp\/v2\/types\/post"}],"author":[{"embeddable":true,"href":"https:\/\/www.zunoticia.com\/noticias-de-hidalgo\/wp-json\/wp\/v2\/users\/20"}],"replies":[{"embeddable":true,"href":"https:\/\/www.zunoticia.com\/noticias-de-hidalgo\/wp-json\/wp\/v2\/comments?post=595786"}],"version-history":[{"count":1,"href":"https:\/\/www.zunoticia.com\/noticias-de-hidalgo\/wp-json\/wp\/v2\/posts\/595786\/revisions"}],"predecessor-version":[{"id":595788,"href":"https:\/\/www.zunoticia.com\/noticias-de-hidalgo\/wp-json\/wp\/v2\/posts\/595786\/revisions\/595788"}],"wp:featuredmedia":[{"embeddable":true,"href":"https:\/\/www.zunoticia.com\/noticias-de-hidalgo\/wp-json\/wp\/v2\/media\/595787"}],"wp:attachment":[{"href":"https:\/\/www.zunoticia.com\/noticias-de-hidalgo\/wp-json\/wp\/v2\/media?parent=595786"}],"wp:term":[{"taxonomy":"category","embeddable":true,"href":"https:\/\/www.zunoticia.com\/noticias-de-hidalgo\/wp-json\/wp\/v2\/categories?post=595786"},{"taxonomy":"post_tag","embeddable":true,"href":"https:\/\/www.zunoticia.com\/noticias-de-hidalgo\/wp-json\/wp\/v2\/tags?post=595786"}],"curies":[{"name":"wp","href":"https:\/\/api.w.org\/{rel}","templated":true}]}}