{"id":595796,"date":"2025-06-10T17:48:12","date_gmt":"2025-06-10T23:48:12","guid":{"rendered":"https:\/\/www.zunoticia.com\/noticias-de-hidalgo\/?p=595796"},"modified":"2025-06-10T17:48:13","modified_gmt":"2025-06-10T23:48:13","slug":"honores-a-la-bandera-y-cambio-de-escolta-en-el-cecyteh-atlapexco","status":"publish","type":"post","link":"https:\/\/www.zunoticia.com\/noticias-de-hidalgo\/2025\/06\/10\/honores-a-la-bandera-y-cambio-de-escolta-en-el-cecyteh-atlapexco\/","title":{"rendered":"Honores a la Bandera y cambio de Escolta en el CECyTEH Atlapexco"},"content":{"rendered":"<aside class=\"mashsb-container mashsb-main mashsb-stretched\"><div class=\"mashsb-box\"><div class=\"mashsb-count mash-large\" style=\"float:left\"><div class=\"counts mashsbcount\">0<\/div><span class=\"mashsb-sharetext\">SHARES<\/span><\/div><div class=\"mashsb-buttons\"><a class=\"mashicon-facebook mash-large mash-center mashsb-noshadow\" href=\"https:\/\/www.facebook.com\/sharer.php?u=https%3A%2F%2Fwww.zunoticia.com%2Fnoticias-de-hidalgo%2F2025%2F06%2F10%2Fhonores-a-la-bandera-y-cambio-de-escolta-en-el-cecyteh-atlapexco%2F\" target=\"_top\" rel=\"nofollow\"><span class=\"icon\"><\/span><span class=\"text\">Share<\/span><\/a><a class=\"mashicon-twitter mash-large mash-center mashsb-noshadow\" href=\"https:\/\/twitter.com\/intent\/tweet?text=&amp;url=https:\/\/www.zunoticia.com\/noticias-de-hidalgo\/2025\/06\/10\/honores-a-la-bandera-y-cambio-de-escolta-en-el-cecyteh-atlapexco\/\" target=\"_top\" rel=\"nofollow\"><span class=\"icon\"><\/span><span class=\"text\">Tweet<\/span><\/a><div class=\"onoffswitch2 mash-large mashsb-noshadow\" style=\"display:none\"><\/div><\/div>\n            <\/div>\n                <div style=\"clear:both\"><\/div><div class=\"mashsb-toggle-container\"><\/div><\/aside>\n            <!-- Share buttons by mashshare.net - Version: 4.0.47-->\n<p><em>Por \u00c1ngel Osiris Castillo\/Zunoticia<\/em><\/p>\n\n\n\n<p><strong>Atlapexco, Hgo<\/strong>.- Durante la ceremonia de honores a la Bandera que se llev\u00f3 a cabo la ma\u00f1ana del pasado lunes, en el interior del plantel CECyTEH de este municipio, se realiz\u00f3 el cambio de escolta en donde el director reconoci\u00f3 el desempe\u00f1o realizado por los abanderados salientes durante los eventos c\u00edvicos.<\/p>\n\n\n\n<p>La ceremonia fue encabezada por el director del plantel Jenning Ibarra, en donde la escolta con-formada por alumnos pr\u00f3ximos a graduarse realiz\u00f3 su \u00faltimo recorrido y posteriormente se procedi\u00f3 a entregar el l\u00e1baro patrio a los nuevos portadores, quienes habr\u00e1n de ser los encargados de representar a la instituci\u00f3n.<\/p>\n\n\n\n<p>El director dirigi\u00f3 un emotivo mensaje en el que reconoci\u00f3 a todo el personal docente, administrativo y de apoyo a la educaci\u00f3n por su dedicaci\u00f3n diaria al servicio de la comunidad educativa, asimismo, se hizo entrega de reconocimientos a los alumnos m\u00e1s destacados en \u00e1reas como el deporte, la cultura y concursos acad\u00e9micos.<\/p>\n\n\n\n<p>Y este martes se llev\u00f3 a cabo una reuni\u00f3n con personal docente y administrativo con la finalidad de poder organizar todo lo referente a la ceremonia de fin de cursos, en la que habr\u00e1n de egresar alumnos de las diferentes capacitaciones.<\/p>\n\n\n\n<figure class=\"wp-block-image size-full\"><img fetchpriority=\"high\" decoding=\"async\" width=\"933\" height=\"524\" src=\"https:\/\/www.zunoticia.com\/noticias-de-hidalgo\/wp-content\/uploads\/2025\/06\/Zunoticia-Huejutla-2-43.png\" alt=\"\" class=\"wp-image-595798\"\/><\/figure>\n","protected":false},"excerpt":{"rendered":"<p>Por \u00c1ngel Osiris Castillo\/Zunoticia Atlapexco, Hgo.- Durante la ceremonia de honores a la Bandera que se llev\u00f3 a cabo la ma\u00f1ana del pasado lunes, en el interior del plantel CECyTEH de este municipio, se realiz\u00f3 el cambio de escolta en donde el director reconoci\u00f3 el desempe\u00f1o realizado por los abanderados salientes durante los eventos c\u00edvicos.&hellip; <a class=\"more-link\" href=\"https:\/\/www.zunoticia.com\/noticias-de-hidalgo\/2025\/06\/10\/honores-a-la-bandera-y-cambio-de-escolta-en-el-cecyteh-atlapexco\/\">Seguir leyendo <span class=\"screen-reader-text\">Honores a la Bandera y cambio de Escolta en el CECyTEH Atlapexco<\/span><\/a><\/p>\n","protected":false},"author":20,"featured_media":595797,"comment_status":"open","ping_status":"open","sticky":false,"template":"","format":"standard","meta":{"rop_custom_images_group":[],"rop_custom_messages_group":[],"rop_publish_now":"initial","rop_publish_now_accounts":{"facebook_10159540855086992_322828327761733":""},"rop_publish_now_history":[],"rop_publish_now_status":"pending","footnotes":""},"categories":[182,179],"tags":[133,229],"class_list":["post-595796","post","type-post","status-publish","format-standard","has-post-thumbnail","hentry","category-atlapexco","category-huasteca","tag-atlapexco","tag-huasteca","entry"],"_links":{"self":[{"href":"https:\/\/www.zunoticia.com\/noticias-de-hidalgo\/wp-json\/wp\/v2\/posts\/595796","targetHints":{"allow":["GET"]}}],"collection":[{"href":"https:\/\/www.zunoticia.com\/noticias-de-hidalgo\/wp-json\/wp\/v2\/posts"}],"about":[{"href":"https:\/\/www.zunoticia.com\/noticias-de-hidalgo\/wp-json\/wp\/v2\/types\/post"}],"author":[{"embeddable":true,"href":"https:\/\/www.zunoticia.com\/noticias-de-hidalgo\/wp-json\/wp\/v2\/users\/20"}],"replies":[{"embeddable":true,"href":"https:\/\/www.zunoticia.com\/noticias-de-hidalgo\/wp-json\/wp\/v2\/comments?post=595796"}],"version-history":[{"count":1,"href":"https:\/\/www.zunoticia.com\/noticias-de-hidalgo\/wp-json\/wp\/v2\/posts\/595796\/revisions"}],"predecessor-version":[{"id":595799,"href":"https:\/\/www.zunoticia.com\/noticias-de-hidalgo\/wp-json\/wp\/v2\/posts\/595796\/revisions\/595799"}],"wp:featuredmedia":[{"embeddable":true,"href":"https:\/\/www.zunoticia.com\/noticias-de-hidalgo\/wp-json\/wp\/v2\/media\/595797"}],"wp:attachment":[{"href":"https:\/\/www.zunoticia.com\/noticias-de-hidalgo\/wp-json\/wp\/v2\/media?parent=595796"}],"wp:term":[{"taxonomy":"category","embeddable":true,"href":"https:\/\/www.zunoticia.com\/noticias-de-hidalgo\/wp-json\/wp\/v2\/categories?post=595796"},{"taxonomy":"post_tag","embeddable":true,"href":"https:\/\/www.zunoticia.com\/noticias-de-hidalgo\/wp-json\/wp\/v2\/tags?post=595796"}],"curies":[{"name":"wp","href":"https:\/\/api.w.org\/{rel}","templated":true}]}}