{"id":595800,"date":"2025-06-10T17:55:21","date_gmt":"2025-06-10T23:55:21","guid":{"rendered":"https:\/\/www.zunoticia.com\/noticias-de-hidalgo\/?p=595800"},"modified":"2025-06-10T17:55:22","modified_gmt":"2025-06-10T23:55:22","slug":"unidad-medica-cochotla-realizara-feria-de-la-salud-en-san-isidro","status":"publish","type":"post","link":"https:\/\/www.zunoticia.com\/noticias-de-hidalgo\/2025\/06\/10\/unidad-medica-cochotla-realizara-feria-de-la-salud-en-san-isidro\/","title":{"rendered":"Unidad M\u00e9dica Cochotla realizar\u00e1 Feria de la salud en San Isidro"},"content":{"rendered":"<aside class=\"mashsb-container mashsb-main mashsb-stretched\"><div class=\"mashsb-box\"><div class=\"mashsb-count mash-large\" style=\"float:left\"><div class=\"counts mashsbcount\">0<\/div><span class=\"mashsb-sharetext\">SHARES<\/span><\/div><div class=\"mashsb-buttons\"><a class=\"mashicon-facebook mash-large mash-center mashsb-noshadow\" href=\"https:\/\/www.facebook.com\/sharer.php?u=https%3A%2F%2Fwww.zunoticia.com%2Fnoticias-de-hidalgo%2F2025%2F06%2F10%2Funidad-medica-cochotla-realizara-feria-de-la-salud-en-san-isidro%2F\" target=\"_top\" rel=\"nofollow\"><span class=\"icon\"><\/span><span class=\"text\">Share<\/span><\/a><a class=\"mashicon-twitter mash-large mash-center mashsb-noshadow\" href=\"https:\/\/twitter.com\/intent\/tweet?text=&amp;url=https:\/\/www.zunoticia.com\/noticias-de-hidalgo\/2025\/06\/10\/unidad-medica-cochotla-realizara-feria-de-la-salud-en-san-isidro\/\" target=\"_top\" rel=\"nofollow\"><span class=\"icon\"><\/span><span class=\"text\">Tweet<\/span><\/a><div class=\"onoffswitch2 mash-large mashsb-noshadow\" style=\"display:none\"><\/div><\/div>\n            <\/div>\n                <div style=\"clear:both\"><\/div><div class=\"mashsb-toggle-container\"><\/div><\/aside>\n            <!-- Share buttons by mashshare.net - Version: 4.0.47-->\n<p><em>Por \u00c1ngel Osiris Castillo Garc\u00eda<\/em><\/p>\n\n\n\n<p><strong>Atlapexco, Hgo<\/strong>.- A fin de ofrecer servicios de salud reproductiva, as\u00ed como medicina preventiva, salud dental, entre otros m\u00e1s, la Unidad M\u00e9dica 187 de la comunidad de Cochotla, anunci\u00f3 que llevar\u00e1 a cabo una Feria de la Salud este mi\u00e9rcoles, en la comunidad de San Isidro, de manera completamente gratuita.<\/p>\n\n\n\n<p>Seg\u00fan se inform\u00f3, la Unidad M\u00e9dica se habr\u00e1 de instalar en la galera de la comunidad de San Isidro, a partir de las 09:00 de la ma\u00f1ana; en donde habr\u00e1 diferentes m\u00f3dulos con personal de salud, se estar\u00e1 atendiendo a la poblaci\u00f3n en general, solamente deben presentar su cartilla de vacunaci\u00f3n para poder revisar su esquema.<\/p>\n\n\n\n<p>Entre los servicios que se estar\u00e1n ofreciendo son consulta general, m\u00f3dulo de salud ginecol\u00f3gica que incluye cambios y revisi\u00f3n del DIU y SIU, colocaci\u00f3n de implantes con cupo limitado, prevenci\u00f3n de C\u00e1ncer de mama y Cervicouterino, m\u00f3dulo de estomatolog\u00eda en donde se ofrecer\u00e1 aplicaci\u00f3n de fl\u00faor, limpieza dental y extracciones.<\/p>\n\n\n\n<p>Adem\u00e1s, medicina preventiva como son cambio de cartillas, revisi\u00f3n de esquema de vacunaci\u00f3n, valoraci\u00f3n de somatometr\u00eda, detecciones de glucosa y presi\u00f3n arterial, as\u00ed como cortes de cabello.<\/p>\n","protected":false},"excerpt":{"rendered":"<p>Por \u00c1ngel Osiris Castillo Garc\u00eda Atlapexco, Hgo.- A fin de ofrecer servicios de salud reproductiva, as\u00ed como medicina preventiva, salud dental, entre otros m\u00e1s, la Unidad M\u00e9dica 187 de la comunidad de Cochotla, anunci\u00f3 que llevar\u00e1 a cabo una Feria de la Salud este mi\u00e9rcoles, en la comunidad de San Isidro, de manera completamente gratuita.&hellip; <a class=\"more-link\" href=\"https:\/\/www.zunoticia.com\/noticias-de-hidalgo\/2025\/06\/10\/unidad-medica-cochotla-realizara-feria-de-la-salud-en-san-isidro\/\">Seguir leyendo <span class=\"screen-reader-text\">Unidad M\u00e9dica Cochotla realizar\u00e1 Feria de la salud en San Isidro<\/span><\/a><\/p>\n","protected":false},"author":20,"featured_media":595801,"comment_status":"open","ping_status":"open","sticky":false,"template":"","format":"standard","meta":{"rop_custom_images_group":[],"rop_custom_messages_group":[],"rop_publish_now":"initial","rop_publish_now_accounts":{"facebook_10159540855086992_322828327761733":""},"rop_publish_now_history":[],"rop_publish_now_status":"pending","footnotes":""},"categories":[182,179],"tags":[133,229],"class_list":["post-595800","post","type-post","status-publish","format-standard","has-post-thumbnail","hentry","category-atlapexco","category-huasteca","tag-atlapexco","tag-huasteca","entry"],"_links":{"self":[{"href":"https:\/\/www.zunoticia.com\/noticias-de-hidalgo\/wp-json\/wp\/v2\/posts\/595800","targetHints":{"allow":["GET"]}}],"collection":[{"href":"https:\/\/www.zunoticia.com\/noticias-de-hidalgo\/wp-json\/wp\/v2\/posts"}],"about":[{"href":"https:\/\/www.zunoticia.com\/noticias-de-hidalgo\/wp-json\/wp\/v2\/types\/post"}],"author":[{"embeddable":true,"href":"https:\/\/www.zunoticia.com\/noticias-de-hidalgo\/wp-json\/wp\/v2\/users\/20"}],"replies":[{"embeddable":true,"href":"https:\/\/www.zunoticia.com\/noticias-de-hidalgo\/wp-json\/wp\/v2\/comments?post=595800"}],"version-history":[{"count":1,"href":"https:\/\/www.zunoticia.com\/noticias-de-hidalgo\/wp-json\/wp\/v2\/posts\/595800\/revisions"}],"predecessor-version":[{"id":595802,"href":"https:\/\/www.zunoticia.com\/noticias-de-hidalgo\/wp-json\/wp\/v2\/posts\/595800\/revisions\/595802"}],"wp:featuredmedia":[{"embeddable":true,"href":"https:\/\/www.zunoticia.com\/noticias-de-hidalgo\/wp-json\/wp\/v2\/media\/595801"}],"wp:attachment":[{"href":"https:\/\/www.zunoticia.com\/noticias-de-hidalgo\/wp-json\/wp\/v2\/media?parent=595800"}],"wp:term":[{"taxonomy":"category","embeddable":true,"href":"https:\/\/www.zunoticia.com\/noticias-de-hidalgo\/wp-json\/wp\/v2\/categories?post=595800"},{"taxonomy":"post_tag","embeddable":true,"href":"https:\/\/www.zunoticia.com\/noticias-de-hidalgo\/wp-json\/wp\/v2\/tags?post=595800"}],"curies":[{"name":"wp","href":"https:\/\/api.w.org\/{rel}","templated":true}]}}