{"id":595811,"date":"2025-06-10T18:13:55","date_gmt":"2025-06-11T00:13:55","guid":{"rendered":"https:\/\/www.zunoticia.com\/noticias-de-hidalgo\/?p=595811"},"modified":"2025-06-10T18:13:56","modified_gmt":"2025-06-11T00:13:56","slug":"se-ofertaron-560-plazas-en-la-feria-nacional-de-empleo-en-atitalaquia","status":"publish","type":"post","link":"https:\/\/www.zunoticia.com\/noticias-de-hidalgo\/2025\/06\/10\/se-ofertaron-560-plazas-en-la-feria-nacional-de-empleo-en-atitalaquia\/","title":{"rendered":"Se ofertaron 560 plazas en la Feria Nacional de Empleo en Atitalaquia"},"content":{"rendered":"<aside class=\"mashsb-container mashsb-main mashsb-stretched\"><div class=\"mashsb-box\"><div class=\"mashsb-count mash-large\" style=\"float:left\"><div class=\"counts mashsbcount\">0<\/div><span class=\"mashsb-sharetext\">SHARES<\/span><\/div><div class=\"mashsb-buttons\"><a class=\"mashicon-facebook mash-large mash-center mashsb-noshadow\" href=\"https:\/\/www.facebook.com\/sharer.php?u=https%3A%2F%2Fwww.zunoticia.com%2Fnoticias-de-hidalgo%2F2025%2F06%2F10%2Fse-ofertaron-560-plazas-en-la-feria-nacional-de-empleo-en-atitalaquia%2F\" target=\"_top\" rel=\"nofollow\"><span class=\"icon\"><\/span><span class=\"text\">Share<\/span><\/a><a class=\"mashicon-twitter mash-large mash-center mashsb-noshadow\" href=\"https:\/\/twitter.com\/intent\/tweet?text=&amp;url=https:\/\/www.zunoticia.com\/noticias-de-hidalgo\/2025\/06\/10\/se-ofertaron-560-plazas-en-la-feria-nacional-de-empleo-en-atitalaquia\/\" target=\"_top\" rel=\"nofollow\"><span class=\"icon\"><\/span><span class=\"text\">Tweet<\/span><\/a><div class=\"onoffswitch2 mash-large mashsb-noshadow\" style=\"display:none\"><\/div><\/div>\n            <\/div>\n                <div style=\"clear:both\"><\/div><div class=\"mashsb-toggle-container\"><\/div><\/aside>\n            <!-- Share buttons by mashshare.net - Version: 4.0.47-->\n<ul class=\"wp-block-list\">\n<li>Empresas de la regi\u00f3n presentaron su oferta laboral para mejorar la econom\u00eda de los ciudadanos<\/li>\n<\/ul>\n\n\n\n<p><em>Por Redacci\u00f3n\/Zunoticia<\/em><\/p>\n\n\n\n<p><strong>Mineral de la Reforma, Hgo<\/strong>.- Al menos 560 plazas se ofertaron durante la Feria Nacional de Empleo en el marco del Plan Nacional M\u00e9xico, realizada en el municipio de Atitalaquia, inform\u00f3 el titular de la Secretar\u00eda del Trabajo y Previsi\u00f3n Social de Hidalgo (STPSH), Oscar Javier Gonz\u00e1lez Hern\u00e1ndez.<\/p>\n\n\n\n<p>Refiri\u00f3 que a trav\u00e9s del Servicio Nacional de Empleo Hidalgo, la STPSH, en coordinaci\u00f3n con la Direcci\u00f3n de Desarrollo Econ\u00f3mico de Atitalaquia, conjuntaron un total de 30 empresas de los sectores comercial, industrial y de servicios, adem\u00e1s de 9 m\u00f3dulos informativos de distintas instituciones p\u00fablicas.<\/p>\n\n\n\n<p>Tambi\u00e9n destac\u00f3 que la oferta laboral reuni\u00f3 vacantes de empresas locales, regionales y nacionales, para distintos perfiles laborales con salarios que ascienden hasta los 29 mil pesos mensuales en empresas de transportaci\u00f3n carretera y 24 mil pesos mensuales como analista de precios unitarios por parte de la empresa PROESA.<\/p>\n\n\n\n<p>Esta iniciativa se suma a la estrategia econ\u00f3mica del Gobierno Federal denominada Plan M\u00e9xico, as\u00ed como, al fortalecimiento de programas y servicios acordes al Plan Estatal de Desarrollo 2022 &#8211; 2028 del gobernador Julio Menchaca, que promueve la inserci\u00f3n laboral formal y fortalece la colaboraci\u00f3n entre el sector p\u00fablico y privado, para acercar mayores oportunidades de empleo a las y los hidalguenses.<\/p>\n\n\n\n<p>En su intervenci\u00f3n, el secretario del Trabajo subray\u00f3 que el empleo que se oferta en actividades de vinculaci\u00f3n como son la Ferias de Empleo, re\u00fane y proporciona todas las prestaciones que marca la ley y algunas m\u00e1s, con lo cual se impulsa, primero la estabilidad econ\u00f3mica de los trabajadores y sus familias, contribuye al desarrollo del municipio al generar mayor demanda de bienes y servicios.<\/p>\n\n\n\n<p>Al respecto, la alcaldesa Claudia Sandoval Ram\u00edrez, precis\u00f3 que con este tipo de estrategias conjuntas entre gobierno estatal y municipal se demuestra que la transformaci\u00f3n se consolida con trabajo de territorio y no de escritorio, sello distintivo del gobernador Julio Menchaca.<\/p>\n\n\n\n<p>La presidenta reconoci\u00f3 a las empresas participantes por invertir el capital en la entidad, con lo cual se genera empleo formal con prestaciones que permite llevar bienestar a las familias.<\/p>\n\n\n\n<figure class=\"wp-block-image size-full\"><img fetchpriority=\"high\" decoding=\"async\" width=\"933\" height=\"524\" src=\"https:\/\/www.zunoticia.com\/noticias-de-hidalgo\/wp-content\/uploads\/2025\/06\/Zunoticia-Huejutla-2-46.png\" alt=\"\" class=\"wp-image-595813\"\/><\/figure>\n\n\n\n<p>El secretario del Trabajo y la alcaldesa llevaron a cabo la firma de formalizaci\u00f3n del comodato de la oficina regional del Servicio Nacional de Empleo, la segunda for\u00e1nea en la entidad.<\/p>\n\n\n\n<p>La formalizaci\u00f3n de este espacio tiene como objetivo facilitar la b\u00fasqueda de empleo y la vinculaci\u00f3n entre empresas y trabajadores en la regi\u00f3n, se\u00f1al\u00f3 Oscar Javier Gonz\u00e1lez Hern\u00e1ndez.<\/p>\n\n\n\n<p>En tanto que la mun\u00edcipe refiri\u00f3 que la firma de este comodato destaca la coordinaci\u00f3n entre la STPSH y el ayuntamiento para acercar mayores oportunidades de trabajo a las y los atitalaquenses.<\/p>\n\n\n\n<p>Entre las empresas participantes estuvieron: Griffith Foods, Grupo Empresarial Segovia, Industrias de Hule Galgo, Barcel, UTTT, Europlast, Pingol, Constructora Atzco, LUSA, TRUPER, Coppel, Sigma Alimentos, Zagis y UNNE; esta \u00faltima empresa, socialmente responsable, ha disminuido la jornada laboral de 48 a 40 horas, fortaleciendo la integraci\u00f3n familiar de sus trabajadores.<\/p>\n","protected":false},"excerpt":{"rendered":"<p>Por Redacci\u00f3n\/Zunoticia Mineral de la Reforma, Hgo.- Al menos 560 plazas se ofertaron durante la Feria Nacional de Empleo en el marco del Plan Nacional M\u00e9xico, realizada en el municipio de Atitalaquia, inform\u00f3 el titular de la Secretar\u00eda del Trabajo y Previsi\u00f3n Social de Hidalgo (STPSH), Oscar Javier Gonz\u00e1lez Hern\u00e1ndez. Refiri\u00f3 que a trav\u00e9s del&hellip; <a class=\"more-link\" href=\"https:\/\/www.zunoticia.com\/noticias-de-hidalgo\/2025\/06\/10\/se-ofertaron-560-plazas-en-la-feria-nacional-de-empleo-en-atitalaquia\/\">Seguir leyendo <span class=\"screen-reader-text\">Se ofertaron 560 plazas en la Feria Nacional de Empleo en Atitalaquia<\/span><\/a><\/p>\n","protected":false},"author":20,"featured_media":595812,"comment_status":"open","ping_status":"open","sticky":false,"template":"","format":"standard","meta":{"rop_custom_images_group":[],"rop_custom_messages_group":[],"rop_publish_now":"initial","rop_publish_now_accounts":{"facebook_10159540855086992_322828327761733":""},"rop_publish_now_history":[],"rop_publish_now_status":"pending","footnotes":""},"categories":[208],"tags":[214],"class_list":["post-595811","post","type-post","status-publish","format-standard","has-post-thumbnail","hentry","category-estado","tag-estado","entry"],"_links":{"self":[{"href":"https:\/\/www.zunoticia.com\/noticias-de-hidalgo\/wp-json\/wp\/v2\/posts\/595811","targetHints":{"allow":["GET"]}}],"collection":[{"href":"https:\/\/www.zunoticia.com\/noticias-de-hidalgo\/wp-json\/wp\/v2\/posts"}],"about":[{"href":"https:\/\/www.zunoticia.com\/noticias-de-hidalgo\/wp-json\/wp\/v2\/types\/post"}],"author":[{"embeddable":true,"href":"https:\/\/www.zunoticia.com\/noticias-de-hidalgo\/wp-json\/wp\/v2\/users\/20"}],"replies":[{"embeddable":true,"href":"https:\/\/www.zunoticia.com\/noticias-de-hidalgo\/wp-json\/wp\/v2\/comments?post=595811"}],"version-history":[{"count":1,"href":"https:\/\/www.zunoticia.com\/noticias-de-hidalgo\/wp-json\/wp\/v2\/posts\/595811\/revisions"}],"predecessor-version":[{"id":595814,"href":"https:\/\/www.zunoticia.com\/noticias-de-hidalgo\/wp-json\/wp\/v2\/posts\/595811\/revisions\/595814"}],"wp:featuredmedia":[{"embeddable":true,"href":"https:\/\/www.zunoticia.com\/noticias-de-hidalgo\/wp-json\/wp\/v2\/media\/595812"}],"wp:attachment":[{"href":"https:\/\/www.zunoticia.com\/noticias-de-hidalgo\/wp-json\/wp\/v2\/media?parent=595811"}],"wp:term":[{"taxonomy":"category","embeddable":true,"href":"https:\/\/www.zunoticia.com\/noticias-de-hidalgo\/wp-json\/wp\/v2\/categories?post=595811"},{"taxonomy":"post_tag","embeddable":true,"href":"https:\/\/www.zunoticia.com\/noticias-de-hidalgo\/wp-json\/wp\/v2\/tags?post=595811"}],"curies":[{"name":"wp","href":"https:\/\/api.w.org\/{rel}","templated":true}]}}