{"id":595815,"date":"2025-06-10T18:20:43","date_gmt":"2025-06-11T00:20:43","guid":{"rendered":"https:\/\/www.zunoticia.com\/noticias-de-hidalgo\/?p=595815"},"modified":"2025-06-10T18:20:44","modified_gmt":"2025-06-11T00:20:44","slug":"promueve-dif-municipal-acciones-contra-la-discriminacion-y-la-violencia-en-escuelas","status":"publish","type":"post","link":"https:\/\/www.zunoticia.com\/noticias-de-hidalgo\/2025\/06\/10\/promueve-dif-municipal-acciones-contra-la-discriminacion-y-la-violencia-en-escuelas\/","title":{"rendered":"Promueve DIF municipal acciones contra la discriminaci\u00f3n y la violencia en escuelas"},"content":{"rendered":"<aside class=\"mashsb-container mashsb-main mashsb-stretched\"><div class=\"mashsb-box\"><div class=\"mashsb-count mash-large\" style=\"float:left\"><div class=\"counts mashsbcount\">0<\/div><span class=\"mashsb-sharetext\">SHARES<\/span><\/div><div class=\"mashsb-buttons\"><a class=\"mashicon-facebook mash-large mash-center mashsb-noshadow\" href=\"https:\/\/www.facebook.com\/sharer.php?u=https%3A%2F%2Fwww.zunoticia.com%2Fnoticias-de-hidalgo%2F2025%2F06%2F10%2Fpromueve-dif-municipal-acciones-contra-la-discriminacion-y-la-violencia-en-escuelas%2F\" target=\"_top\" rel=\"nofollow\"><span class=\"icon\"><\/span><span class=\"text\">Share<\/span><\/a><a class=\"mashicon-twitter mash-large mash-center mashsb-noshadow\" href=\"https:\/\/twitter.com\/intent\/tweet?text=&amp;url=https:\/\/www.zunoticia.com\/noticias-de-hidalgo\/2025\/06\/10\/promueve-dif-municipal-acciones-contra-la-discriminacion-y-la-violencia-en-escuelas\/\" target=\"_top\" rel=\"nofollow\"><span class=\"icon\"><\/span><span class=\"text\">Tweet<\/span><\/a><div class=\"onoffswitch2 mash-large mashsb-noshadow\" style=\"display:none\"><\/div><\/div>\n            <\/div>\n                <div style=\"clear:both\"><\/div><div class=\"mashsb-toggle-container\"><\/div><\/aside>\n            <!-- Share buttons by mashshare.net - Version: 4.0.47-->\n<p><em>Por \u00c1ngel Osiris Castillo Garc\u00eda\/Zunoticia<\/em><\/p>\n\n\n\n<p><strong>Tlanchinol, Hgo<\/strong>.-&nbsp; Con el fin de prevenir la discriminaci\u00f3n y la violencia en el interior de los planteles educativos, se llev\u00f3 a cabo una pl\u00e1tica con alumnos de la Escuela Secundaria General \u201cJes\u00fas Reyes Heroles\u201d, por parte de personal del Sistema Municipal DIF (SMDIF), as\u00ed como personal del ayuntamiento.<\/p>\n\n\n\n<p>Dicha actividad es promovida a trav\u00e9s del \u00e1rea de Asistencia Social del Sistema Municipal DIF, encabezado por la presidenta Anabel Mateos S\u00e1nchez, con la cual se promueven acciones para la sana convivencia y la seguridad dentro de las escuelas del municipio, entre alumnos y maestros.<\/p>\n\n\n\n<p>Por lo que se llev\u00f3 a cabo una pl\u00e1tica sobre &#8220;Discriminaci\u00f3n y Violencia&#8221; con los alumnos y alumnas de la Escuela Secundaria General \u201cJes\u00fas Reyes Heroles\u201d de la cabecera municipal.<\/p>\n\n\n\n<p>En esta actividad estuvo presente el secretario municipal Jaime S\u00f3stenes F\u00e9lix, con la finalidad de reforzar dicha tem\u00e1tica, la cual es de suma importancia para la erradicaci\u00f3n de la violencia y la no discriminaci\u00f3n dentro de la comunidad estudiantil.<\/p>\n\n\n\n<p>Cabe mencionar que, dicha conferencia fue impartida por Joczan Uziel Melo, encargado del proyecto Atenci\u00f3n a la Discapacidad de SMDIF.<\/p>\n","protected":false},"excerpt":{"rendered":"<p>Por \u00c1ngel Osiris Castillo Garc\u00eda\/Zunoticia Tlanchinol, Hgo.-&nbsp; Con el fin de prevenir la discriminaci\u00f3n y la violencia en el interior de los planteles educativos, se llev\u00f3 a cabo una pl\u00e1tica con alumnos de la Escuela Secundaria General \u201cJes\u00fas Reyes Heroles\u201d, por parte de personal del Sistema Municipal DIF (SMDIF), as\u00ed como personal del ayuntamiento. Dicha&hellip; <a class=\"more-link\" href=\"https:\/\/www.zunoticia.com\/noticias-de-hidalgo\/2025\/06\/10\/promueve-dif-municipal-acciones-contra-la-discriminacion-y-la-violencia-en-escuelas\/\">Seguir leyendo <span class=\"screen-reader-text\">Promueve DIF municipal acciones contra la discriminaci\u00f3n y la violencia en escuelas<\/span><\/a><\/p>\n","protected":false},"author":20,"featured_media":595816,"comment_status":"open","ping_status":"open","sticky":false,"template":"","format":"standard","meta":{"rop_custom_images_group":[],"rop_custom_messages_group":[],"rop_publish_now":"initial","rop_publish_now_accounts":{"facebook_10159540855086992_322828327761733":""},"rop_publish_now_history":[],"rop_publish_now_status":"pending","footnotes":""},"categories":[219,201],"tags":[346,127],"class_list":["post-595815","post","type-post","status-publish","format-standard","has-post-thumbnail","hentry","category-sierra","category-tlanchinol","tag-sierra","tag-tlanchinol","entry"],"_links":{"self":[{"href":"https:\/\/www.zunoticia.com\/noticias-de-hidalgo\/wp-json\/wp\/v2\/posts\/595815","targetHints":{"allow":["GET"]}}],"collection":[{"href":"https:\/\/www.zunoticia.com\/noticias-de-hidalgo\/wp-json\/wp\/v2\/posts"}],"about":[{"href":"https:\/\/www.zunoticia.com\/noticias-de-hidalgo\/wp-json\/wp\/v2\/types\/post"}],"author":[{"embeddable":true,"href":"https:\/\/www.zunoticia.com\/noticias-de-hidalgo\/wp-json\/wp\/v2\/users\/20"}],"replies":[{"embeddable":true,"href":"https:\/\/www.zunoticia.com\/noticias-de-hidalgo\/wp-json\/wp\/v2\/comments?post=595815"}],"version-history":[{"count":1,"href":"https:\/\/www.zunoticia.com\/noticias-de-hidalgo\/wp-json\/wp\/v2\/posts\/595815\/revisions"}],"predecessor-version":[{"id":595817,"href":"https:\/\/www.zunoticia.com\/noticias-de-hidalgo\/wp-json\/wp\/v2\/posts\/595815\/revisions\/595817"}],"wp:featuredmedia":[{"embeddable":true,"href":"https:\/\/www.zunoticia.com\/noticias-de-hidalgo\/wp-json\/wp\/v2\/media\/595816"}],"wp:attachment":[{"href":"https:\/\/www.zunoticia.com\/noticias-de-hidalgo\/wp-json\/wp\/v2\/media?parent=595815"}],"wp:term":[{"taxonomy":"category","embeddable":true,"href":"https:\/\/www.zunoticia.com\/noticias-de-hidalgo\/wp-json\/wp\/v2\/categories?post=595815"},{"taxonomy":"post_tag","embeddable":true,"href":"https:\/\/www.zunoticia.com\/noticias-de-hidalgo\/wp-json\/wp\/v2\/tags?post=595815"}],"curies":[{"name":"wp","href":"https:\/\/api.w.org\/{rel}","templated":true}]}}