{"id":595829,"date":"2025-06-10T20:08:30","date_gmt":"2025-06-11T02:08:30","guid":{"rendered":"https:\/\/www.zunoticia.com\/noticias-de-hidalgo\/?p=595829"},"modified":"2025-06-10T20:08:31","modified_gmt":"2025-06-11T02:08:31","slug":"cecyteh-huejutla-realiza-la-tercera-edicion-de-la-expoferia-empresarial-2025","status":"publish","type":"post","link":"https:\/\/www.zunoticia.com\/noticias-de-hidalgo\/2025\/06\/10\/cecyteh-huejutla-realiza-la-tercera-edicion-de-la-expoferia-empresarial-2025\/","title":{"rendered":"CECyTEH Huejutla realiza la tercera edici\u00f3n de la ExpoFeria Empresarial 2025"},"content":{"rendered":"<aside class=\"mashsb-container mashsb-main mashsb-stretched\"><div class=\"mashsb-box\"><div class=\"mashsb-count mash-large\" style=\"float:left\"><div class=\"counts mashsbcount\">0<\/div><span class=\"mashsb-sharetext\">SHARES<\/span><\/div><div class=\"mashsb-buttons\"><a class=\"mashicon-facebook mash-large mash-center mashsb-noshadow\" href=\"https:\/\/www.facebook.com\/sharer.php?u=https%3A%2F%2Fwww.zunoticia.com%2Fnoticias-de-hidalgo%2F2025%2F06%2F10%2Fcecyteh-huejutla-realiza-la-tercera-edicion-de-la-expoferia-empresarial-2025%2F\" target=\"_top\" rel=\"nofollow\"><span class=\"icon\"><\/span><span class=\"text\">Share<\/span><\/a><a class=\"mashicon-twitter mash-large mash-center mashsb-noshadow\" href=\"https:\/\/twitter.com\/intent\/tweet?text=&amp;url=https:\/\/www.zunoticia.com\/noticias-de-hidalgo\/2025\/06\/10\/cecyteh-huejutla-realiza-la-tercera-edicion-de-la-expoferia-empresarial-2025\/\" target=\"_top\" rel=\"nofollow\"><span class=\"icon\"><\/span><span class=\"text\">Tweet<\/span><\/a><div class=\"onoffswitch2 mash-large mashsb-noshadow\" style=\"display:none\"><\/div><\/div>\n            <\/div>\n                <div style=\"clear:both\"><\/div><div class=\"mashsb-toggle-container\"><\/div><\/aside>\n            <!-- Share buttons by mashshare.net - Version: 4.0.47-->\n<p><em>Por Gabriela Hern\u00e1ndez\/Zunoticia<\/em><\/p>\n\n\n\n<p><strong>Huejutla, Hgo.-<\/strong> Con el objetivo de poner en pr\u00e1ctica lo aprendido en los m\u00f3dulos de la Carrera de Procesos de Gesti\u00f3n Administrativa, los alumnos reciben a la comunidad estudiantil en la 3ra edici\u00f3n de la ExpoFeria de Empresas, brindando atenci\u00f3n al cliente, acondicionando su propia \u00e1rea de trabajo, interactuando con el cliente, para satisfacerlo y realizar control de inventarios.<\/p>\n\n\n\n<figure class=\"wp-block-image size-full\"><img fetchpriority=\"high\" decoding=\"async\" width=\"1600\" height=\"1200\" src=\"https:\/\/www.zunoticia.com\/noticias-de-hidalgo\/wp-content\/uploads\/2025\/06\/eZy-Watermark_10-06-2025_07-30-29-4450p.m.jpg\" alt=\"\" class=\"wp-image-595837\"\/><\/figure>\n\n\n\n<p>Este gran evento fue supervisado por las docentes de carrera Dra. Noem\u00ed Miranda y la Dra. Nora Jeny Res\u00e9ndiz, bajo la coordinaci\u00f3n de la Mtra. Janet Flores y con el respaldo total de la directora del plantel, la Dra. Mayra Orta Hern\u00e1ndez, quien sigue apostando fuertemente por el desarrollo integral de sus estudiantes.<\/p>\n\n\n\n<figure class=\"wp-block-image size-full\"><img decoding=\"async\" width=\"1600\" height=\"1200\" src=\"https:\/\/www.zunoticia.com\/noticias-de-hidalgo\/wp-content\/uploads\/2025\/06\/eZy-Watermark_10-06-2025_07-29-50-7560p.m.jpg\" alt=\"\" class=\"wp-image-595836\"\/><\/figure>\n\n\n\n<p>Las empresas locales que abrieron las puertas de sus negocios para apoyar a esta nueva generaci\u00f3n de j\u00f3venes profesionales fueron: Exclufit, La pasteler\u00eda, Pizza Mya, Titanium Sport Gym y La 501 Centro, estos negocios les brindaron a los j\u00f3venes las herramientas y la confianza para brillar.<\/p>\n\n\n\n<figure class=\"wp-block-image size-full\"><img decoding=\"async\" width=\"1600\" height=\"1200\" src=\"https:\/\/www.zunoticia.com\/noticias-de-hidalgo\/wp-content\/uploads\/2025\/06\/eZy-Watermark_10-06-2025_07-32-24-6460p.m.jpg\" alt=\"\" class=\"wp-image-595834\"\/><\/figure>\n\n\n\n<p>La docente Noem\u00ed Miranda en entrevista se\u00f1al\u00f3, &#8220;El objetivo del d\u00eda es que se vayan satisfechos, tanto el vendedor como el consumidor, agradecemos la confianza de cada uno de los negocios, cada uno de ellos les proporcion\u00f3 la infraestructura en cuanto a mobiliario, mercanc\u00eda publicidad y equipo de trabajo&#8221;.<\/p>\n\n\n\n<figure class=\"wp-block-image size-full\"><img decoding=\"async\" width=\"1600\" height=\"1200\" src=\"https:\/\/www.zunoticia.com\/noticias-de-hidalgo\/wp-content\/uploads\/2025\/06\/eZy-Watermark_10-06-2025_07-32-24-6460p.m.jpg\" alt=\"\" class=\"wp-image-595834\"\/><\/figure>\n\n\n\n<p>Por su parte, Andr\u00e9s Rivera, propietario de La 501 dijo, &#8220;Ha sido una gran experiencia, felicito al CECyTEH Huejutla por tener este tipo de eventos, dar apertura a los emprendedores, para venir a mostrar nuestro producto e incentivar a sus alumnos a que emprendan, para que se animen a promocionar sus actividades en ventas, marketing, es un gran evento para la marca, es un gran evento para el CECyTEH Huejutla&#8221;.<\/p>\n\n\n\n<figure class=\"wp-block-image size-full\"><img loading=\"lazy\" decoding=\"async\" width=\"1600\" height=\"1200\" src=\"https:\/\/www.zunoticia.com\/noticias-de-hidalgo\/wp-content\/uploads\/2025\/06\/eZy-Watermark_10-06-2025_07-32-52-0020p.m.jpg\" alt=\"\" class=\"wp-image-595833\"\/><\/figure>\n\n\n\n<p>La alumna Rosmin del Angel coment\u00f3 su experiencia en el negocio Pizza Mya &#8220;El objetivo de esta actividad es lograr la satisfacci\u00f3n del cliente, la empresa nos ha dejado ver m\u00e1s all\u00e1 de lo que uno como cliente ve, aprendimos desde la preparaci\u00f3n del producto, las \u00f3rdenes, el requerimiento de inventarios, etc., es una muy buena actividad por parte del plantel, ya que nos impulsa en un futuro a poner en pr\u00e1ctica la experiencia que ya tuvimos&#8221;.<\/p>\n\n\n\n<figure class=\"wp-block-image size-full\"><img loading=\"lazy\" decoding=\"async\" width=\"1600\" height=\"1200\" src=\"https:\/\/www.zunoticia.com\/noticias-de-hidalgo\/wp-content\/uploads\/2025\/06\/eZy-Watermark_10-06-2025_07-33-12-0890p.m.jpg\" alt=\"\" class=\"wp-image-595832\"\/><\/figure>\n\n\n\n<p>Del mismo modo Sergio Soto, propietario del establecimiento Pizza Mya, con 14 a\u00f1os de experiencia en la regi\u00f3n mencion\u00f3, &#8220;Tenemos la fortuna de participar por tercer a\u00f1o consecutivo, durante estos tres periodos que hemos estado, hemos compartido el tiempo con diferentes j\u00f3venes y cada vez nos sorprenden m\u00e1s los muchachos, son muy movidos, trabajadores, cada a\u00f1o se superan m\u00e1s, ellos se encargan de administrar, de buscar promociones, ellos se encargaron de todo en este d\u00eda, solamente nosotros, como empresa, les brindamos todas las facilidades y los apoyamos, es un agradecimiento doble para los muchachos, mi mensaje para ellos es que sigan super\u00e1ndose y estudiando, nuestra empresa siempre tendr\u00e1n las puertas abiertas &#8220;.<\/p>\n\n\n\n<figure class=\"wp-block-image size-full\"><img loading=\"lazy\" decoding=\"async\" width=\"1600\" height=\"1200\" src=\"https:\/\/www.zunoticia.com\/noticias-de-hidalgo\/wp-content\/uploads\/2025\/06\/eZy-Watermark_10-06-2025_07-29-30-0080p.m.jpg\" alt=\"\" class=\"wp-image-595831\"\/><\/figure>\n\n\n\n<p>Este evento no fue cualquier feria escolar, pues por tercer a\u00f1o consecutivo, fue una verdadera pasarela de talento, profesionalismo y visi\u00f3n emprendedora, en donde los alumnos pudieron vivir en carne propia lo que es trabajar con empresas reales, aplicando todo lo aprendido en el aula, pero ahora, en un&nbsp;contexto&nbsp;real.<\/p>\n","protected":false},"excerpt":{"rendered":"<p>Por Gabriela Hern\u00e1ndez\/Zunoticia Huejutla, Hgo.- Con el objetivo de poner en pr\u00e1ctica lo aprendido en los m\u00f3dulos de la Carrera de Procesos de Gesti\u00f3n Administrativa, los alumnos reciben a la comunidad estudiantil en la 3ra edici\u00f3n de la ExpoFeria de Empresas, brindando atenci\u00f3n al cliente, acondicionando su propia \u00e1rea de trabajo, interactuando con el cliente,&hellip; <a class=\"more-link\" href=\"https:\/\/www.zunoticia.com\/noticias-de-hidalgo\/2025\/06\/10\/cecyteh-huejutla-realiza-la-tercera-edicion-de-la-expoferia-empresarial-2025\/\">Seguir leyendo <span class=\"screen-reader-text\">CECyTEH Huejutla realiza la tercera edici\u00f3n de la ExpoFeria Empresarial 2025<\/span><\/a><\/p>\n","protected":false},"author":12,"featured_media":595835,"comment_status":"open","ping_status":"open","sticky":false,"template":"","format":"standard","meta":{"rop_custom_images_group":[],"rop_custom_messages_group":[],"rop_publish_now":"initial","rop_publish_now_accounts":{"facebook_10159540855086992_322828327761733":""},"rop_publish_now_history":[],"rop_publish_now_status":"pending","footnotes":""},"categories":[1],"tags":[],"class_list":["post-595829","post","type-post","status-publish","format-standard","has-post-thumbnail","hentry","category-sin-categoria","entry"],"_links":{"self":[{"href":"https:\/\/www.zunoticia.com\/noticias-de-hidalgo\/wp-json\/wp\/v2\/posts\/595829","targetHints":{"allow":["GET"]}}],"collection":[{"href":"https:\/\/www.zunoticia.com\/noticias-de-hidalgo\/wp-json\/wp\/v2\/posts"}],"about":[{"href":"https:\/\/www.zunoticia.com\/noticias-de-hidalgo\/wp-json\/wp\/v2\/types\/post"}],"author":[{"embeddable":true,"href":"https:\/\/www.zunoticia.com\/noticias-de-hidalgo\/wp-json\/wp\/v2\/users\/12"}],"replies":[{"embeddable":true,"href":"https:\/\/www.zunoticia.com\/noticias-de-hidalgo\/wp-json\/wp\/v2\/comments?post=595829"}],"version-history":[{"count":1,"href":"https:\/\/www.zunoticia.com\/noticias-de-hidalgo\/wp-json\/wp\/v2\/posts\/595829\/revisions"}],"predecessor-version":[{"id":595838,"href":"https:\/\/www.zunoticia.com\/noticias-de-hidalgo\/wp-json\/wp\/v2\/posts\/595829\/revisions\/595838"}],"wp:featuredmedia":[{"embeddable":true,"href":"https:\/\/www.zunoticia.com\/noticias-de-hidalgo\/wp-json\/wp\/v2\/media\/595835"}],"wp:attachment":[{"href":"https:\/\/www.zunoticia.com\/noticias-de-hidalgo\/wp-json\/wp\/v2\/media?parent=595829"}],"wp:term":[{"taxonomy":"category","embeddable":true,"href":"https:\/\/www.zunoticia.com\/noticias-de-hidalgo\/wp-json\/wp\/v2\/categories?post=595829"},{"taxonomy":"post_tag","embeddable":true,"href":"https:\/\/www.zunoticia.com\/noticias-de-hidalgo\/wp-json\/wp\/v2\/tags?post=595829"}],"curies":[{"name":"wp","href":"https:\/\/api.w.org\/{rel}","templated":true}]}}