{"id":595860,"date":"2025-06-10T21:44:20","date_gmt":"2025-06-11T03:44:20","guid":{"rendered":"https:\/\/www.zunoticia.com\/noticias-de-hidalgo\/?p=595860"},"modified":"2025-06-10T21:44:22","modified_gmt":"2025-06-11T03:44:22","slug":"hidalgo-celebra-la-cultura-e-identidad-de-la-comunidad-sorda","status":"publish","type":"post","link":"https:\/\/www.zunoticia.com\/noticias-de-hidalgo\/2025\/06\/10\/hidalgo-celebra-la-cultura-e-identidad-de-la-comunidad-sorda\/","title":{"rendered":"Hidalgo celebra la cultura e identidad de la comunidad sorda"},"content":{"rendered":"<aside class=\"mashsb-container mashsb-main mashsb-stretched\"><div class=\"mashsb-box\"><div class=\"mashsb-count mash-large\" style=\"float:left\"><div class=\"counts mashsbcount\">0<\/div><span class=\"mashsb-sharetext\">SHARES<\/span><\/div><div class=\"mashsb-buttons\"><a class=\"mashicon-facebook mash-large mash-center mashsb-noshadow\" href=\"https:\/\/www.facebook.com\/sharer.php?u=https%3A%2F%2Fwww.zunoticia.com%2Fnoticias-de-hidalgo%2F2025%2F06%2F10%2Fhidalgo-celebra-la-cultura-e-identidad-de-la-comunidad-sorda%2F\" target=\"_top\" rel=\"nofollow\"><span class=\"icon\"><\/span><span class=\"text\">Share<\/span><\/a><a class=\"mashicon-twitter mash-large mash-center mashsb-noshadow\" href=\"https:\/\/twitter.com\/intent\/tweet?text=&amp;url=https:\/\/www.zunoticia.com\/noticias-de-hidalgo\/2025\/06\/10\/hidalgo-celebra-la-cultura-e-identidad-de-la-comunidad-sorda\/\" target=\"_top\" rel=\"nofollow\"><span class=\"icon\"><\/span><span class=\"text\">Tweet<\/span><\/a><div class=\"onoffswitch2 mash-large mashsb-noshadow\" style=\"display:none\"><\/div><\/div>\n            <\/div>\n                <div style=\"clear:both\"><\/div><div class=\"mashsb-toggle-container\"><\/div><\/aside>\n            <!-- Share buttons by mashshare.net - Version: 4.0.47-->\n<p><em>Por Redacci\u00f3n\/Zunoticia<\/em><\/p>\n\n\n\n<p><strong>Pachuca de Soto, Hgo.-<\/strong> En Hidalgo, celebramos la riqueza y dignidad de la Lengua de Se\u00f1as Mexicana (LSM), reconoci\u00e9ndola como una lengua viva, pero sobre todo como el puente que permite la expresi\u00f3n de la cultura e identidad de la comunidad sorda.<\/p>\n\n\n\n<p>As\u00ed es para Jos\u00e9 Manuel Corona Romero, un joven de 20 a\u00f1os, originario de Progreso de Obreg\u00f3n y estudiante de noveno cuatrimestre de la carrera de Mecatr\u00f3nica en la Universidad Tecnol\u00f3gica del Valle del Mezquital (UTVM), quien, gracias a su tenacidad, el apoyo de su familia y a la LSM, est\u00e1 por graduarse.<\/p>\n\n\n\n<figure class=\"wp-block-image size-full\"><img fetchpriority=\"high\" decoding=\"async\" width=\"1280\" height=\"853\" src=\"https:\/\/www.zunoticia.com\/noticias-de-hidalgo\/wp-content\/uploads\/2025\/06\/eZy-Watermark_10-06-2025_09-12-53-5470p.m.jpg\" alt=\"\" class=\"wp-image-595856\"\/><figcaption class=\"wp-element-caption\">Dafne Castillo Calzada<\/figcaption><\/figure>\n\n\n\n<p>\u201cSi eres de la comunidad sorda y quieres estudiar alguna carrera [\u2026] puedes elegir lo que t\u00fa quieras estudiar, no tengas miedo, no pienses que por ser sordo no podr\u00e1s estudiar la universidad\u201d, explica con ayuda de Mar\u00eda Fernanda L\u00f3pez Hern\u00e1ndez, la int\u00e9rprete que ha sido parte fundamental en este gran logro.<\/p>\n\n\n\n<p>Aunque reconoce que el camino no ha sido f\u00e1cil, asegura que sus profesores, compa\u00f1eros y, en general, la comunidad universitaria le ha facilitado el entender las asignaturas de una carrera como la de Mecatr\u00f3nica, que cuenta con t\u00e9rminos matem\u00e1ticos y f\u00edsicos complejos, y que, aunque no tienen s\u00edmbolos espec\u00edficos en la LSM, son deletreados uno a uno para poder integrarlos en su aprendizaje.<\/p>\n\n\n\n<p>La UTVM \u201ccuenta con int\u00e9rpretes que nos apoyan y no hay discriminaci\u00f3n, hay inclusi\u00f3n\u201d, detalla, \u201cno es tan dif\u00edcil, tenemos apoyo y ver\u00e1s que los cuatrimestres se pasan r\u00e1pido; cuando menos sientas, ya estar\u00e1s gradu\u00e1ndote\u201d.<\/p>\n\n\n\n<p>Caso parecido es el de Dafne Castillo Calzada, originaria de la Ciudad de M\u00e9xico, y estudiante tambi\u00e9n de noveno cuatrimestre, pero del \u00e1rea de Gastronom\u00eda, quien explica que est\u00e1 pr\u00f3xima a alcanzar su objetivo.<\/p>\n\n\n\n<p>Recuerda que el apoyo y motivaci\u00f3n de su familia, as\u00ed como el acompa\u00f1amiento de la universidad hidalguense, al igual que sus ganas de contar con un negocio propio en el ramo, fueron algunas de las razones por las cuales se decidi\u00f3 a estudiar en esta instituci\u00f3n:<\/p>\n\n\n\n<figure class=\"wp-block-image size-full\"><img decoding=\"async\" width=\"853\" height=\"1280\" src=\"https:\/\/www.zunoticia.com\/noticias-de-hidalgo\/wp-content\/uploads\/2025\/06\/eZy-Watermark_10-06-2025_09-13-20-5790p.m.jpg\" alt=\"\" class=\"wp-image-595855\"\/><figcaption class=\"wp-element-caption\">profesor de asignatura en la carrera de Mecatr\u00f3nica, David Guti\u00e9rrez Montero <\/figcaption><\/figure>\n\n\n\n<p>\u201cSi quieren buscar alguna universidad en Ciudad de M\u00e9xico, hay universidades, s\u00ed, pero no hay int\u00e9rpretes. Si quieren venir a estudiar gastronom\u00eda o algo, fue mi amiga la que me dijo que aqu\u00ed en la UTVM pod\u00eda estudiar\u201d, relata, gracias tambi\u00e9n a la interpretaci\u00f3n de Mar\u00eda Fernanda.<\/p>\n\n\n\n<p>Y es que, L\u00f3pez Hern\u00e1ndez, quien tiene ahora 6 a\u00f1os de int\u00e9rprete, asegur\u00f3 que es una experiencia muy satisfactoria el poder fungir como un puente entre dos personas, dos mundos: \u201cyo, al tener un familiar con discapacidad auditiva, pues fue lo que a m\u00ed me empez\u00f3 a tener ese acercamiento hacia la comunidad sorda, a interesarme m\u00e1s en aprender se\u00f1as\u201d.<\/p>\n\n\n\n<p>Como profesor de asignatura en la carrera de Mecatr\u00f3nica, David Guti\u00e9rrez Montero asegura que este modelo de ense\u00f1anza obliga a implementar t\u00e9cnicas donde se apliquen ejemplos m\u00e1s pr\u00e1cticos y visuales, lo que al final tambi\u00e9n enriquece el aprendizaje de los alumnos que no tienen discapacidades:<\/p>\n\n\n\n<p>\u201cHa sido una experiencia muy interesante para m\u00ed como docente, porque la carrera es t\u00e9cnica, es una ingenier\u00eda, y por lo tanto est\u00e1 basado en las matem\u00e1ticas y en la f\u00edsica, y hay muchos temas que de por si no son tan sencillos para un alumno oyente, pues ahora para un alumno sordo, es un reto a\u00fan mayor&#8221;.<\/p>\n\n\n\n<p>Y aunque explic\u00f3 que la instituci\u00f3n cuenta ya con dos alumnos egresados de Ingenier\u00eda y otros dos cursando la carrera, el gusto por facilitar el aprendizaje a la comunidad sorda le ha dejado una profunda satisfacci\u00f3n profesional y personal.<\/p>\n","protected":false},"excerpt":{"rendered":"<p>Por Redacci\u00f3n\/Zunoticia Pachuca de Soto, Hgo.- En Hidalgo, celebramos la riqueza y dignidad de la Lengua de Se\u00f1as Mexicana (LSM), reconoci\u00e9ndola como una lengua viva, pero sobre todo como el puente que permite la expresi\u00f3n de la cultura e identidad de la comunidad sorda. As\u00ed es para Jos\u00e9 Manuel Corona Romero, un joven de 20&hellip; <a class=\"more-link\" href=\"https:\/\/www.zunoticia.com\/noticias-de-hidalgo\/2025\/06\/10\/hidalgo-celebra-la-cultura-e-identidad-de-la-comunidad-sorda\/\">Seguir leyendo <span class=\"screen-reader-text\">Hidalgo celebra la cultura e identidad de la comunidad sorda<\/span><\/a><\/p>\n","protected":false},"author":12,"featured_media":595854,"comment_status":"open","ping_status":"open","sticky":false,"template":"","format":"standard","meta":{"rop_custom_images_group":[],"rop_custom_messages_group":[],"rop_publish_now":"initial","rop_publish_now_accounts":{"facebook_10159540855086992_322828327761733":""},"rop_publish_now_history":[],"rop_publish_now_status":"pending","footnotes":""},"categories":[208],"tags":[214],"class_list":["post-595860","post","type-post","status-publish","format-standard","has-post-thumbnail","hentry","category-estado","tag-estado","entry"],"_links":{"self":[{"href":"https:\/\/www.zunoticia.com\/noticias-de-hidalgo\/wp-json\/wp\/v2\/posts\/595860","targetHints":{"allow":["GET"]}}],"collection":[{"href":"https:\/\/www.zunoticia.com\/noticias-de-hidalgo\/wp-json\/wp\/v2\/posts"}],"about":[{"href":"https:\/\/www.zunoticia.com\/noticias-de-hidalgo\/wp-json\/wp\/v2\/types\/post"}],"author":[{"embeddable":true,"href":"https:\/\/www.zunoticia.com\/noticias-de-hidalgo\/wp-json\/wp\/v2\/users\/12"}],"replies":[{"embeddable":true,"href":"https:\/\/www.zunoticia.com\/noticias-de-hidalgo\/wp-json\/wp\/v2\/comments?post=595860"}],"version-history":[{"count":1,"href":"https:\/\/www.zunoticia.com\/noticias-de-hidalgo\/wp-json\/wp\/v2\/posts\/595860\/revisions"}],"predecessor-version":[{"id":595862,"href":"https:\/\/www.zunoticia.com\/noticias-de-hidalgo\/wp-json\/wp\/v2\/posts\/595860\/revisions\/595862"}],"wp:featuredmedia":[{"embeddable":true,"href":"https:\/\/www.zunoticia.com\/noticias-de-hidalgo\/wp-json\/wp\/v2\/media\/595854"}],"wp:attachment":[{"href":"https:\/\/www.zunoticia.com\/noticias-de-hidalgo\/wp-json\/wp\/v2\/media?parent=595860"}],"wp:term":[{"taxonomy":"category","embeddable":true,"href":"https:\/\/www.zunoticia.com\/noticias-de-hidalgo\/wp-json\/wp\/v2\/categories?post=595860"},{"taxonomy":"post_tag","embeddable":true,"href":"https:\/\/www.zunoticia.com\/noticias-de-hidalgo\/wp-json\/wp\/v2\/tags?post=595860"}],"curies":[{"name":"wp","href":"https:\/\/api.w.org\/{rel}","templated":true}]}}