{"id":595867,"date":"2025-06-10T23:08:09","date_gmt":"2025-06-11T05:08:09","guid":{"rendered":"https:\/\/www.zunoticia.com\/noticias-de-hidalgo\/?p=595867"},"modified":"2025-06-10T23:08:11","modified_gmt":"2025-06-11T05:08:11","slug":"ebrio-choco-con-muro-de-division-y-dejo-2-jovenes-lesionadas","status":"publish","type":"post","link":"https:\/\/www.zunoticia.com\/noticias-de-hidalgo\/2025\/06\/10\/ebrio-choco-con-muro-de-division-y-dejo-2-jovenes-lesionadas\/","title":{"rendered":"Ebrio choc\u00f3 con muro de divisi\u00f3n y dej\u00f3 2 j\u00f3venes lesionadas"},"content":{"rendered":"<aside class=\"mashsb-container mashsb-main mashsb-stretched\"><div class=\"mashsb-box\"><div class=\"mashsb-count mash-large\" style=\"float:left\"><div class=\"counts mashsbcount\">0<\/div><span class=\"mashsb-sharetext\">SHARES<\/span><\/div><div class=\"mashsb-buttons\"><a class=\"mashicon-facebook mash-large mash-center mashsb-noshadow\" href=\"https:\/\/www.facebook.com\/sharer.php?u=https%3A%2F%2Fwww.zunoticia.com%2Fnoticias-de-hidalgo%2F2025%2F06%2F10%2Febrio-choco-con-muro-de-division-y-dejo-2-jovenes-lesionadas%2F\" target=\"_top\" rel=\"nofollow\"><span class=\"icon\"><\/span><span class=\"text\">Share<\/span><\/a><a class=\"mashicon-twitter mash-large mash-center mashsb-noshadow\" href=\"https:\/\/twitter.com\/intent\/tweet?text=&amp;url=https:\/\/www.zunoticia.com\/noticias-de-hidalgo\/2025\/06\/10\/ebrio-choco-con-muro-de-division-y-dejo-2-jovenes-lesionadas\/\" target=\"_top\" rel=\"nofollow\"><span class=\"icon\"><\/span><span class=\"text\">Tweet<\/span><\/a><div class=\"onoffswitch2 mash-large mashsb-noshadow\" style=\"display:none\"><\/div><\/div>\n            <\/div>\n                <div style=\"clear:both\"><\/div><div class=\"mashsb-toggle-container\"><\/div><\/aside>\n            <!-- Share buttons by mashshare.net - Version: 4.0.47-->\n<p><em>Por Roberto Ram\u00edrez\/Zunoticia<\/em><\/p>\n\n\n\n<p><strong>Huejutla, Hgo. &#8211;<\/strong> Un ebrio conductor, presuntamente, al quedarse dormido al volante de su autom\u00f3vil, choc\u00f3 con un muro de divisi\u00f3n, dejando dos j\u00f3venes lesionadas y cuantiosos da\u00f1os materiales, al lugar acudieron servicios de emergencias y elementos polic\u00edacos.<\/p>\n\n\n\n<figure class=\"wp-block-image size-full\"><img fetchpriority=\"high\" decoding=\"async\" width=\"1280\" height=\"1054\" src=\"https:\/\/www.zunoticia.com\/noticias-de-hidalgo\/wp-content\/uploads\/2025\/06\/Imagen-de-WhatsApp-2025-06-10-a-las-22.31.41_d7030472.jpg\" alt=\"\" class=\"wp-image-595869\"\/><\/figure>\n\n\n\n<p>Fue la noche de este martes en que se registr\u00f3 este accidente sobre la M\u00e9xico \u2013 Tampico, a la altura de los sem\u00e1foros de El Moreno.<\/p>\n\n\n\n<p>El conductor al manejar en estado de ebriedad y quedarse dormido impact\u00f3 contra ese inmueble carretero.<\/p>\n\n\n\n<figure class=\"wp-block-image size-full\"><img decoding=\"async\" width=\"1152\" height=\"864\" src=\"https:\/\/www.zunoticia.com\/noticias-de-hidalgo\/wp-content\/uploads\/2025\/06\/Imagen-de-WhatsApp-2025-06-10-a-las-22.32.11_ec443f7b.jpg\" alt=\"\" class=\"wp-image-595868\"\/><\/figure>\n\n\n\n<p>Param\u00e9dicos de la Cruz Roja, al mando de su coordinador Oscar Diaz, acudieron al lugar para atender solo en el lugar a dos jovencitas que resultaron con golpes y contusiones, ambas viajaban en este autom\u00f3vil Nissan, tipo Versa.<\/p>\n\n\n\n<p>El conductor fue detenido y llevado a las celdas preventivas, mientras que una gr\u00faa lleg\u00f3 al lugar para alinear este muro de divisi\u00f3n y remolcar el veh\u00edculo al corral\u00f3n.<\/p>\n","protected":false},"excerpt":{"rendered":"<p>Por Roberto Ram\u00edrez\/Zunoticia Huejutla, Hgo. &#8211; Un ebrio conductor, presuntamente, al quedarse dormido al volante de su autom\u00f3vil, choc\u00f3 con un muro de divisi\u00f3n, dejando dos j\u00f3venes lesionadas y cuantiosos da\u00f1os materiales, al lugar acudieron servicios de emergencias y elementos polic\u00edacos. Fue la noche de este martes en que se registr\u00f3 este accidente sobre la&hellip; <a class=\"more-link\" href=\"https:\/\/www.zunoticia.com\/noticias-de-hidalgo\/2025\/06\/10\/ebrio-choco-con-muro-de-division-y-dejo-2-jovenes-lesionadas\/\">Seguir leyendo <span class=\"screen-reader-text\">Ebrio choc\u00f3 con muro de divisi\u00f3n y dej\u00f3 2 j\u00f3venes lesionadas<\/span><\/a><\/p>\n","protected":false},"author":12,"featured_media":595870,"comment_status":"open","ping_status":"open","sticky":false,"template":"","format":"standard","meta":{"rop_custom_images_group":[],"rop_custom_messages_group":[],"rop_publish_now":"initial","rop_publish_now_accounts":{"facebook_10159540855086992_322828327761733":""},"rop_publish_now_history":[],"rop_publish_now_status":"pending","footnotes":""},"categories":[178],"tags":[259],"class_list":["post-595867","post","type-post","status-publish","format-standard","has-post-thumbnail","hentry","category-policiaca","tag-policiaca","entry"],"_links":{"self":[{"href":"https:\/\/www.zunoticia.com\/noticias-de-hidalgo\/wp-json\/wp\/v2\/posts\/595867","targetHints":{"allow":["GET"]}}],"collection":[{"href":"https:\/\/www.zunoticia.com\/noticias-de-hidalgo\/wp-json\/wp\/v2\/posts"}],"about":[{"href":"https:\/\/www.zunoticia.com\/noticias-de-hidalgo\/wp-json\/wp\/v2\/types\/post"}],"author":[{"embeddable":true,"href":"https:\/\/www.zunoticia.com\/noticias-de-hidalgo\/wp-json\/wp\/v2\/users\/12"}],"replies":[{"embeddable":true,"href":"https:\/\/www.zunoticia.com\/noticias-de-hidalgo\/wp-json\/wp\/v2\/comments?post=595867"}],"version-history":[{"count":1,"href":"https:\/\/www.zunoticia.com\/noticias-de-hidalgo\/wp-json\/wp\/v2\/posts\/595867\/revisions"}],"predecessor-version":[{"id":595871,"href":"https:\/\/www.zunoticia.com\/noticias-de-hidalgo\/wp-json\/wp\/v2\/posts\/595867\/revisions\/595871"}],"wp:featuredmedia":[{"embeddable":true,"href":"https:\/\/www.zunoticia.com\/noticias-de-hidalgo\/wp-json\/wp\/v2\/media\/595870"}],"wp:attachment":[{"href":"https:\/\/www.zunoticia.com\/noticias-de-hidalgo\/wp-json\/wp\/v2\/media?parent=595867"}],"wp:term":[{"taxonomy":"category","embeddable":true,"href":"https:\/\/www.zunoticia.com\/noticias-de-hidalgo\/wp-json\/wp\/v2\/categories?post=595867"},{"taxonomy":"post_tag","embeddable":true,"href":"https:\/\/www.zunoticia.com\/noticias-de-hidalgo\/wp-json\/wp\/v2\/tags?post=595867"}],"curies":[{"name":"wp","href":"https:\/\/api.w.org\/{rel}","templated":true}]}}