{"id":596826,"date":"2025-06-19T10:45:49","date_gmt":"2025-06-19T16:45:49","guid":{"rendered":"https:\/\/www.zunoticia.com\/noticias-de-hidalgo\/?p=596826"},"modified":"2025-06-19T10:50:00","modified_gmt":"2025-06-19T16:50:00","slug":"iglesia-catolica-prepara-la-fiesta-de-san-juan-bautista","status":"publish","type":"post","link":"https:\/\/www.zunoticia.com\/noticias-de-hidalgo\/2025\/06\/19\/iglesia-catolica-prepara-la-fiesta-de-san-juan-bautista\/","title":{"rendered":"Iglesia cat\u00f3lica prepara la fiesta de San Juan Bautista"},"content":{"rendered":"<aside class=\"mashsb-container mashsb-main mashsb-stretched\"><div class=\"mashsb-box\"><div class=\"mashsb-count mash-large\" style=\"float:left\"><div class=\"counts mashsbcount\">0<\/div><span class=\"mashsb-sharetext\">SHARES<\/span><\/div><div class=\"mashsb-buttons\"><a class=\"mashicon-facebook mash-large mash-center mashsb-noshadow\" href=\"https:\/\/www.facebook.com\/sharer.php?u=https%3A%2F%2Fwww.zunoticia.com%2Fnoticias-de-hidalgo%2F2025%2F06%2F19%2Figlesia-catolica-prepara-la-fiesta-de-san-juan-bautista%2F\" target=\"_top\" rel=\"nofollow\"><span class=\"icon\"><\/span><span class=\"text\">Share<\/span><\/a><a class=\"mashicon-twitter mash-large mash-center mashsb-noshadow\" href=\"https:\/\/twitter.com\/intent\/tweet?text=&amp;url=https:\/\/www.zunoticia.com\/noticias-de-hidalgo\/2025\/06\/19\/iglesia-catolica-prepara-la-fiesta-de-san-juan-bautista\/\" target=\"_top\" rel=\"nofollow\"><span class=\"icon\"><\/span><span class=\"text\">Tweet<\/span><\/a><div class=\"onoffswitch2 mash-large mashsb-noshadow\" style=\"display:none\"><\/div><\/div>\n            <\/div>\n                <div style=\"clear:both\"><\/div><div class=\"mashsb-toggle-container\"><\/div><\/aside>\n            <!-- Share buttons by mashshare.net - Version: 4.0.47-->\n<p><em>Por Enedino Hern\u00e1ndez Alonso\/Zunoticia<\/em><\/p>\n\n\n\n<p><strong>Huejutla, Hidalgo. &#8211;<\/strong> Con toda anticipaci\u00f3n fieles de la Iglesia cat\u00f3lica llevan a cabo los preparativos correspondientes para realizar el 24 de junio la celebraci\u00f3n correspondiente con motivo de la fiesta de San Juan Bautista.<\/p>\n\n\n\n<p>El Vocero de la Di\u00f3cesis de Huejutla, Jes\u00fas Morfin Cartagena; explica que el d\u00eda de San Juan Bautista es una fiesta especial pues se celebra su nacimiento y tiene la importancia pues Dios le dio una misi\u00f3n que era dar a conocer al Mes\u00edas en medio de la comunidad y preparar a todas las familias a que limpiaran su coraz\u00f3n para recibir al Mes\u00edas.<\/p>\n\n\n\n<p>Dijo que la misi\u00f3n de San Juan Bautista es una misi\u00f3n muy importante, pero tambi\u00e9n esa misi\u00f3n debe de aplicarse para nosotros, especialmente para los padres de familia que deben de ayudar a sus hijos a que conozcan al Mes\u00edas y que no solo oigan hablar de \u00e9l.<\/p>\n\n\n\n<p>Abunda que de manera tradicional en la regi\u00f3n de la Huasteca este 24 de junio es cuando se siembra la semilla de la flor del Zempas\u00fachitl que se utilizar\u00e1 para las fiestas del Xantolo, por lo que puntualmente se tiene que cumplir con esta costumbre con relaci\u00f3n a esta fiesta grande.<\/p>\n\n\n\n<p>Subraya que el 24 de junio se tiene que celebrar y honrar a San Juan Bautista, conocer m\u00e1s sobre su palabra y que se nos siga ayudando a reconocer al Mes\u00edas en medio de comunidad y en medio de todas las situaciones que vivimos todos los d\u00edas, es un punto muy importante.<\/p>\n\n\n\n<p>Jes\u00fas Morfin Cartagena, expone que el d\u00eda 24 de junio se tienen diversas celebraciones religiosas, en la regi\u00f3n se tienen a tres Parroquias que celebran su Fiesta Patronal como es en Huautla, Coacuilco, y Jaltoc\u00e1n, as\u00ed como varias comunidades, con lo cual se incrementa la fe en la comunidad cat\u00f3lica.<\/p>\n","protected":false},"excerpt":{"rendered":"<p>Por Enedino Hern\u00e1ndez Alonso\/Zunoticia Huejutla, Hidalgo. &#8211; Con toda anticipaci\u00f3n fieles de la Iglesia cat\u00f3lica llevan a cabo los preparativos correspondientes para realizar el 24 de junio la celebraci\u00f3n correspondiente con motivo de la fiesta de San Juan Bautista. El Vocero de la Di\u00f3cesis de Huejutla, Jes\u00fas Morfin Cartagena; explica que el d\u00eda de San&hellip; <a class=\"more-link\" href=\"https:\/\/www.zunoticia.com\/noticias-de-hidalgo\/2025\/06\/19\/iglesia-catolica-prepara-la-fiesta-de-san-juan-bautista\/\">Seguir leyendo <span class=\"screen-reader-text\">Iglesia cat\u00f3lica prepara la fiesta de San Juan Bautista<\/span><\/a><\/p>\n","protected":false},"author":23,"featured_media":596827,"comment_status":"open","ping_status":"open","sticky":false,"template":"","format":"standard","meta":{"rop_custom_images_group":[],"rop_custom_messages_group":[],"rop_publish_now":"initial","rop_publish_now_accounts":{"facebook_10159540855086992_322828327761733":""},"rop_publish_now_history":[],"rop_publish_now_status":"pending","footnotes":""},"categories":[181],"tags":[121],"class_list":["post-596826","post","type-post","status-publish","format-standard","has-post-thumbnail","hentry","category-huejutla","tag-huejutla","entry"],"_links":{"self":[{"href":"https:\/\/www.zunoticia.com\/noticias-de-hidalgo\/wp-json\/wp\/v2\/posts\/596826","targetHints":{"allow":["GET"]}}],"collection":[{"href":"https:\/\/www.zunoticia.com\/noticias-de-hidalgo\/wp-json\/wp\/v2\/posts"}],"about":[{"href":"https:\/\/www.zunoticia.com\/noticias-de-hidalgo\/wp-json\/wp\/v2\/types\/post"}],"author":[{"embeddable":true,"href":"https:\/\/www.zunoticia.com\/noticias-de-hidalgo\/wp-json\/wp\/v2\/users\/23"}],"replies":[{"embeddable":true,"href":"https:\/\/www.zunoticia.com\/noticias-de-hidalgo\/wp-json\/wp\/v2\/comments?post=596826"}],"version-history":[{"count":2,"href":"https:\/\/www.zunoticia.com\/noticias-de-hidalgo\/wp-json\/wp\/v2\/posts\/596826\/revisions"}],"predecessor-version":[{"id":596829,"href":"https:\/\/www.zunoticia.com\/noticias-de-hidalgo\/wp-json\/wp\/v2\/posts\/596826\/revisions\/596829"}],"wp:featuredmedia":[{"embeddable":true,"href":"https:\/\/www.zunoticia.com\/noticias-de-hidalgo\/wp-json\/wp\/v2\/media\/596827"}],"wp:attachment":[{"href":"https:\/\/www.zunoticia.com\/noticias-de-hidalgo\/wp-json\/wp\/v2\/media?parent=596826"}],"wp:term":[{"taxonomy":"category","embeddable":true,"href":"https:\/\/www.zunoticia.com\/noticias-de-hidalgo\/wp-json\/wp\/v2\/categories?post=596826"},{"taxonomy":"post_tag","embeddable":true,"href":"https:\/\/www.zunoticia.com\/noticias-de-hidalgo\/wp-json\/wp\/v2\/tags?post=596826"}],"curies":[{"name":"wp","href":"https:\/\/api.w.org\/{rel}","templated":true}]}}