{"id":596830,"date":"2025-06-19T10:58:52","date_gmt":"2025-06-19T16:58:52","guid":{"rendered":"https:\/\/www.zunoticia.com\/noticias-de-hidalgo\/?p=596830"},"modified":"2025-06-19T10:58:53","modified_gmt":"2025-06-19T16:58:53","slug":"procesion-con-el-padre-jesus-desde-la-catedral-cristo-rey-a-tepetate","status":"publish","type":"post","link":"https:\/\/www.zunoticia.com\/noticias-de-hidalgo\/2025\/06\/19\/procesion-con-el-padre-jesus-desde-la-catedral-cristo-rey-a-tepetate\/","title":{"rendered":"Procesi\u00f3n con el padre Jes\u00fas desde la Catedral Cristo Rey a Tepetate"},"content":{"rendered":"<aside class=\"mashsb-container mashsb-main mashsb-stretched\"><div class=\"mashsb-box\"><div class=\"mashsb-count mash-large\" style=\"float:left\"><div class=\"counts mashsbcount\">0<\/div><span class=\"mashsb-sharetext\">SHARES<\/span><\/div><div class=\"mashsb-buttons\"><a class=\"mashicon-facebook mash-large mash-center mashsb-noshadow\" href=\"https:\/\/www.facebook.com\/sharer.php?u=https%3A%2F%2Fwww.zunoticia.com%2Fnoticias-de-hidalgo%2F2025%2F06%2F19%2Fprocesion-con-el-padre-jesus-desde-la-catedral-cristo-rey-a-tepetate%2F\" target=\"_top\" rel=\"nofollow\"><span class=\"icon\"><\/span><span class=\"text\">Share<\/span><\/a><a class=\"mashicon-twitter mash-large mash-center mashsb-noshadow\" href=\"https:\/\/twitter.com\/intent\/tweet?text=&amp;url=https:\/\/www.zunoticia.com\/noticias-de-hidalgo\/2025\/06\/19\/procesion-con-el-padre-jesus-desde-la-catedral-cristo-rey-a-tepetate\/\" target=\"_top\" rel=\"nofollow\"><span class=\"icon\"><\/span><span class=\"text\">Tweet<\/span><\/a><div class=\"onoffswitch2 mash-large mashsb-noshadow\" style=\"display:none\"><\/div><\/div>\n            <\/div>\n                <div style=\"clear:both\"><\/div><div class=\"mashsb-toggle-container\"><\/div><\/aside>\n            <!-- Share buttons by mashshare.net - Version: 4.0.47-->\n<p>Por Enedino Hern\u00e1ndez Alonso\/Zunoticia<\/p>\n\n\n\n<p><strong>Huejutla, Hidalgo. &#8211;<\/strong> Fieles cat\u00f3licos del barrio Tepetate los Otates de Huejutla de Reyes se llevaron en una procesi\u00f3n al Padre Jes\u00fas a una velaci\u00f3n con motivo de la fiesta patronal.<\/p>\n\n\n\n<p>La Procesi\u00f3n se realiz\u00f3 durante la ma\u00f1ana del jueves 19 de junio desde la Catedral Cristo Rey de Huejutla de Reyes para recorrer por las calles de la ciudad para salir rumbo a su poblado.<\/p>\n\n\n\n<p>Durante el recorrido de la procesi\u00f3n los fieles cat\u00f3licos fueron acompa\u00f1ados por la banda de viento Creaci\u00f3n 15 de Humotitla Huejutla y por las Inditas Virgen de Guadalupe de Tlalzinta Huejutla.<\/p>\n\n\n\n<figure class=\"wp-block-gallery has-nested-images columns-default is-cropped wp-block-gallery-1 is-layout-flex wp-block-gallery-is-layout-flex\">\n<figure class=\"wp-block-image size-large\"><img fetchpriority=\"high\" decoding=\"async\" width=\"1599\" height=\"899\" data-id=\"596833\" src=\"https:\/\/www.zunoticia.com\/noticias-de-hidalgo\/wp-content\/uploads\/2025\/06\/Procesion-con-el-Padre-Jesus-3.jpeg\" alt=\"\" class=\"wp-image-596833\"\/><\/figure>\n\n\n\n<figure class=\"wp-block-image size-large\"><img decoding=\"async\" width=\"1440\" height=\"1080\" data-id=\"596832\" src=\"https:\/\/www.zunoticia.com\/noticias-de-hidalgo\/wp-content\/uploads\/2025\/06\/Procesion-con-el-Padre-Jesus-2.jpeg\" alt=\"\" class=\"wp-image-596832\"\/><\/figure>\n<\/figure>\n\n\n\n<p>Finalmente, se destaca que es de esta manera como las comunidades ind\u00edgenas de la Huasteca fortalecen la fe cat\u00f3lica, realizando las procesiones y las respectivas velaciones por sus fiestas patronales.<\/p>\n","protected":false},"excerpt":{"rendered":"<p>Por Enedino Hern\u00e1ndez Alonso\/Zunoticia Huejutla, Hidalgo. &#8211; Fieles cat\u00f3licos del barrio Tepetate los Otates de Huejutla de Reyes se llevaron en una procesi\u00f3n al Padre Jes\u00fas a una velaci\u00f3n con motivo de la fiesta patronal. La Procesi\u00f3n se realiz\u00f3 durante la ma\u00f1ana del jueves 19 de junio desde la Catedral Cristo Rey de Huejutla de&hellip; <a class=\"more-link\" href=\"https:\/\/www.zunoticia.com\/noticias-de-hidalgo\/2025\/06\/19\/procesion-con-el-padre-jesus-desde-la-catedral-cristo-rey-a-tepetate\/\">Seguir leyendo <span class=\"screen-reader-text\">Procesi\u00f3n con el padre Jes\u00fas desde la Catedral Cristo Rey a Tepetate<\/span><\/a><\/p>\n","protected":false},"author":23,"featured_media":596831,"comment_status":"open","ping_status":"open","sticky":false,"template":"","format":"standard","meta":{"rop_custom_images_group":[],"rop_custom_messages_group":[],"rop_publish_now":"initial","rop_publish_now_accounts":{"facebook_10159540855086992_322828327761733":""},"rop_publish_now_history":[],"rop_publish_now_status":"pending","footnotes":""},"categories":[181],"tags":[121],"class_list":["post-596830","post","type-post","status-publish","format-standard","has-post-thumbnail","hentry","category-huejutla","tag-huejutla","entry"],"_links":{"self":[{"href":"https:\/\/www.zunoticia.com\/noticias-de-hidalgo\/wp-json\/wp\/v2\/posts\/596830","targetHints":{"allow":["GET"]}}],"collection":[{"href":"https:\/\/www.zunoticia.com\/noticias-de-hidalgo\/wp-json\/wp\/v2\/posts"}],"about":[{"href":"https:\/\/www.zunoticia.com\/noticias-de-hidalgo\/wp-json\/wp\/v2\/types\/post"}],"author":[{"embeddable":true,"href":"https:\/\/www.zunoticia.com\/noticias-de-hidalgo\/wp-json\/wp\/v2\/users\/23"}],"replies":[{"embeddable":true,"href":"https:\/\/www.zunoticia.com\/noticias-de-hidalgo\/wp-json\/wp\/v2\/comments?post=596830"}],"version-history":[{"count":1,"href":"https:\/\/www.zunoticia.com\/noticias-de-hidalgo\/wp-json\/wp\/v2\/posts\/596830\/revisions"}],"predecessor-version":[{"id":596834,"href":"https:\/\/www.zunoticia.com\/noticias-de-hidalgo\/wp-json\/wp\/v2\/posts\/596830\/revisions\/596834"}],"wp:featuredmedia":[{"embeddable":true,"href":"https:\/\/www.zunoticia.com\/noticias-de-hidalgo\/wp-json\/wp\/v2\/media\/596831"}],"wp:attachment":[{"href":"https:\/\/www.zunoticia.com\/noticias-de-hidalgo\/wp-json\/wp\/v2\/media?parent=596830"}],"wp:term":[{"taxonomy":"category","embeddable":true,"href":"https:\/\/www.zunoticia.com\/noticias-de-hidalgo\/wp-json\/wp\/v2\/categories?post=596830"},{"taxonomy":"post_tag","embeddable":true,"href":"https:\/\/www.zunoticia.com\/noticias-de-hidalgo\/wp-json\/wp\/v2\/tags?post=596830"}],"curies":[{"name":"wp","href":"https:\/\/api.w.org\/{rel}","templated":true}]}}