{"id":596835,"date":"2025-06-19T14:02:32","date_gmt":"2025-06-19T20:02:32","guid":{"rendered":"https:\/\/www.zunoticia.com\/noticias-de-hidalgo\/?p=596835"},"modified":"2025-06-19T14:02:34","modified_gmt":"2025-06-19T20:02:34","slug":"401-alumnos-egresaran-de-la-esghar-en-la-generacion-2023-2025","status":"publish","type":"post","link":"https:\/\/www.zunoticia.com\/noticias-de-hidalgo\/2025\/06\/19\/401-alumnos-egresaran-de-la-esghar-en-la-generacion-2023-2025\/","title":{"rendered":"401 alumnos egresar\u00e1n de la ESGHAR en la generaci\u00f3n 2023 &#8211; 2025"},"content":{"rendered":"<aside class=\"mashsb-container mashsb-main mashsb-stretched\"><div class=\"mashsb-box\"><div class=\"mashsb-count mash-large\" style=\"float:left\"><div class=\"counts mashsbcount\">0<\/div><span class=\"mashsb-sharetext\">SHARES<\/span><\/div><div class=\"mashsb-buttons\"><a class=\"mashicon-facebook mash-large mash-center mashsb-noshadow\" href=\"https:\/\/www.facebook.com\/sharer.php?u=https%3A%2F%2Fwww.zunoticia.com%2Fnoticias-de-hidalgo%2F2025%2F06%2F19%2F401-alumnos-egresaran-de-la-esghar-en-la-generacion-2023-2025%2F\" target=\"_top\" rel=\"nofollow\"><span class=\"icon\"><\/span><span class=\"text\">Share<\/span><\/a><a class=\"mashicon-twitter mash-large mash-center mashsb-noshadow\" href=\"https:\/\/twitter.com\/intent\/tweet?text=&amp;url=https:\/\/www.zunoticia.com\/noticias-de-hidalgo\/2025\/06\/19\/401-alumnos-egresaran-de-la-esghar-en-la-generacion-2023-2025\/\" target=\"_top\" rel=\"nofollow\"><span class=\"icon\"><\/span><span class=\"text\">Tweet<\/span><\/a><div class=\"onoffswitch2 mash-large mashsb-noshadow\" style=\"display:none\"><\/div><\/div>\n            <\/div>\n                <div style=\"clear:both\"><\/div><div class=\"mashsb-toggle-container\"><\/div><\/aside>\n            <!-- Share buttons by mashshare.net - Version: 4.0.47-->\n<p><em>Por Salvador Altamirano\/Zunoticia<\/em><\/p>\n\n\n\n<p><strong>Huejutla, Hgo<\/strong>.- El subdirector de la &#8220;Escuela Secundaria General H\u00e9roe Antonio Reyes&#8221; (ESGHAR), profesor Carlos Cris\u00f3foro Rodr\u00edguez Reyes, especific\u00f3 que este a\u00f1o egresar\u00e1n en la generaci\u00f3n 2023-2025 un total de 401 alumnos, de los turnos matutino y vespertino.<\/p>\n\n\n\n<p>Expres\u00f3 que, el evento de la magna clausura tendr\u00e1 efecto el d\u00eda 14 de julio (lunes), a las 08:00 horas, en el auditorio de la instituci\u00f3n educativa, en donde se despedir\u00e1 a los alumnos con merecidos honores en presencia de sus padres.<\/p>\n\n\n\n<p>A pregunta formulada, anticip\u00f3 un emotivo mensaje a los estudiantes que egresar\u00e1n, consistente en que es su mejor deseo, por lo que los exhorta a que contin\u00faen sus estudios de educaci\u00f3n media superior en el plantel educativo que prefirieron, previamente.<\/p>\n\n\n\n<p>Nosotros -agreg\u00f3- como personal docente, les dimos las bases necesarias para un posterior desempe\u00f1o acad\u00e9mico de excelencia, que les permita cristalizar sus expectativas de una carrera profesional, que les prometa un buen futuro, sea orgullo y complacencia de sus padres.<\/p>\n\n\n\n<p>Es oportuno mencionar que, el 18 de marzo de 1952, fue fundada la &#8220;Escuela Secundaria Federal H\u00e9roe Antonio Reyes&#8221; (ESFHAR), hoy ESGHAR, la instituci\u00f3n educativa m\u00e1s arraigada en la psicolog\u00eda de los habitantes de Huejutla, la cual en ese entonces, se ubicaba en un peque\u00f1o inmueble de la calle 16 de Enero, de la Zona Centro, con una planilla de inscripci\u00f3n de 26 alumnos.<\/p>\n\n\n\n<p><\/p>\n","protected":false},"excerpt":{"rendered":"<p>Por Salvador Altamirano\/Zunoticia Huejutla, Hgo.- El subdirector de la &#8220;Escuela Secundaria General H\u00e9roe Antonio Reyes&#8221; (ESGHAR), profesor Carlos Cris\u00f3foro Rodr\u00edguez Reyes, especific\u00f3 que este a\u00f1o egresar\u00e1n en la generaci\u00f3n 2023-2025 un total de 401 alumnos, de los turnos matutino y vespertino. Expres\u00f3 que, el evento de la magna clausura tendr\u00e1 efecto el d\u00eda 14 de&hellip; <a class=\"more-link\" href=\"https:\/\/www.zunoticia.com\/noticias-de-hidalgo\/2025\/06\/19\/401-alumnos-egresaran-de-la-esghar-en-la-generacion-2023-2025\/\">Seguir leyendo <span class=\"screen-reader-text\">401 alumnos egresar\u00e1n de la ESGHAR en la generaci\u00f3n 2023 &#8211; 2025<\/span><\/a><\/p>\n","protected":false},"author":20,"featured_media":596836,"comment_status":"open","ping_status":"open","sticky":false,"template":"","format":"standard","meta":{"rop_custom_images_group":[],"rop_custom_messages_group":[],"rop_publish_now":"initial","rop_publish_now_accounts":{"facebook_10159540855086992_322828327761733":""},"rop_publish_now_history":[],"rop_publish_now_status":"pending","footnotes":""},"categories":[181],"tags":[121],"class_list":["post-596835","post","type-post","status-publish","format-standard","has-post-thumbnail","hentry","category-huejutla","tag-huejutla","entry"],"_links":{"self":[{"href":"https:\/\/www.zunoticia.com\/noticias-de-hidalgo\/wp-json\/wp\/v2\/posts\/596835","targetHints":{"allow":["GET"]}}],"collection":[{"href":"https:\/\/www.zunoticia.com\/noticias-de-hidalgo\/wp-json\/wp\/v2\/posts"}],"about":[{"href":"https:\/\/www.zunoticia.com\/noticias-de-hidalgo\/wp-json\/wp\/v2\/types\/post"}],"author":[{"embeddable":true,"href":"https:\/\/www.zunoticia.com\/noticias-de-hidalgo\/wp-json\/wp\/v2\/users\/20"}],"replies":[{"embeddable":true,"href":"https:\/\/www.zunoticia.com\/noticias-de-hidalgo\/wp-json\/wp\/v2\/comments?post=596835"}],"version-history":[{"count":1,"href":"https:\/\/www.zunoticia.com\/noticias-de-hidalgo\/wp-json\/wp\/v2\/posts\/596835\/revisions"}],"predecessor-version":[{"id":596837,"href":"https:\/\/www.zunoticia.com\/noticias-de-hidalgo\/wp-json\/wp\/v2\/posts\/596835\/revisions\/596837"}],"wp:featuredmedia":[{"embeddable":true,"href":"https:\/\/www.zunoticia.com\/noticias-de-hidalgo\/wp-json\/wp\/v2\/media\/596836"}],"wp:attachment":[{"href":"https:\/\/www.zunoticia.com\/noticias-de-hidalgo\/wp-json\/wp\/v2\/media?parent=596835"}],"wp:term":[{"taxonomy":"category","embeddable":true,"href":"https:\/\/www.zunoticia.com\/noticias-de-hidalgo\/wp-json\/wp\/v2\/categories?post=596835"},{"taxonomy":"post_tag","embeddable":true,"href":"https:\/\/www.zunoticia.com\/noticias-de-hidalgo\/wp-json\/wp\/v2\/tags?post=596835"}],"curies":[{"name":"wp","href":"https:\/\/api.w.org\/{rel}","templated":true}]}}