{"id":596838,"date":"2025-06-19T14:23:58","date_gmt":"2025-06-19T20:23:58","guid":{"rendered":"https:\/\/www.zunoticia.com\/noticias-de-hidalgo\/?p=596838"},"modified":"2025-06-19T14:23:59","modified_gmt":"2025-06-19T20:23:59","slug":"velador-atropellado-por-autobus-de-vencedor","status":"publish","type":"post","link":"https:\/\/www.zunoticia.com\/noticias-de-hidalgo\/2025\/06\/19\/velador-atropellado-por-autobus-de-vencedor\/","title":{"rendered":"Velador atropellado por autob\u00fas de Vencedor"},"content":{"rendered":"<aside class=\"mashsb-container mashsb-main mashsb-stretched\"><div class=\"mashsb-box\"><div class=\"mashsb-count mash-large\" style=\"float:left\"><div class=\"counts mashsbcount\">0<\/div><span class=\"mashsb-sharetext\">SHARES<\/span><\/div><div class=\"mashsb-buttons\"><a class=\"mashicon-facebook mash-large mash-center mashsb-noshadow\" href=\"https:\/\/www.facebook.com\/sharer.php?u=https%3A%2F%2Fwww.zunoticia.com%2Fnoticias-de-hidalgo%2F2025%2F06%2F19%2Fvelador-atropellado-por-autobus-de-vencedor%2F\" target=\"_top\" rel=\"nofollow\"><span class=\"icon\"><\/span><span class=\"text\">Share<\/span><\/a><a class=\"mashicon-twitter mash-large mash-center mashsb-noshadow\" href=\"https:\/\/twitter.com\/intent\/tweet?text=&amp;url=https:\/\/www.zunoticia.com\/noticias-de-hidalgo\/2025\/06\/19\/velador-atropellado-por-autobus-de-vencedor\/\" target=\"_top\" rel=\"nofollow\"><span class=\"icon\"><\/span><span class=\"text\">Tweet<\/span><\/a><div class=\"onoffswitch2 mash-large mashsb-noshadow\" style=\"display:none\"><\/div><\/div>\n            <\/div>\n                <div style=\"clear:both\"><\/div><div class=\"mashsb-toggle-container\"><\/div><\/aside>\n            <!-- Share buttons by mashshare.net - Version: 4.0.47-->\n<p><em>Por Roberto Ram\u00edrez \/Zunoticia<\/em><\/p>\n\n\n\n<p><strong>Huejutla, Hgo<\/strong>. &#8211; Un autob\u00fas de la empresa Vencedor atropell\u00f3 a un velador que iba saliendo en su motocicleta de su trabajo, sobre la carretera federal del libramiento Tres Huastecas, quedando tirado en un charco de agua; fueron sus compa\u00f1eros de trabajo quienes lo auxiliaron y reportaron el hecho a los servicios de emergencia.<\/p>\n\n\n\n<p>Fue antes del mediod\u00eda de este jueves, cuando el motociclista iba saliendo de su trabajo, en la f\u00e1brica de asfaltos, pero el conductor del autob\u00fas, al manejar a exceso de velocidad lo atropell\u00f3 y termin\u00f3 retachado en un cerco de ese lugar.<\/p>\n\n\n\n<p>El velador fue identificado con el nombre de F\u00e9lix N. N., de la comunidad de Santa Ana, de esta municipalidad, quien fue auxiliado por param\u00e9dicos de la Cruz Roja y llevado a un hospital para su atenci\u00f3n m\u00e9dica. Polic\u00edas estatales y de la Guardia Nacional Carreteras acudieron al lugar s\u00f3lo para tomar conocimiento de los hechos.<\/p>\n\n\n\n<figure class=\"wp-block-gallery has-nested-images columns-default is-cropped wp-block-gallery-1 is-layout-flex wp-block-gallery-is-layout-flex\">\n<figure class=\"wp-block-image size-large\"><img fetchpriority=\"high\" decoding=\"async\" width=\"1280\" height=\"874\" data-id=\"596841\" src=\"https:\/\/www.zunoticia.com\/noticias-de-hidalgo\/wp-content\/uploads\/2025\/06\/WhatsApp-Image-2025-06-19-at-2.22.04-PM-1.jpeg\" alt=\"\" class=\"wp-image-596841\"\/><\/figure>\n\n\n\n<figure class=\"wp-block-image size-large\"><img decoding=\"async\" width=\"1280\" height=\"709\" data-id=\"596840\" src=\"https:\/\/www.zunoticia.com\/noticias-de-hidalgo\/wp-content\/uploads\/2025\/06\/WhatsApp-Image-2025-06-19-at-2.22.04-PM.jpeg\" alt=\"\" class=\"wp-image-596840\"\/><\/figure>\n<\/figure>\n","protected":false},"excerpt":{"rendered":"<p>Por Roberto Ram\u00edrez \/Zunoticia Huejutla, Hgo. &#8211; Un autob\u00fas de la empresa Vencedor atropell\u00f3 a un velador que iba saliendo en su motocicleta de su trabajo, sobre la carretera federal del libramiento Tres Huastecas, quedando tirado en un charco de agua; fueron sus compa\u00f1eros de trabajo quienes lo auxiliaron y reportaron el hecho a los&hellip; <a class=\"more-link\" href=\"https:\/\/www.zunoticia.com\/noticias-de-hidalgo\/2025\/06\/19\/velador-atropellado-por-autobus-de-vencedor\/\">Seguir leyendo <span class=\"screen-reader-text\">Velador atropellado por autob\u00fas de Vencedor<\/span><\/a><\/p>\n","protected":false},"author":20,"featured_media":596839,"comment_status":"open","ping_status":"open","sticky":false,"template":"","format":"standard","meta":{"rop_custom_images_group":[],"rop_custom_messages_group":[],"rop_publish_now":"initial","rop_publish_now_accounts":{"facebook_10159540855086992_322828327761733":""},"rop_publish_now_history":[],"rop_publish_now_status":"pending","footnotes":""},"categories":[178],"tags":[259],"class_list":["post-596838","post","type-post","status-publish","format-standard","has-post-thumbnail","hentry","category-policiaca","tag-policiaca","entry"],"_links":{"self":[{"href":"https:\/\/www.zunoticia.com\/noticias-de-hidalgo\/wp-json\/wp\/v2\/posts\/596838","targetHints":{"allow":["GET"]}}],"collection":[{"href":"https:\/\/www.zunoticia.com\/noticias-de-hidalgo\/wp-json\/wp\/v2\/posts"}],"about":[{"href":"https:\/\/www.zunoticia.com\/noticias-de-hidalgo\/wp-json\/wp\/v2\/types\/post"}],"author":[{"embeddable":true,"href":"https:\/\/www.zunoticia.com\/noticias-de-hidalgo\/wp-json\/wp\/v2\/users\/20"}],"replies":[{"embeddable":true,"href":"https:\/\/www.zunoticia.com\/noticias-de-hidalgo\/wp-json\/wp\/v2\/comments?post=596838"}],"version-history":[{"count":1,"href":"https:\/\/www.zunoticia.com\/noticias-de-hidalgo\/wp-json\/wp\/v2\/posts\/596838\/revisions"}],"predecessor-version":[{"id":596842,"href":"https:\/\/www.zunoticia.com\/noticias-de-hidalgo\/wp-json\/wp\/v2\/posts\/596838\/revisions\/596842"}],"wp:featuredmedia":[{"embeddable":true,"href":"https:\/\/www.zunoticia.com\/noticias-de-hidalgo\/wp-json\/wp\/v2\/media\/596839"}],"wp:attachment":[{"href":"https:\/\/www.zunoticia.com\/noticias-de-hidalgo\/wp-json\/wp\/v2\/media?parent=596838"}],"wp:term":[{"taxonomy":"category","embeddable":true,"href":"https:\/\/www.zunoticia.com\/noticias-de-hidalgo\/wp-json\/wp\/v2\/categories?post=596838"},{"taxonomy":"post_tag","embeddable":true,"href":"https:\/\/www.zunoticia.com\/noticias-de-hidalgo\/wp-json\/wp\/v2\/tags?post=596838"}],"curies":[{"name":"wp","href":"https:\/\/api.w.org\/{rel}","templated":true}]}}