{"id":596848,"date":"2025-06-19T15:03:42","date_gmt":"2025-06-19T21:03:42","guid":{"rendered":"https:\/\/www.zunoticia.com\/noticias-de-hidalgo\/?p=596848"},"modified":"2025-06-19T15:03:46","modified_gmt":"2025-06-19T21:03:46","slug":"retienen-chofer-y-autobus-de-vencedor","status":"publish","type":"post","link":"https:\/\/www.zunoticia.com\/noticias-de-hidalgo\/2025\/06\/19\/retienen-chofer-y-autobus-de-vencedor\/","title":{"rendered":"Retienen ch\u00f3fer y autob\u00fas de Vencedor"},"content":{"rendered":"<aside class=\"mashsb-container mashsb-main mashsb-stretched\"><div class=\"mashsb-box\"><div class=\"mashsb-count mash-large\" style=\"float:left\"><div class=\"counts mashsbcount\">0<\/div><span class=\"mashsb-sharetext\">SHARES<\/span><\/div><div class=\"mashsb-buttons\"><a class=\"mashicon-facebook mash-large mash-center mashsb-noshadow\" href=\"https:\/\/www.facebook.com\/sharer.php?u=https%3A%2F%2Fwww.zunoticia.com%2Fnoticias-de-hidalgo%2F2025%2F06%2F19%2Fretienen-chofer-y-autobus-de-vencedor%2F\" target=\"_top\" rel=\"nofollow\"><span class=\"icon\"><\/span><span class=\"text\">Share<\/span><\/a><a class=\"mashicon-twitter mash-large mash-center mashsb-noshadow\" href=\"https:\/\/twitter.com\/intent\/tweet?text=&amp;url=https:\/\/www.zunoticia.com\/noticias-de-hidalgo\/2025\/06\/19\/retienen-chofer-y-autobus-de-vencedor\/\" target=\"_top\" rel=\"nofollow\"><span class=\"icon\"><\/span><span class=\"text\">Tweet<\/span><\/a><div class=\"onoffswitch2 mash-large mashsb-noshadow\" style=\"display:none\"><\/div><\/div>\n            <\/div>\n                <div style=\"clear:both\"><\/div><div class=\"mashsb-toggle-container\"><\/div><\/aside>\n            <!-- Share buttons by mashshare.net - Version: 4.0.47-->\n<p><em>Por Roberto Ram\u00edrez \/Zunoticia<\/em><\/p>\n\n\n\n<p><strong>Huejutla, Hgo.<\/strong> &#8211; Como presunto responsable del atropellamiento de un habitante, de la comunidad de Santa Ana, un ch\u00f3fer y el autob\u00fas de la empresa Vencedor fueron retenidos por habitantes de esa localidad, para que responda por las lesiones del herido.<\/p>\n\n\n\n<p>Fue la tarde de este jueves, cuando llegaron los habitantes al lugar del accidente para retener al conductor con todo y autob\u00fas, fueron llevados a esa localidad para que responda por el lesionado y los da\u00f1os materiales que ocasion\u00f3 en este percance en el libramiento Tres Huastecas.<\/p>\n\n\n\n<p>Polic\u00edas estatales y de la Guardia Nacional Carreteras nada pudieron hacer, la unidad pasajera fue conducida a esa poblaci\u00f3n, en donde qued\u00f3 al resguardo de la gente, hasta que el responsable pague los gastos m\u00e9dicos y da\u00f1os en la motocicleta, ser\u00e1 liberado.<\/p>\n\n\n\n<p><\/p>\n","protected":false},"excerpt":{"rendered":"<p>Por Roberto Ram\u00edrez \/Zunoticia Huejutla, Hgo. &#8211; Como presunto responsable del atropellamiento de un habitante, de la comunidad de Santa Ana, un ch\u00f3fer y el autob\u00fas de la empresa Vencedor fueron retenidos por habitantes de esa localidad, para que responda por las lesiones del herido. Fue la tarde de este jueves, cuando llegaron los habitantes&hellip; <a class=\"more-link\" href=\"https:\/\/www.zunoticia.com\/noticias-de-hidalgo\/2025\/06\/19\/retienen-chofer-y-autobus-de-vencedor\/\">Seguir leyendo <span class=\"screen-reader-text\">Retienen ch\u00f3fer y autob\u00fas de Vencedor<\/span><\/a><\/p>\n","protected":false},"author":20,"featured_media":596849,"comment_status":"open","ping_status":"open","sticky":false,"template":"","format":"standard","meta":{"rop_custom_images_group":[],"rop_custom_messages_group":[],"rop_publish_now":"initial","rop_publish_now_accounts":{"facebook_10159540855086992_322828327761733":""},"rop_publish_now_history":[],"rop_publish_now_status":"pending","footnotes":""},"categories":[178],"tags":[259],"class_list":["post-596848","post","type-post","status-publish","format-standard","has-post-thumbnail","hentry","category-policiaca","tag-policiaca","entry"],"_links":{"self":[{"href":"https:\/\/www.zunoticia.com\/noticias-de-hidalgo\/wp-json\/wp\/v2\/posts\/596848","targetHints":{"allow":["GET"]}}],"collection":[{"href":"https:\/\/www.zunoticia.com\/noticias-de-hidalgo\/wp-json\/wp\/v2\/posts"}],"about":[{"href":"https:\/\/www.zunoticia.com\/noticias-de-hidalgo\/wp-json\/wp\/v2\/types\/post"}],"author":[{"embeddable":true,"href":"https:\/\/www.zunoticia.com\/noticias-de-hidalgo\/wp-json\/wp\/v2\/users\/20"}],"replies":[{"embeddable":true,"href":"https:\/\/www.zunoticia.com\/noticias-de-hidalgo\/wp-json\/wp\/v2\/comments?post=596848"}],"version-history":[{"count":1,"href":"https:\/\/www.zunoticia.com\/noticias-de-hidalgo\/wp-json\/wp\/v2\/posts\/596848\/revisions"}],"predecessor-version":[{"id":596850,"href":"https:\/\/www.zunoticia.com\/noticias-de-hidalgo\/wp-json\/wp\/v2\/posts\/596848\/revisions\/596850"}],"wp:featuredmedia":[{"embeddable":true,"href":"https:\/\/www.zunoticia.com\/noticias-de-hidalgo\/wp-json\/wp\/v2\/media\/596849"}],"wp:attachment":[{"href":"https:\/\/www.zunoticia.com\/noticias-de-hidalgo\/wp-json\/wp\/v2\/media?parent=596848"}],"wp:term":[{"taxonomy":"category","embeddable":true,"href":"https:\/\/www.zunoticia.com\/noticias-de-hidalgo\/wp-json\/wp\/v2\/categories?post=596848"},{"taxonomy":"post_tag","embeddable":true,"href":"https:\/\/www.zunoticia.com\/noticias-de-hidalgo\/wp-json\/wp\/v2\/tags?post=596848"}],"curies":[{"name":"wp","href":"https:\/\/api.w.org\/{rel}","templated":true}]}}