{"id":596874,"date":"2025-06-19T17:26:45","date_gmt":"2025-06-19T23:26:45","guid":{"rendered":"https:\/\/www.zunoticia.com\/noticias-de-hidalgo\/?p=596874"},"modified":"2025-06-19T17:26:46","modified_gmt":"2025-06-19T23:26:46","slug":"posicionan-al-sector-canterero-como-motor-economico-y-simbolo-de-identidad-cultural-en-hidalgo","status":"publish","type":"post","link":"https:\/\/www.zunoticia.com\/noticias-de-hidalgo\/2025\/06\/19\/posicionan-al-sector-canterero-como-motor-economico-y-simbolo-de-identidad-cultural-en-hidalgo\/","title":{"rendered":"Posicionan al sector canterero como motor econ\u00f3mico y s\u00edmbolo de identidad cultural en Hidalgo"},"content":{"rendered":"<aside class=\"mashsb-container mashsb-main mashsb-stretched\"><div class=\"mashsb-box\"><div class=\"mashsb-count mash-large\" style=\"float:left\"><div class=\"counts mashsbcount\">0<\/div><span class=\"mashsb-sharetext\">SHARES<\/span><\/div><div class=\"mashsb-buttons\"><a class=\"mashicon-facebook mash-large mash-center mashsb-noshadow\" href=\"https:\/\/www.facebook.com\/sharer.php?u=https%3A%2F%2Fwww.zunoticia.com%2Fnoticias-de-hidalgo%2F2025%2F06%2F19%2Fposicionan-al-sector-canterero-como-motor-economico-y-simbolo-de-identidad-cultural-en-hidalgo%2F\" target=\"_top\" rel=\"nofollow\"><span class=\"icon\"><\/span><span class=\"text\">Share<\/span><\/a><a class=\"mashicon-twitter mash-large mash-center mashsb-noshadow\" href=\"https:\/\/twitter.com\/intent\/tweet?text=&amp;url=https:\/\/www.zunoticia.com\/noticias-de-hidalgo\/2025\/06\/19\/posicionan-al-sector-canterero-como-motor-economico-y-simbolo-de-identidad-cultural-en-hidalgo\/\" target=\"_top\" rel=\"nofollow\"><span class=\"icon\"><\/span><span class=\"text\">Tweet<\/span><\/a><div class=\"onoffswitch2 mash-large mashsb-noshadow\" style=\"display:none\"><\/div><\/div>\n            <\/div>\n                <div style=\"clear:both\"><\/div><div class=\"mashsb-toggle-container\"><\/div><\/aside>\n            <!-- Share buttons by mashshare.net - Version: 4.0.47-->\n<ul class=\"wp-block-list\">\n<li>Se re\u00fanen productores en la 3\u00aa Expo Cantera 2025, en Huichapan<\/li>\n\n\n\n<li>Se fortalece la vinculaci\u00f3n comercial, financiera y tur\u00edstica del sector<\/li>\n<\/ul>\n\n\n\n<p><em>Por Redacci\u00f3n\/Zunoticia<\/em><\/p>\n\n\n\n<p><strong>Huichapan, Hgo<\/strong>. &#8211; Con el objetivo de seguir impulsando uno de los sectores m\u00e1s representativos de la econom\u00eda y la cultura de Hidalgo, autoridades estatales y municipales inauguraron la 3\u00aa Expo Cantera 2025, en el municipio de Huichapan, donde destacaron el valor econ\u00f3mico, social y art\u00edstico de la industria canterera.<\/p>\n\n\n\n<p>El secretario de Desarrollo Econ\u00f3mico, Carlos Henkel Escorza, reconoci\u00f3 a las y los productores como pilares de una vocaci\u00f3n que no solo genera empleos, sino que preserva una herencia cultural \u00fanica en M\u00e9xico.<\/p>\n\n\n\n<p>\u201cEl trabajo de los cantereros huichapenses es casi perfecto, con sus 28 tonalidades distintas. Es un arte que ya se presume en otros estados y pa\u00edses. Por ello, deben sentirse orgullosos: son el coraz\u00f3n de Huichapan, de Hidalgo y embajadores de nuestras ra\u00edces\u201d, afirm\u00f3.<\/p>\n\n\n\n<p>Henkel destac\u00f3 adem\u00e1s que cada vez m\u00e1s mujeres participan activamente en esta industria, no solo por una cuesti\u00f3n de equidad, sino por su talento, disciplina y compromiso con el sustento familiar y comunitario.<\/p>\n\n\n\n<p>Con el respaldo del gobernador Julio Menchaca, asegur\u00f3 que se continuar\u00e1 apoyando al sector con programas de financiamiento, asesor\u00eda jur\u00eddica y capacitaci\u00f3n, promoviendo adem\u00e1s pr\u00e1cticas sostenibles para garantizar que la actividad canterera se mantenga como motor econ\u00f3mico de largo plazo.<\/p>\n\n\n\n<p>Indic\u00f3 que la Sedeco cuenta con diversos programas disponibles para el sector como Fondo de Apoyo a Proyectos de Emprendimiento de la Econom\u00eda Social, cr\u00e9ditos con NAFIN, FIRA y FIFOMI, con tasas preferenciales y aval del gobierno estatal (desde 2.0%), adem\u00e1s de capacitaci\u00f3n, asesor\u00eda energ\u00e9tica, y registro de marca<\/p>\n\n\n\n<p>La presidenta municipal de Huichapan, Yeymi Sol\u00eds Zavala, celebr\u00f3 la consolidaci\u00f3n de esta Expo como un espacio que visibiliza, reconoce y fortalece a los artesanos, productores y comerciantes del sector.<\/p>\n\n\n\n<p>\u201cNuestro compromiso es acompa\u00f1arlos con acciones concretas, junto a la Sedeco, para lograr que los cantereros tengan una vinculaci\u00f3n m\u00e1s eficiente con los sectores comercial, tur\u00edstico y de la construcci\u00f3n\u201d.<\/p>\n\n\n\n<p>En representaci\u00f3n de los productores, F\u00e9lix Cruz Magos subray\u00f3 que el reto ahora es mejorar la competitividad del sector, con m\u00e1s maquinaria, formaci\u00f3n t\u00e9cnica y canales de comercializaci\u00f3n.<\/p>\n\n\n\n<p>\u201cJunto con Chapantongo, Nopala, Tecozautla y Huichapan tenemos un gran potencial. Este evento nos ayuda a seguir generando recursos y abrir nuevas oportunidades\u201d.<\/p>\n\n\n\n<figure class=\"wp-block-image size-full\"><img fetchpriority=\"high\" decoding=\"async\" width=\"933\" height=\"524\" src=\"https:\/\/www.zunoticia.com\/noticias-de-hidalgo\/wp-content\/uploads\/2025\/06\/Zunoticia-Huejutla-1-189.png\" alt=\"\" class=\"wp-image-596876\"\/><\/figure>\n\n\n\n<p>Resultados de ediciones anteriores:<\/p>\n\n\n\n<p>1\u00aa Expo Cantera (2023) con 700 asistentes, 500 mil pesos en derrama econ\u00f3mica, 200 encuentros de negocios en beneficio directo a 100 cantereros.<\/p>\n\n\n\n<p>2\u00aa Expo Cantera (2024) se logr\u00f3 la asistencia de 2 mil visitantes, 1.5 millones de pesos en derrama, 180 reuniones de negocios con 6 compradores potenciales y 34 asesor\u00edas de financiamiento a grupos ejidales de Huichapan, Alfajayucan y Mineral del Monte.<\/p>\n\n\n\n<p>La tercera edici\u00f3n busca superar los resultados anteriores, ampliando las ventas al mayoreo y menudeo, y consolidando al sector como un emblema de identidad regional y desarrollo econ\u00f3mico sostenible.<\/p>\n","protected":false},"excerpt":{"rendered":"<p>Por Redacci\u00f3n\/Zunoticia Huichapan, Hgo. &#8211; Con el objetivo de seguir impulsando uno de los sectores m\u00e1s representativos de la econom\u00eda y la cultura de Hidalgo, autoridades estatales y municipales inauguraron la 3\u00aa Expo Cantera 2025, en el municipio de Huichapan, donde destacaron el valor econ\u00f3mico, social y art\u00edstico de la industria canterera. El secretario de&hellip; <a class=\"more-link\" href=\"https:\/\/www.zunoticia.com\/noticias-de-hidalgo\/2025\/06\/19\/posicionan-al-sector-canterero-como-motor-economico-y-simbolo-de-identidad-cultural-en-hidalgo\/\">Seguir leyendo <span class=\"screen-reader-text\">Posicionan al sector canterero como motor econ\u00f3mico y s\u00edmbolo de identidad cultural en Hidalgo<\/span><\/a><\/p>\n","protected":false},"author":20,"featured_media":596875,"comment_status":"open","ping_status":"open","sticky":false,"template":"","format":"standard","meta":{"rop_custom_images_group":[],"rop_custom_messages_group":[],"rop_publish_now":"initial","rop_publish_now_accounts":{"facebook_10159540855086992_322828327761733":""},"rop_publish_now_history":[],"rop_publish_now_status":"pending","footnotes":""},"categories":[208],"tags":[214],"class_list":["post-596874","post","type-post","status-publish","format-standard","has-post-thumbnail","hentry","category-estado","tag-estado","entry"],"_links":{"self":[{"href":"https:\/\/www.zunoticia.com\/noticias-de-hidalgo\/wp-json\/wp\/v2\/posts\/596874","targetHints":{"allow":["GET"]}}],"collection":[{"href":"https:\/\/www.zunoticia.com\/noticias-de-hidalgo\/wp-json\/wp\/v2\/posts"}],"about":[{"href":"https:\/\/www.zunoticia.com\/noticias-de-hidalgo\/wp-json\/wp\/v2\/types\/post"}],"author":[{"embeddable":true,"href":"https:\/\/www.zunoticia.com\/noticias-de-hidalgo\/wp-json\/wp\/v2\/users\/20"}],"replies":[{"embeddable":true,"href":"https:\/\/www.zunoticia.com\/noticias-de-hidalgo\/wp-json\/wp\/v2\/comments?post=596874"}],"version-history":[{"count":1,"href":"https:\/\/www.zunoticia.com\/noticias-de-hidalgo\/wp-json\/wp\/v2\/posts\/596874\/revisions"}],"predecessor-version":[{"id":596877,"href":"https:\/\/www.zunoticia.com\/noticias-de-hidalgo\/wp-json\/wp\/v2\/posts\/596874\/revisions\/596877"}],"wp:featuredmedia":[{"embeddable":true,"href":"https:\/\/www.zunoticia.com\/noticias-de-hidalgo\/wp-json\/wp\/v2\/media\/596875"}],"wp:attachment":[{"href":"https:\/\/www.zunoticia.com\/noticias-de-hidalgo\/wp-json\/wp\/v2\/media?parent=596874"}],"wp:term":[{"taxonomy":"category","embeddable":true,"href":"https:\/\/www.zunoticia.com\/noticias-de-hidalgo\/wp-json\/wp\/v2\/categories?post=596874"},{"taxonomy":"post_tag","embeddable":true,"href":"https:\/\/www.zunoticia.com\/noticias-de-hidalgo\/wp-json\/wp\/v2\/tags?post=596874"}],"curies":[{"name":"wp","href":"https:\/\/api.w.org\/{rel}","templated":true}]}}