{"id":596911,"date":"2025-06-19T19:57:25","date_gmt":"2025-06-20T01:57:25","guid":{"rendered":"https:\/\/www.zunoticia.com\/noticias-de-hidalgo\/?p=596911"},"modified":"2025-06-19T19:57:27","modified_gmt":"2025-06-20T01:57:27","slug":"concluyen-practicas-alumnas-de-educacion-preescolar-intercultural-bilingue","status":"publish","type":"post","link":"https:\/\/www.zunoticia.com\/noticias-de-hidalgo\/2025\/06\/19\/concluyen-practicas-alumnas-de-educacion-preescolar-intercultural-bilingue\/","title":{"rendered":"Concluyen pr\u00e1cticas alumnas de Educaci\u00f3n Preescolar Intercultural Biling\u00fce"},"content":{"rendered":"<aside class=\"mashsb-container mashsb-main mashsb-stretched\"><div class=\"mashsb-box\"><div class=\"mashsb-count mash-large\" style=\"float:left\"><div class=\"counts mashsbcount\">0<\/div><span class=\"mashsb-sharetext\">SHARES<\/span><\/div><div class=\"mashsb-buttons\"><a class=\"mashicon-facebook mash-large mash-center mashsb-noshadow\" href=\"https:\/\/www.facebook.com\/sharer.php?u=https%3A%2F%2Fwww.zunoticia.com%2Fnoticias-de-hidalgo%2F2025%2F06%2F19%2Fconcluyen-practicas-alumnas-de-educacion-preescolar-intercultural-bilingue%2F\" target=\"_top\" rel=\"nofollow\"><span class=\"icon\"><\/span><span class=\"text\">Share<\/span><\/a><a class=\"mashicon-twitter mash-large mash-center mashsb-noshadow\" href=\"https:\/\/twitter.com\/intent\/tweet?text=&amp;url=https:\/\/www.zunoticia.com\/noticias-de-hidalgo\/2025\/06\/19\/concluyen-practicas-alumnas-de-educacion-preescolar-intercultural-bilingue\/\" target=\"_top\" rel=\"nofollow\"><span class=\"icon\"><\/span><span class=\"text\">Tweet<\/span><\/a><div class=\"onoffswitch2 mash-large mashsb-noshadow\" style=\"display:none\"><\/div><\/div>\n            <\/div>\n                <div style=\"clear:both\"><\/div><div class=\"mashsb-toggle-container\"><\/div><\/aside>\n            <!-- Share buttons by mashshare.net - Version: 4.0.47-->\n<p><em>Por Gabriela Hern\u00e1ndez\/Zunoticia<\/em><\/p>\n\n\n\n<p><strong>Huejutla, Hgo.-<\/strong> La Escuela Normal &#8220;De las Huastecas&#8221; celebr\u00f3 el cierre de pr\u00e1cticas profesionales de las alumnas del octavo semestre de la Licenciatura en Educaci\u00f3n Preescolar Intercultural Biling\u00fce, marcando un paso fundamental en su formaci\u00f3n docente.<\/p>\n\n\n\n<p>El evento cont\u00f3 con la presencia del Jefe de Sector 01, Mtro. Juan Navarro \u00c1lvarez y de la Supervisora de la Zona 01, Mtra. Libia Hern\u00e1ndez, quienes refrendaron su compromiso con la educaci\u00f3n.<\/p>\n\n\n\n<figure class=\"wp-block-image size-full\"><img fetchpriority=\"high\" decoding=\"async\" width=\"1599\" height=\"1200\" src=\"https:\/\/www.zunoticia.com\/noticias-de-hidalgo\/wp-content\/uploads\/2025\/06\/eZy-Watermark_19-06-2025_07-10-33-4130p.m.jpg\" alt=\"\" class=\"wp-image-596917\"\/><\/figure>\n\n\n\n<p>La instituci\u00f3n agradeci\u00f3 el acompa\u00f1amiento de directivos, docentes y familias de los preescolares ind\u00edgenas &#8220;Luis Donaldo Colosio&#8221;, en Machetla II y &#8220;Guadalupe Victoria&#8221;, en Zihuatla, Huejutla, quienes ofrecieron orientaci\u00f3n y respaldo constante a las futuras maestras.<\/p>\n\n\n\n<p>Se reconoci\u00f3 tambi\u00e9n la valiosa participaci\u00f3n de madres, padres, ni\u00f1as y ni\u00f1os, as\u00ed como de las familias de las estudiantes normalistas, cuya colaboraci\u00f3n fue clave para el \u00e9xito del proceso.<\/p>\n\n\n\n<figure class=\"wp-block-image size-full\"><img decoding=\"async\" width=\"1599\" height=\"1200\" src=\"https:\/\/www.zunoticia.com\/noticias-de-hidalgo\/wp-content\/uploads\/2025\/06\/eZy-Watermark_19-06-2025_07-10-06-4810p.m.jpg\" alt=\"\" class=\"wp-image-596915\"\/><\/figure>\n\n\n\n<p>Por su parte, la casa de estudios de la Escuela Normal de las Huastecas reafirma su compromiso con una educaci\u00f3n intercultural y biling\u00fce&nbsp;de&nbsp;calidad.<\/p>\n","protected":false},"excerpt":{"rendered":"<p>Por Gabriela Hern\u00e1ndez\/Zunoticia Huejutla, Hgo.- La Escuela Normal &#8220;De las Huastecas&#8221; celebr\u00f3 el cierre de pr\u00e1cticas profesionales de las alumnas del octavo semestre de la Licenciatura en Educaci\u00f3n Preescolar Intercultural Biling\u00fce, marcando un paso fundamental en su formaci\u00f3n docente. El evento cont\u00f3 con la presencia del Jefe de Sector 01, Mtro. Juan Navarro \u00c1lvarez y&hellip; <a class=\"more-link\" href=\"https:\/\/www.zunoticia.com\/noticias-de-hidalgo\/2025\/06\/19\/concluyen-practicas-alumnas-de-educacion-preescolar-intercultural-bilingue\/\">Seguir leyendo <span class=\"screen-reader-text\">Concluyen pr\u00e1cticas alumnas de Educaci\u00f3n Preescolar Intercultural Biling\u00fce<\/span><\/a><\/p>\n","protected":false},"author":12,"featured_media":596916,"comment_status":"open","ping_status":"open","sticky":false,"template":"","format":"standard","meta":{"rop_custom_images_group":[],"rop_custom_messages_group":[],"rop_publish_now":"initial","rop_publish_now_accounts":{"facebook_10159540855086992_322828327761733":""},"rop_publish_now_history":[],"rop_publish_now_status":"pending","footnotes":""},"categories":[181],"tags":[121],"class_list":["post-596911","post","type-post","status-publish","format-standard","has-post-thumbnail","hentry","category-huejutla","tag-huejutla","entry"],"_links":{"self":[{"href":"https:\/\/www.zunoticia.com\/noticias-de-hidalgo\/wp-json\/wp\/v2\/posts\/596911","targetHints":{"allow":["GET"]}}],"collection":[{"href":"https:\/\/www.zunoticia.com\/noticias-de-hidalgo\/wp-json\/wp\/v2\/posts"}],"about":[{"href":"https:\/\/www.zunoticia.com\/noticias-de-hidalgo\/wp-json\/wp\/v2\/types\/post"}],"author":[{"embeddable":true,"href":"https:\/\/www.zunoticia.com\/noticias-de-hidalgo\/wp-json\/wp\/v2\/users\/12"}],"replies":[{"embeddable":true,"href":"https:\/\/www.zunoticia.com\/noticias-de-hidalgo\/wp-json\/wp\/v2\/comments?post=596911"}],"version-history":[{"count":1,"href":"https:\/\/www.zunoticia.com\/noticias-de-hidalgo\/wp-json\/wp\/v2\/posts\/596911\/revisions"}],"predecessor-version":[{"id":596921,"href":"https:\/\/www.zunoticia.com\/noticias-de-hidalgo\/wp-json\/wp\/v2\/posts\/596911\/revisions\/596921"}],"wp:featuredmedia":[{"embeddable":true,"href":"https:\/\/www.zunoticia.com\/noticias-de-hidalgo\/wp-json\/wp\/v2\/media\/596916"}],"wp:attachment":[{"href":"https:\/\/www.zunoticia.com\/noticias-de-hidalgo\/wp-json\/wp\/v2\/media?parent=596911"}],"wp:term":[{"taxonomy":"category","embeddable":true,"href":"https:\/\/www.zunoticia.com\/noticias-de-hidalgo\/wp-json\/wp\/v2\/categories?post=596911"},{"taxonomy":"post_tag","embeddable":true,"href":"https:\/\/www.zunoticia.com\/noticias-de-hidalgo\/wp-json\/wp\/v2\/tags?post=596911"}],"curies":[{"name":"wp","href":"https:\/\/api.w.org\/{rel}","templated":true}]}}