{"id":596925,"date":"2025-06-19T22:15:39","date_gmt":"2025-06-20T04:15:39","guid":{"rendered":"https:\/\/www.zunoticia.com\/noticias-de-hidalgo\/?p=596925"},"modified":"2025-06-19T22:15:42","modified_gmt":"2025-06-20T04:15:42","slug":"centro-pilares-y-dif-huejutla-promueven-desarrollo-infantil","status":"publish","type":"post","link":"https:\/\/www.zunoticia.com\/noticias-de-hidalgo\/2025\/06\/19\/centro-pilares-y-dif-huejutla-promueven-desarrollo-infantil\/","title":{"rendered":"Centro PILARES y DIF Huejutla promueven desarrollo infantil"},"content":{"rendered":"<aside class=\"mashsb-container mashsb-main mashsb-stretched\"><div class=\"mashsb-box\"><div class=\"mashsb-count mash-large\" style=\"float:left\"><div class=\"counts mashsbcount\">0<\/div><span class=\"mashsb-sharetext\">SHARES<\/span><\/div><div class=\"mashsb-buttons\"><a class=\"mashicon-facebook mash-large mash-center mashsb-noshadow\" href=\"https:\/\/www.facebook.com\/sharer.php?u=https%3A%2F%2Fwww.zunoticia.com%2Fnoticias-de-hidalgo%2F2025%2F06%2F19%2Fcentro-pilares-y-dif-huejutla-promueven-desarrollo-infantil%2F\" target=\"_top\" rel=\"nofollow\"><span class=\"icon\"><\/span><span class=\"text\">Share<\/span><\/a><a class=\"mashicon-twitter mash-large mash-center mashsb-noshadow\" href=\"https:\/\/twitter.com\/intent\/tweet?text=&amp;url=https:\/\/www.zunoticia.com\/noticias-de-hidalgo\/2025\/06\/19\/centro-pilares-y-dif-huejutla-promueven-desarrollo-infantil\/\" target=\"_top\" rel=\"nofollow\"><span class=\"icon\"><\/span><span class=\"text\">Tweet<\/span><\/a><div class=\"onoffswitch2 mash-large mashsb-noshadow\" style=\"display:none\"><\/div><\/div>\n            <\/div>\n                <div style=\"clear:both\"><\/div><div class=\"mashsb-toggle-container\"><\/div><\/aside>\n            <!-- Share buttons by mashshare.net - Version: 4.0.47-->\n<p><em>Por \u00c1ngel Osiris Castillo Garc\u00eda\/Zunoticia<\/em><\/p>\n\n\n\n<p><strong>Huejutla, Hgo.-<\/strong> Dando seguimiento al plan de trabajo del alcalde, Alfredo San Rom\u00e1n Duval, sobre la atenci\u00f3n preventiva en ni\u00f1os y adolescentes, el Centro PILARES lleva a cabo actividades con menores y padres de familia de manera general, de la mano del Sistema DIF Hidalgo.<\/p>\n\n\n\n<p>Lo anterior fue dado a conocer por la titular de dicha \u00e1rea, la psic\u00f3loga Yazm\u00edn Hern\u00e1ndez Esp\u00edndola, Coordinadora del centro Puntos de Innovaci\u00f3n, Libertad, Arte, Educaci\u00f3n y Saberes (PILARES), quien resalt\u00f3 que, dentro de la estrategia que se lleva a cabo por parte del alcalde para la prevenci\u00f3n de adicciones, as\u00ed como el rescate de valores en ni\u00f1os y adolescentes es que se mantiene un programa de actividades l\u00fadicas, art\u00edsticas, as\u00ed como pl\u00e1ticas.<\/p>\n\n\n\n<p>Explic\u00f3 que, se han conformado dos grupos, uno de ni\u00f1os de 6 a 11 a\u00f1os y otro de adolescentes que es de 12 a 16 a\u00f1os, explicando que anteriormente este programa, que es coordinado con el DIF del gobierno del estado de Hidalgo, solamente era dirigido a un sector, considerado como grupo vulnerable, pero gracias al DIF Huejutla y al apoyo de la presidenta Kristel Rodr\u00edguez, se ha logrado abrirlo a toda la poblaci\u00f3n.<\/p>\n\n\n\n<p>Incluso, refiri\u00f3 que se han logrado llevar estas pl\u00e1ticas a escuelas tanto de la zona urbana, como de la zona rural de Huejutla, pero, tambi\u00e9n, se han tenido solicitudes de otros municipios para implementar este mismo programa, lo que es una muestra de que est\u00e1 dando buenos resultados.<\/p>\n\n\n\n<p>Actualmente se cuenta con un aproximado de 60 alumnos, que, junto con sus padres, participan en las acciones que se realizan dentro del centro PILARES, que se encuentra a un costado de las oficina del CAPASHH.<\/p>\n","protected":false},"excerpt":{"rendered":"<p>Por \u00c1ngel Osiris Castillo Garc\u00eda\/Zunoticia Huejutla, Hgo.- Dando seguimiento al plan de trabajo del alcalde, Alfredo San Rom\u00e1n Duval, sobre la atenci\u00f3n preventiva en ni\u00f1os y adolescentes, el Centro PILARES lleva a cabo actividades con menores y padres de familia de manera general, de la mano del Sistema DIF Hidalgo. Lo anterior fue dado a&hellip; <a class=\"more-link\" href=\"https:\/\/www.zunoticia.com\/noticias-de-hidalgo\/2025\/06\/19\/centro-pilares-y-dif-huejutla-promueven-desarrollo-infantil\/\">Seguir leyendo <span class=\"screen-reader-text\">Centro PILARES y DIF Huejutla promueven desarrollo infantil<\/span><\/a><\/p>\n","protected":false},"author":12,"featured_media":596926,"comment_status":"open","ping_status":"open","sticky":false,"template":"","format":"standard","meta":{"rop_custom_images_group":[],"rop_custom_messages_group":[],"rop_publish_now":"initial","rop_publish_now_accounts":{"facebook_10159540855086992_322828327761733":""},"rop_publish_now_history":[],"rop_publish_now_status":"pending","footnotes":""},"categories":[1],"tags":[],"class_list":["post-596925","post","type-post","status-publish","format-standard","has-post-thumbnail","hentry","category-sin-categoria","entry"],"_links":{"self":[{"href":"https:\/\/www.zunoticia.com\/noticias-de-hidalgo\/wp-json\/wp\/v2\/posts\/596925","targetHints":{"allow":["GET"]}}],"collection":[{"href":"https:\/\/www.zunoticia.com\/noticias-de-hidalgo\/wp-json\/wp\/v2\/posts"}],"about":[{"href":"https:\/\/www.zunoticia.com\/noticias-de-hidalgo\/wp-json\/wp\/v2\/types\/post"}],"author":[{"embeddable":true,"href":"https:\/\/www.zunoticia.com\/noticias-de-hidalgo\/wp-json\/wp\/v2\/users\/12"}],"replies":[{"embeddable":true,"href":"https:\/\/www.zunoticia.com\/noticias-de-hidalgo\/wp-json\/wp\/v2\/comments?post=596925"}],"version-history":[{"count":1,"href":"https:\/\/www.zunoticia.com\/noticias-de-hidalgo\/wp-json\/wp\/v2\/posts\/596925\/revisions"}],"predecessor-version":[{"id":596932,"href":"https:\/\/www.zunoticia.com\/noticias-de-hidalgo\/wp-json\/wp\/v2\/posts\/596925\/revisions\/596932"}],"wp:featuredmedia":[{"embeddable":true,"href":"https:\/\/www.zunoticia.com\/noticias-de-hidalgo\/wp-json\/wp\/v2\/media\/596926"}],"wp:attachment":[{"href":"https:\/\/www.zunoticia.com\/noticias-de-hidalgo\/wp-json\/wp\/v2\/media?parent=596925"}],"wp:term":[{"taxonomy":"category","embeddable":true,"href":"https:\/\/www.zunoticia.com\/noticias-de-hidalgo\/wp-json\/wp\/v2\/categories?post=596925"},{"taxonomy":"post_tag","embeddable":true,"href":"https:\/\/www.zunoticia.com\/noticias-de-hidalgo\/wp-json\/wp\/v2\/tags?post=596925"}],"curies":[{"name":"wp","href":"https:\/\/api.w.org\/{rel}","templated":true}]}}