{"id":597703,"date":"2025-06-26T10:32:40","date_gmt":"2025-06-26T16:32:40","guid":{"rendered":"https:\/\/www.zunoticia.com\/noticias-de-hidalgo\/?p=597703"},"modified":"2025-06-26T10:32:41","modified_gmt":"2025-06-26T16:32:41","slug":"bloqueo-carretero-por-socavon","status":"publish","type":"post","link":"https:\/\/www.zunoticia.com\/noticias-de-hidalgo\/2025\/06\/26\/bloqueo-carretero-por-socavon\/","title":{"rendered":"Bloqueo carretero por socav\u00f3n"},"content":{"rendered":"<aside class=\"mashsb-container mashsb-main mashsb-stretched\"><div class=\"mashsb-box\"><div class=\"mashsb-count mash-large\" style=\"float:left\"><div class=\"counts mashsbcount\">0<\/div><span class=\"mashsb-sharetext\">SHARES<\/span><\/div><div class=\"mashsb-buttons\"><a class=\"mashicon-facebook mash-large mash-center mashsb-noshadow\" href=\"https:\/\/www.facebook.com\/sharer.php?u=https%3A%2F%2Fwww.zunoticia.com%2Fnoticias-de-hidalgo%2F2025%2F06%2F26%2Fbloqueo-carretero-por-socavon%2F\" target=\"_top\" rel=\"nofollow\"><span class=\"icon\"><\/span><span class=\"text\">Share<\/span><\/a><a class=\"mashicon-twitter mash-large mash-center mashsb-noshadow\" href=\"https:\/\/twitter.com\/intent\/tweet?text=&amp;url=https:\/\/www.zunoticia.com\/noticias-de-hidalgo\/2025\/06\/26\/bloqueo-carretero-por-socavon\/\" target=\"_top\" rel=\"nofollow\"><span class=\"icon\"><\/span><span class=\"text\">Tweet<\/span><\/a><div class=\"onoffswitch2 mash-large mashsb-noshadow\" style=\"display:none\"><\/div><\/div>\n            <\/div>\n                <div style=\"clear:both\"><\/div><div class=\"mashsb-toggle-container\"><\/div><\/aside>\n            <!-- Share buttons by mashshare.net - Version: 4.0.47-->\n<ul class=\"wp-block-list\">\n<li>Producto de las intensas lluvias que se han registrado en los \u00faltimos d\u00edas<\/li>\n<\/ul>\n\n\n\n<p><em>Por Roberto Ram\u00edrez \/Zunoticia<\/em><\/p>\n\n\n\n<p><strong>Tantoyuca, Ver. &#8211;<\/strong> La ma\u00f1ana de este jueves se abri\u00f3 un socav\u00f3n sobre la carretera federal 127 en su tramo Tantoyuca-San Sebasti\u00e1n, lo que ocasion\u00f3 el bloqueo total de esa r\u00faa federal, integrantes de la Guardia Nacional Carreteras exhortan a conductores a buscar v\u00edas alternas.<\/p>\n\n\n\n<p>El socav\u00f3n se abri\u00f3 como producto de las intensas lluvias que se registraron en los \u00faltimos d\u00edas, el hueco de alrededor de dos metros de di\u00e1metro se extendi\u00f3 en los dos carriles y la tierra con el paso del tiempo se abrir\u00e1 m\u00e1s, por ello que qued\u00f3 bloqueado esa importante v\u00eda.<\/p>\n\n\n\n<p>Al momento protecci\u00f3n civil de Tantoyuca acudieron a acordonar el lugar para evitar situaciones lamentables, por el momento solo hay paso peatonal. Integrantes de la Guardia Nacional Carreteras invitan a los conductores a extremar sus precauciones ya que esta carretera estar\u00e1 cerrada por varios d\u00edas.<\/p>\n\n\n\n<figure class=\"wp-block-image size-full\"><img fetchpriority=\"high\" decoding=\"async\" width=\"1080\" height=\"786\" src=\"https:\/\/www.zunoticia.com\/noticias-de-hidalgo\/wp-content\/uploads\/2025\/06\/Bloqueo-carretero-por-socavon-2.jpeg\" alt=\"\" class=\"wp-image-597705\"\/><figcaption class=\"wp-element-caption\">Foto Zunoticia: Bloqueo carretero por socav\u00f3n mantiene bloqueada la v\u00eda federal 127 tramo Tantoyuca-San Sebasti\u00e1n.<\/figcaption><\/figure>\n","protected":false},"excerpt":{"rendered":"<p>Por Roberto Ram\u00edrez \/Zunoticia Tantoyuca, Ver. &#8211; La ma\u00f1ana de este jueves se abri\u00f3 un socav\u00f3n sobre la carretera federal 127 en su tramo Tantoyuca-San Sebasti\u00e1n, lo que ocasion\u00f3 el bloqueo total de esa r\u00faa federal, integrantes de la Guardia Nacional Carreteras exhortan a conductores a buscar v\u00edas alternas. El socav\u00f3n se abri\u00f3 como producto&hellip; <a class=\"more-link\" href=\"https:\/\/www.zunoticia.com\/noticias-de-hidalgo\/2025\/06\/26\/bloqueo-carretero-por-socavon\/\">Seguir leyendo <span class=\"screen-reader-text\">Bloqueo carretero por socav\u00f3n<\/span><\/a><\/p>\n","protected":false},"author":23,"featured_media":597704,"comment_status":"open","ping_status":"open","sticky":false,"template":"","format":"standard","meta":{"rop_custom_images_group":[],"rop_custom_messages_group":[],"rop_publish_now":"initial","rop_publish_now_accounts":{"facebook_10159540855086992_322828327761733":""},"rop_publish_now_history":[],"rop_publish_now_status":"pending","footnotes":""},"categories":[178],"tags":[259],"class_list":["post-597703","post","type-post","status-publish","format-standard","has-post-thumbnail","hentry","category-policiaca","tag-policiaca","entry"],"_links":{"self":[{"href":"https:\/\/www.zunoticia.com\/noticias-de-hidalgo\/wp-json\/wp\/v2\/posts\/597703","targetHints":{"allow":["GET"]}}],"collection":[{"href":"https:\/\/www.zunoticia.com\/noticias-de-hidalgo\/wp-json\/wp\/v2\/posts"}],"about":[{"href":"https:\/\/www.zunoticia.com\/noticias-de-hidalgo\/wp-json\/wp\/v2\/types\/post"}],"author":[{"embeddable":true,"href":"https:\/\/www.zunoticia.com\/noticias-de-hidalgo\/wp-json\/wp\/v2\/users\/23"}],"replies":[{"embeddable":true,"href":"https:\/\/www.zunoticia.com\/noticias-de-hidalgo\/wp-json\/wp\/v2\/comments?post=597703"}],"version-history":[{"count":1,"href":"https:\/\/www.zunoticia.com\/noticias-de-hidalgo\/wp-json\/wp\/v2\/posts\/597703\/revisions"}],"predecessor-version":[{"id":597706,"href":"https:\/\/www.zunoticia.com\/noticias-de-hidalgo\/wp-json\/wp\/v2\/posts\/597703\/revisions\/597706"}],"wp:featuredmedia":[{"embeddable":true,"href":"https:\/\/www.zunoticia.com\/noticias-de-hidalgo\/wp-json\/wp\/v2\/media\/597704"}],"wp:attachment":[{"href":"https:\/\/www.zunoticia.com\/noticias-de-hidalgo\/wp-json\/wp\/v2\/media?parent=597703"}],"wp:term":[{"taxonomy":"category","embeddable":true,"href":"https:\/\/www.zunoticia.com\/noticias-de-hidalgo\/wp-json\/wp\/v2\/categories?post=597703"},{"taxonomy":"post_tag","embeddable":true,"href":"https:\/\/www.zunoticia.com\/noticias-de-hidalgo\/wp-json\/wp\/v2\/tags?post=597703"}],"curies":[{"name":"wp","href":"https:\/\/api.w.org\/{rel}","templated":true}]}}