{"id":597707,"date":"2025-06-26T12:03:54","date_gmt":"2025-06-26T18:03:54","guid":{"rendered":"https:\/\/www.zunoticia.com\/noticias-de-hidalgo\/?p=597707"},"modified":"2025-06-26T12:03:56","modified_gmt":"2025-06-26T18:03:56","slug":"hidalgo-potencia-en-marcha-menchaca-y-sheinbaum-oficializan-polos-de-desarrollo","status":"publish","type":"post","link":"https:\/\/www.zunoticia.com\/noticias-de-hidalgo\/2025\/06\/26\/hidalgo-potencia-en-marcha-menchaca-y-sheinbaum-oficializan-polos-de-desarrollo\/","title":{"rendered":"\u00a1Hidalgo, potencia en marcha!\u00a0Menchaca y Sheinbaum oficializan Polos de Desarrollo"},"content":{"rendered":"<aside class=\"mashsb-container mashsb-main mashsb-stretched\"><div class=\"mashsb-box\"><div class=\"mashsb-count mash-large\" style=\"float:left\"><div class=\"counts mashsbcount\">0<\/div><span class=\"mashsb-sharetext\">SHARES<\/span><\/div><div class=\"mashsb-buttons\"><a class=\"mashicon-facebook mash-large mash-center mashsb-noshadow\" href=\"https:\/\/www.facebook.com\/sharer.php?u=https%3A%2F%2Fwww.zunoticia.com%2Fnoticias-de-hidalgo%2F2025%2F06%2F26%2Fhidalgo-potencia-en-marcha-menchaca-y-sheinbaum-oficializan-polos-de-desarrollo%2F\" target=\"_top\" rel=\"nofollow\"><span class=\"icon\"><\/span><span class=\"text\">Share<\/span><\/a><a class=\"mashicon-twitter mash-large mash-center mashsb-noshadow\" href=\"https:\/\/twitter.com\/intent\/tweet?text=&amp;url=https:\/\/www.zunoticia.com\/noticias-de-hidalgo\/2025\/06\/26\/hidalgo-potencia-en-marcha-menchaca-y-sheinbaum-oficializan-polos-de-desarrollo\/\" target=\"_top\" rel=\"nofollow\"><span class=\"icon\"><\/span><span class=\"text\">Tweet<\/span><\/a><div class=\"onoffswitch2 mash-large mashsb-noshadow\" style=\"display:none\"><\/div><\/div>\n            <\/div>\n                <div style=\"clear:both\"><\/div><div class=\"mashsb-toggle-container\"><\/div><\/aside>\n            <!-- Share buttons by mashshare.net - Version: 4.0.47-->\n<p>&nbsp;\u25cf&nbsp; De los 15 nuevos Polos de Desarrollo Econ\u00f3mico&nbsp;para el Bienestar del pa\u00eds, dos se instalar\u00e1n en Hidalgo<\/p>\n\n\n\n<p><em>Por Redacci\u00f3n\/Zunoticia<\/em><\/p>\n\n\n\n<p><strong>Pachuca de Soto, Hgo<\/strong>.- El gobernador Julio Menchaca firm\u00f3 junto a la presidenta de M\u00e9xico, Claudia Sheinbaum, el convenio de los Polos de Desarrollo Econ\u00f3mico para el Bienestar, convirtiendo a Hidalgo en el \u00fanico estado que tendr\u00e1 dos polos, ubicados en la regi\u00f3n Tula y Zapotl\u00e1n, que representan una apuesta por el desarrollo econ\u00f3mico bajo un enfoque humanista.<\/p>\n\n\n\n<p>Desde Palacio Nacional, la mandataria federal destac\u00f3 que uno de los ejes del Plan M\u00e9xico son los Polos de Desarrollo, cuyo objetivo es atraer inversi\u00f3n nacional y extranjera mediante la creaci\u00f3n de cl\u00fasteres industriales en distintas regiones del pa\u00eds, a trav\u00e9s de incentivos fiscales y la simplificaci\u00f3n de tr\u00e1mites.<\/p>\n\n\n\n<p>Dichos polos no s\u00f3lo impulsar\u00e1n el crecimiento econ\u00f3mico, sino que promover\u00e1n el desarrollo urbano ordenado, con vivienda digna, empleos y servicios cercanos a las comunidades, bajo un enfoque sostenible.<\/p>\n\n\n\n<p>Julio Menchaca celebr\u00f3 la firma del convenio como un paso decisivo para consolidar el desarrollo econ\u00f3mico de Hidalgo, al se\u00f1alar que los dos nuevos polos son una oportunidad hist\u00f3rica para atraer inversiones estrat\u00e9gicas y mejorar directamente la calidad de vida de las y los hidalguenses.<\/p>\n\n\n\n<figure class=\"wp-block-image size-full\"><img fetchpriority=\"high\" decoding=\"async\" width=\"933\" height=\"524\" src=\"https:\/\/www.zunoticia.com\/noticias-de-hidalgo\/wp-content\/uploads\/2025\/06\/Zunoticia-Huejutla-1-258.png\" alt=\"\" class=\"wp-image-597709\"\/><\/figure>\n\n\n\n<p>\u201cHidalgo fue el estado que tuvo dos polos de desarrollo y se deja constancia de los compromisos de la presidenta de la Rep\u00fablica y en Hidalgo se refleja para poderlo hacerlo potencia\u201d, destac\u00f3 Menchaca, quien tambi\u00e9n subray\u00f3 que en lo que va de su administraci\u00f3n se han atra\u00eddo inversiones por m\u00e1s de 157 mil millones de pesos, que representan la generaci\u00f3n de m\u00e1s de 117 mil empleos.<\/p>\n\n\n\n<p>Asegur\u00f3 que la inclusi\u00f3n de Hidalgo en este modelo nacional reconoce el potencial de su gente, su ubicaci\u00f3n geogr\u00e1fica, su infraestructura, la robustez de su sistema educativo y su vocaci\u00f3n productiva, reafirmando que su gobierno trabaja en estrecha coordinaci\u00f3n con la federaci\u00f3n para garantizar que los beneficios lleguen a todas las regiones del estado, priorizando la justicia social, la sostenibilidad y la inclusi\u00f3n.<\/p>\n\n\n\n<p>Marcelo Ebrard Casaub\u00f3n, secretario de Econom\u00eda del Gobierno de M\u00e9xico, abund\u00f3 en que los Polos de Desarrollo son ecosistemas productivos articulados que van a dirigir las inversiones de sectores como la agroindustria, aeroespacial, electromovilidad y econom\u00eda circular; siendo este \u00faltimo uno de los que se concentrar\u00e1 en el estado de Hidalgo.<\/p>\n","protected":false},"excerpt":{"rendered":"<p>&nbsp;\u25cf&nbsp; De los 15 nuevos Polos de Desarrollo Econ\u00f3mico&nbsp;para el Bienestar del pa\u00eds, dos se instalar\u00e1n en Hidalgo Por Redacci\u00f3n\/Zunoticia Pachuca de Soto, Hgo.- El gobernador Julio Menchaca firm\u00f3 junto a la presidenta de M\u00e9xico, Claudia Sheinbaum, el convenio de los Polos de Desarrollo Econ\u00f3mico para el Bienestar, convirtiendo a Hidalgo en el \u00fanico estado&hellip; <a class=\"more-link\" href=\"https:\/\/www.zunoticia.com\/noticias-de-hidalgo\/2025\/06\/26\/hidalgo-potencia-en-marcha-menchaca-y-sheinbaum-oficializan-polos-de-desarrollo\/\">Seguir leyendo <span class=\"screen-reader-text\">\u00a1Hidalgo, potencia en marcha!\u00a0Menchaca y Sheinbaum oficializan Polos de Desarrollo<\/span><\/a><\/p>\n","protected":false},"author":20,"featured_media":597708,"comment_status":"open","ping_status":"open","sticky":false,"template":"","format":"standard","meta":{"rop_custom_images_group":[],"rop_custom_messages_group":[],"rop_publish_now":"initial","rop_publish_now_accounts":{"facebook_10159540855086992_322828327761733":""},"rop_publish_now_history":[],"rop_publish_now_status":"pending","footnotes":""},"categories":[208],"tags":[214],"class_list":["post-597707","post","type-post","status-publish","format-standard","has-post-thumbnail","hentry","category-estado","tag-estado","entry"],"_links":{"self":[{"href":"https:\/\/www.zunoticia.com\/noticias-de-hidalgo\/wp-json\/wp\/v2\/posts\/597707","targetHints":{"allow":["GET"]}}],"collection":[{"href":"https:\/\/www.zunoticia.com\/noticias-de-hidalgo\/wp-json\/wp\/v2\/posts"}],"about":[{"href":"https:\/\/www.zunoticia.com\/noticias-de-hidalgo\/wp-json\/wp\/v2\/types\/post"}],"author":[{"embeddable":true,"href":"https:\/\/www.zunoticia.com\/noticias-de-hidalgo\/wp-json\/wp\/v2\/users\/20"}],"replies":[{"embeddable":true,"href":"https:\/\/www.zunoticia.com\/noticias-de-hidalgo\/wp-json\/wp\/v2\/comments?post=597707"}],"version-history":[{"count":1,"href":"https:\/\/www.zunoticia.com\/noticias-de-hidalgo\/wp-json\/wp\/v2\/posts\/597707\/revisions"}],"predecessor-version":[{"id":597710,"href":"https:\/\/www.zunoticia.com\/noticias-de-hidalgo\/wp-json\/wp\/v2\/posts\/597707\/revisions\/597710"}],"wp:featuredmedia":[{"embeddable":true,"href":"https:\/\/www.zunoticia.com\/noticias-de-hidalgo\/wp-json\/wp\/v2\/media\/597708"}],"wp:attachment":[{"href":"https:\/\/www.zunoticia.com\/noticias-de-hidalgo\/wp-json\/wp\/v2\/media?parent=597707"}],"wp:term":[{"taxonomy":"category","embeddable":true,"href":"https:\/\/www.zunoticia.com\/noticias-de-hidalgo\/wp-json\/wp\/v2\/categories?post=597707"},{"taxonomy":"post_tag","embeddable":true,"href":"https:\/\/www.zunoticia.com\/noticias-de-hidalgo\/wp-json\/wp\/v2\/tags?post=597707"}],"curies":[{"name":"wp","href":"https:\/\/api.w.org\/{rel}","templated":true}]}}