{"id":597711,"date":"2025-06-26T12:25:22","date_gmt":"2025-06-26T18:25:22","guid":{"rendered":"https:\/\/www.zunoticia.com\/noticias-de-hidalgo\/?p=597711"},"modified":"2025-06-26T12:25:23","modified_gmt":"2025-06-26T18:25:23","slug":"en-procesion-se-llevan-al-padre-jesus-a-coyoltitla","status":"publish","type":"post","link":"https:\/\/www.zunoticia.com\/noticias-de-hidalgo\/2025\/06\/26\/en-procesion-se-llevan-al-padre-jesus-a-coyoltitla\/","title":{"rendered":"En procesi\u00f3n se llevan al Padre Jes\u00fas a Coyoltitla"},"content":{"rendered":"<aside class=\"mashsb-container mashsb-main mashsb-stretched\"><div class=\"mashsb-box\"><div class=\"mashsb-count mash-large\" style=\"float:left\"><div class=\"counts mashsbcount\">0<\/div><span class=\"mashsb-sharetext\">SHARES<\/span><\/div><div class=\"mashsb-buttons\"><a class=\"mashicon-facebook mash-large mash-center mashsb-noshadow\" href=\"https:\/\/www.facebook.com\/sharer.php?u=https%3A%2F%2Fwww.zunoticia.com%2Fnoticias-de-hidalgo%2F2025%2F06%2F26%2Fen-procesion-se-llevan-al-padre-jesus-a-coyoltitla%2F\" target=\"_top\" rel=\"nofollow\"><span class=\"icon\"><\/span><span class=\"text\">Share<\/span><\/a><a class=\"mashicon-twitter mash-large mash-center mashsb-noshadow\" href=\"https:\/\/twitter.com\/intent\/tweet?text=&amp;url=https:\/\/www.zunoticia.com\/noticias-de-hidalgo\/2025\/06\/26\/en-procesion-se-llevan-al-padre-jesus-a-coyoltitla\/\" target=\"_top\" rel=\"nofollow\"><span class=\"icon\"><\/span><span class=\"text\">Tweet<\/span><\/a><div class=\"onoffswitch2 mash-large mashsb-noshadow\" style=\"display:none\"><\/div><\/div>\n            <\/div>\n                <div style=\"clear:both\"><\/div><div class=\"mashsb-toggle-container\"><\/div><\/aside>\n            <!-- Share buttons by mashshare.net - Version: 4.0.47-->\n<p><em>Por Enedino Hern\u00e1ndez Alonso\/Zunoticia<\/em><\/p>\n\n\n\n<p><strong>Huejutla, Hgo<\/strong>.- Fieles cat\u00f3licos salieron durante la ma\u00f1ana del jueves, desde la Catedral Cristo Rey en procesi\u00f3n para una velaci\u00f3n, por la fiesta patronal en Coyoltitla, Huejutla, Hidalgo.<\/p>\n\n\n\n<p>Acompa\u00f1ados de una tradicional banda de viento y de un grupo de Inditas, los fieles cat\u00f3licos recorrieron las principales calles de la ciudad de Huejutla de Reyes.<\/p>\n\n\n\n<p>Con toda oportunidad los vecinos de Coyoltitla llegaron a la Catedral Cristo Rey, de donde sacaron al Padre Jes\u00fas para llev\u00e1rselo en procesi\u00f3n a su poblado, a una velaci\u00f3n por la fiesta patronal.<\/p>\n\n\n\n<p>Finalmente, es de esta manera como con procesiones y velaciones los fieles cat\u00f3licos de las comunidades ind\u00edgenas de la Huasteca fortalecen la fe y la devoci\u00f3n cat\u00f3lica.<\/p>\n\n\n\n<figure class=\"wp-block-gallery has-nested-images columns-default is-cropped wp-block-gallery-1 is-layout-flex wp-block-gallery-is-layout-flex\">\n<figure class=\"wp-block-image size-large\"><img fetchpriority=\"high\" decoding=\"async\" width=\"933\" height=\"524\" data-id=\"597713\" src=\"https:\/\/www.zunoticia.com\/noticias-de-hidalgo\/wp-content\/uploads\/2025\/06\/Zunoticia-Huejutla-2-140.png\" alt=\"\" class=\"wp-image-597713\"\/><\/figure>\n\n\n\n<figure class=\"wp-block-image size-large\"><img decoding=\"async\" width=\"933\" height=\"524\" data-id=\"597714\" src=\"https:\/\/www.zunoticia.com\/noticias-de-hidalgo\/wp-content\/uploads\/2025\/06\/Zunoticia-Huejutla-1-259.png\" alt=\"\" class=\"wp-image-597714\"\/><\/figure>\n<\/figure>\n","protected":false},"excerpt":{"rendered":"<p>Por Enedino Hern\u00e1ndez Alonso\/Zunoticia Huejutla, Hgo.- Fieles cat\u00f3licos salieron durante la ma\u00f1ana del jueves, desde la Catedral Cristo Rey en procesi\u00f3n para una velaci\u00f3n, por la fiesta patronal en Coyoltitla, Huejutla, Hidalgo. Acompa\u00f1ados de una tradicional banda de viento y de un grupo de Inditas, los fieles cat\u00f3licos recorrieron las principales calles de la ciudad&hellip; <a class=\"more-link\" href=\"https:\/\/www.zunoticia.com\/noticias-de-hidalgo\/2025\/06\/26\/en-procesion-se-llevan-al-padre-jesus-a-coyoltitla\/\">Seguir leyendo <span class=\"screen-reader-text\">En procesi\u00f3n se llevan al Padre Jes\u00fas a Coyoltitla<\/span><\/a><\/p>\n","protected":false},"author":20,"featured_media":597712,"comment_status":"open","ping_status":"open","sticky":false,"template":"","format":"standard","meta":{"rop_custom_images_group":[],"rop_custom_messages_group":[],"rop_publish_now":"initial","rop_publish_now_accounts":{"facebook_10159540855086992_322828327761733":""},"rop_publish_now_history":[],"rop_publish_now_status":"pending","footnotes":""},"categories":[181],"tags":[121],"class_list":["post-597711","post","type-post","status-publish","format-standard","has-post-thumbnail","hentry","category-huejutla","tag-huejutla","entry"],"_links":{"self":[{"href":"https:\/\/www.zunoticia.com\/noticias-de-hidalgo\/wp-json\/wp\/v2\/posts\/597711","targetHints":{"allow":["GET"]}}],"collection":[{"href":"https:\/\/www.zunoticia.com\/noticias-de-hidalgo\/wp-json\/wp\/v2\/posts"}],"about":[{"href":"https:\/\/www.zunoticia.com\/noticias-de-hidalgo\/wp-json\/wp\/v2\/types\/post"}],"author":[{"embeddable":true,"href":"https:\/\/www.zunoticia.com\/noticias-de-hidalgo\/wp-json\/wp\/v2\/users\/20"}],"replies":[{"embeddable":true,"href":"https:\/\/www.zunoticia.com\/noticias-de-hidalgo\/wp-json\/wp\/v2\/comments?post=597711"}],"version-history":[{"count":1,"href":"https:\/\/www.zunoticia.com\/noticias-de-hidalgo\/wp-json\/wp\/v2\/posts\/597711\/revisions"}],"predecessor-version":[{"id":597715,"href":"https:\/\/www.zunoticia.com\/noticias-de-hidalgo\/wp-json\/wp\/v2\/posts\/597711\/revisions\/597715"}],"wp:featuredmedia":[{"embeddable":true,"href":"https:\/\/www.zunoticia.com\/noticias-de-hidalgo\/wp-json\/wp\/v2\/media\/597712"}],"wp:attachment":[{"href":"https:\/\/www.zunoticia.com\/noticias-de-hidalgo\/wp-json\/wp\/v2\/media?parent=597711"}],"wp:term":[{"taxonomy":"category","embeddable":true,"href":"https:\/\/www.zunoticia.com\/noticias-de-hidalgo\/wp-json\/wp\/v2\/categories?post=597711"},{"taxonomy":"post_tag","embeddable":true,"href":"https:\/\/www.zunoticia.com\/noticias-de-hidalgo\/wp-json\/wp\/v2\/tags?post=597711"}],"curies":[{"name":"wp","href":"https:\/\/api.w.org\/{rel}","templated":true}]}}