{"id":597719,"date":"2025-06-26T13:58:41","date_gmt":"2025-06-26T19:58:41","guid":{"rendered":"https:\/\/www.zunoticia.com\/noticias-de-hidalgo\/?p=597719"},"modified":"2025-06-26T13:58:42","modified_gmt":"2025-06-26T19:58:42","slug":"instalan-modulo-de-informacion-por-el-dia-internacional-de-las-adicciones","status":"publish","type":"post","link":"https:\/\/www.zunoticia.com\/noticias-de-hidalgo\/2025\/06\/26\/instalan-modulo-de-informacion-por-el-dia-internacional-de-las-adicciones\/","title":{"rendered":"Instalan M\u00f3dulo de Informaci\u00f3n por el D\u00eda internacional de las adicciones"},"content":{"rendered":"<aside class=\"mashsb-container mashsb-main mashsb-stretched\"><div class=\"mashsb-box\"><div class=\"mashsb-count mash-large\" style=\"float:left\"><div class=\"counts mashsbcount\">0<\/div><span class=\"mashsb-sharetext\">SHARES<\/span><\/div><div class=\"mashsb-buttons\"><a class=\"mashicon-facebook mash-large mash-center mashsb-noshadow\" href=\"https:\/\/www.facebook.com\/sharer.php?u=https%3A%2F%2Fwww.zunoticia.com%2Fnoticias-de-hidalgo%2F2025%2F06%2F26%2Finstalan-modulo-de-informacion-por-el-dia-internacional-de-las-adicciones%2F\" target=\"_top\" rel=\"nofollow\"><span class=\"icon\"><\/span><span class=\"text\">Share<\/span><\/a><a class=\"mashicon-twitter mash-large mash-center mashsb-noshadow\" href=\"https:\/\/twitter.com\/intent\/tweet?text=&amp;url=https:\/\/www.zunoticia.com\/noticias-de-hidalgo\/2025\/06\/26\/instalan-modulo-de-informacion-por-el-dia-internacional-de-las-adicciones\/\" target=\"_top\" rel=\"nofollow\"><span class=\"icon\"><\/span><span class=\"text\">Tweet<\/span><\/a><div class=\"onoffswitch2 mash-large mashsb-noshadow\" style=\"display:none\"><\/div><\/div>\n            <\/div>\n                <div style=\"clear:both\"><\/div><div class=\"mashsb-toggle-container\"><\/div><\/aside>\n            <!-- Share buttons by mashshare.net - Version: 4.0.47-->\n<p><em>Por Enedino Hern\u00e1ndez Alonso\/Zunoticia<\/em><\/p>\n\n\n\n<p><strong>Huejutla, Hgo<\/strong> &#8211; En la Plaza 21 de Mayo de esta ciudad, personal del \u00e1rea de Prevenci\u00f3n de Adicciones de la presidencia municipal de Huejutla de Reyes instal\u00f3 un M\u00f3dulo de informaci\u00f3n, en donde se entregaron folletos en el marco del D\u00eda internacional de las adicciones.<\/p>\n\n\n\n<p>Mario Alberto Ram\u00edrez Arellano, integrante del \u00e1rea de Prevenci\u00f3n de Adicciones de la presidencia de Huejutla, consider\u00f3 importante vivir sin drogas, sin alcohol y sobre todo en decir no a las adicciones.<\/p>\n\n\n\n<p>Asimismo, se destaca que, algunas de las consecuencias del alcohol es que provocan la desintegraci\u00f3n familiar, la p\u00e9rdida de identidad y valores, la vinculaci\u00f3n en actividades delictivas, la p\u00e9rdida del trabajo, la deserci\u00f3n escolar, los accidentes de tr\u00e1nsito, suicidios y homicidios.<\/p>\n\n\n\n<p>Adem\u00e1s, se detalla que, los efectos de la droga son diversas, entre las que sobresale la depresi\u00f3n, ansiedad, agresi\u00f3n, derrames cerebrales, temor, falta de apetito, n\u00e1useas, fatiga, paranoia, alucinaciones, as\u00ed como problemas para dormir.<\/p>\n\n\n\n<p>Por todo ello, se recomienda prevenir el consumo de las drogas, que es anticiparse a que aparezca el consumo de drogas y alcohol para evitar sus da\u00f1os en la salud y proyectos de vida; significa reducir la influencia de aquellos factores que nos exponen a situaciones de riesgo y fortalecen los factores que nos protege del consumo de las mismas.<\/p>\n\n\n\n<p>Las personas interesadas en conocer u obtener mayor informaci\u00f3n sobre estas situaciones, pueden acudir con el personal del \u00e1rea de Prevenci\u00f3n de Adicciones de la presidencia municipal de Huejutla.<\/p>\n","protected":false},"excerpt":{"rendered":"<p>Por Enedino Hern\u00e1ndez Alonso\/Zunoticia Huejutla, Hgo &#8211; En la Plaza 21 de Mayo de esta ciudad, personal del \u00e1rea de Prevenci\u00f3n de Adicciones de la presidencia municipal de Huejutla de Reyes instal\u00f3 un M\u00f3dulo de informaci\u00f3n, en donde se entregaron folletos en el marco del D\u00eda internacional de las adicciones. Mario Alberto Ram\u00edrez Arellano, integrante&hellip; <a class=\"more-link\" href=\"https:\/\/www.zunoticia.com\/noticias-de-hidalgo\/2025\/06\/26\/instalan-modulo-de-informacion-por-el-dia-internacional-de-las-adicciones\/\">Seguir leyendo <span class=\"screen-reader-text\">Instalan M\u00f3dulo de Informaci\u00f3n por el D\u00eda internacional de las adicciones<\/span><\/a><\/p>\n","protected":false},"author":20,"featured_media":597720,"comment_status":"open","ping_status":"open","sticky":false,"template":"","format":"standard","meta":{"rop_custom_images_group":[],"rop_custom_messages_group":[],"rop_publish_now":"initial","rop_publish_now_accounts":{"facebook_10159540855086992_322828327761733":""},"rop_publish_now_history":[],"rop_publish_now_status":"pending","footnotes":""},"categories":[181],"tags":[121],"class_list":["post-597719","post","type-post","status-publish","format-standard","has-post-thumbnail","hentry","category-huejutla","tag-huejutla","entry"],"_links":{"self":[{"href":"https:\/\/www.zunoticia.com\/noticias-de-hidalgo\/wp-json\/wp\/v2\/posts\/597719","targetHints":{"allow":["GET"]}}],"collection":[{"href":"https:\/\/www.zunoticia.com\/noticias-de-hidalgo\/wp-json\/wp\/v2\/posts"}],"about":[{"href":"https:\/\/www.zunoticia.com\/noticias-de-hidalgo\/wp-json\/wp\/v2\/types\/post"}],"author":[{"embeddable":true,"href":"https:\/\/www.zunoticia.com\/noticias-de-hidalgo\/wp-json\/wp\/v2\/users\/20"}],"replies":[{"embeddable":true,"href":"https:\/\/www.zunoticia.com\/noticias-de-hidalgo\/wp-json\/wp\/v2\/comments?post=597719"}],"version-history":[{"count":1,"href":"https:\/\/www.zunoticia.com\/noticias-de-hidalgo\/wp-json\/wp\/v2\/posts\/597719\/revisions"}],"predecessor-version":[{"id":597721,"href":"https:\/\/www.zunoticia.com\/noticias-de-hidalgo\/wp-json\/wp\/v2\/posts\/597719\/revisions\/597721"}],"wp:featuredmedia":[{"embeddable":true,"href":"https:\/\/www.zunoticia.com\/noticias-de-hidalgo\/wp-json\/wp\/v2\/media\/597720"}],"wp:attachment":[{"href":"https:\/\/www.zunoticia.com\/noticias-de-hidalgo\/wp-json\/wp\/v2\/media?parent=597719"}],"wp:term":[{"taxonomy":"category","embeddable":true,"href":"https:\/\/www.zunoticia.com\/noticias-de-hidalgo\/wp-json\/wp\/v2\/categories?post=597719"},{"taxonomy":"post_tag","embeddable":true,"href":"https:\/\/www.zunoticia.com\/noticias-de-hidalgo\/wp-json\/wp\/v2\/tags?post=597719"}],"curies":[{"name":"wp","href":"https:\/\/api.w.org\/{rel}","templated":true}]}}