{"id":597739,"date":"2025-06-26T16:35:54","date_gmt":"2025-06-26T22:35:54","guid":{"rendered":"https:\/\/www.zunoticia.com\/noticias-de-hidalgo\/?p=597739"},"modified":"2025-06-26T16:35:55","modified_gmt":"2025-06-26T22:35:55","slug":"ith-realizo-reunion-del-consejo-de-vinculacion","status":"publish","type":"post","link":"https:\/\/www.zunoticia.com\/noticias-de-hidalgo\/2025\/06\/26\/ith-realizo-reunion-del-consejo-de-vinculacion\/","title":{"rendered":"ITH realiz\u00f3 reuni\u00f3n del Consejo de Vinculaci\u00f3n"},"content":{"rendered":"<aside class=\"mashsb-container mashsb-main mashsb-stretched\"><div class=\"mashsb-box\"><div class=\"mashsb-count mash-large\" style=\"float:left\"><div class=\"counts mashsbcount\">0<\/div><span class=\"mashsb-sharetext\">SHARES<\/span><\/div><div class=\"mashsb-buttons\"><a class=\"mashicon-facebook mash-large mash-center mashsb-noshadow\" href=\"https:\/\/www.facebook.com\/sharer.php?u=https%3A%2F%2Fwww.zunoticia.com%2Fnoticias-de-hidalgo%2F2025%2F06%2F26%2Fith-realizo-reunion-del-consejo-de-vinculacion%2F\" target=\"_top\" rel=\"nofollow\"><span class=\"icon\"><\/span><span class=\"text\">Share<\/span><\/a><a class=\"mashicon-twitter mash-large mash-center mashsb-noshadow\" href=\"https:\/\/twitter.com\/intent\/tweet?text=&amp;url=https:\/\/www.zunoticia.com\/noticias-de-hidalgo\/2025\/06\/26\/ith-realizo-reunion-del-consejo-de-vinculacion\/\" target=\"_top\" rel=\"nofollow\"><span class=\"icon\"><\/span><span class=\"text\">Tweet<\/span><\/a><div class=\"onoffswitch2 mash-large mashsb-noshadow\" style=\"display:none\"><\/div><\/div>\n            <\/div>\n                <div style=\"clear:both\"><\/div><div class=\"mashsb-toggle-container\"><\/div><\/aside>\n            <!-- Share buttons by mashshare.net - Version: 4.0.47-->\n<p><em>Por Gabriela Hern\u00e1ndez\/Zunoticia<\/em><\/p>\n\n\n\n<p><strong>Huejutla, Hgo<\/strong>.- El pasado mi\u00e9rcoles 25 de junio se llev\u00f3 a cabo la Reuni\u00f3n del Consejo de Vinculaci\u00f3n del ITH Huejutla, un espacio estrat\u00e9gico para fortalecer los lazos entre la instituci\u00f3n y los sectores productivo, social y educativo de la regi\u00f3n.<\/p>\n\n\n\n<p>La sesi\u00f3n fue inaugurada con las palabras de bienvenida del Ing. Jaime G\u00f3mez Guerra, presidente del Consejo de Vinculaci\u00f3n, y el mensaje institucional del Lic. Evaristo R. L\u00f3pez Hern\u00e1ndez, director del plantel.<\/p>\n\n\n\n<p>Se presentaron oficialmente nuevos programas educativos como parte del crecimiento de la oferta acad\u00e9mica: Licenciatura en Medicina Veterinaria y Zootecnia, por el MVZ. Pedro Azuara Bautista; Ingenier\u00eda en Ciberseguridad, por la Ing. Ioset Ivette Sandoval Vargas.<\/p>\n\n\n\n<p>Adem\u00e1s, se dieron a conocer actualizaciones de programas educativos en L\u00ednea: Ingenier\u00eda en Sistemas Computacionales, por la Ing. Ioset Ivette Sandoval Vargas; Ingenier\u00eda en Gesti\u00f3n Empresarial, por el Psic. Luis Miguel Velasco Barrag\u00e1n, ambas carreras estar\u00e1n disponibles en l\u00ednea a trav\u00e9s de TecNM Virtual, siendo las \u00fanicas dos ofertas educativas virtuales del plantel.<\/p>\n\n\n\n<p>Durante la sesi\u00f3n, el director Lic. Evaristo R. L\u00f3pez Hern\u00e1ndez tambi\u00e9n present\u00f3 un informe de avances y logros relacionados con temas generales del Instituto: Mantenimientos internos, Indicadores institucionales, Gestiones recientes y alianzas estrat\u00e9gicas.<\/p>\n\n\n\n<p>En el evento se cont\u00f3 con la valiosa presencia de directores y representantes de centros de educaci\u00f3n media superior como COBAEH, CECYTEH y CBTA No. 5, reafirmando su compromiso con la continuidad acad\u00e9mica y la colaboraci\u00f3n interinstitucional.<\/p>\n\n\n\n<figure class=\"wp-block-gallery has-nested-images columns-default is-cropped wp-block-gallery-1 is-layout-flex wp-block-gallery-is-layout-flex\">\n<figure class=\"wp-block-image size-large\"><img fetchpriority=\"high\" decoding=\"async\" width=\"933\" height=\"524\" data-id=\"597741\" src=\"https:\/\/www.zunoticia.com\/noticias-de-hidalgo\/wp-content\/uploads\/2025\/06\/Zunoticia-Huejutla-2-142.png\" alt=\"\" class=\"wp-image-597741\"\/><\/figure>\n\n\n\n<figure class=\"wp-block-image size-large\"><img decoding=\"async\" width=\"933\" height=\"524\" data-id=\"597742\" src=\"https:\/\/www.zunoticia.com\/noticias-de-hidalgo\/wp-content\/uploads\/2025\/06\/Zunoticia-Huejutla-1-263.png\" alt=\"\" class=\"wp-image-597742\"\/><\/figure>\n<\/figure>\n","protected":false},"excerpt":{"rendered":"<p>Por Gabriela Hern\u00e1ndez\/Zunoticia Huejutla, Hgo.- El pasado mi\u00e9rcoles 25 de junio se llev\u00f3 a cabo la Reuni\u00f3n del Consejo de Vinculaci\u00f3n del ITH Huejutla, un espacio estrat\u00e9gico para fortalecer los lazos entre la instituci\u00f3n y los sectores productivo, social y educativo de la regi\u00f3n. La sesi\u00f3n fue inaugurada con las palabras de bienvenida del Ing.&hellip; <a class=\"more-link\" href=\"https:\/\/www.zunoticia.com\/noticias-de-hidalgo\/2025\/06\/26\/ith-realizo-reunion-del-consejo-de-vinculacion\/\">Seguir leyendo <span class=\"screen-reader-text\">ITH realiz\u00f3 reuni\u00f3n del Consejo de Vinculaci\u00f3n<\/span><\/a><\/p>\n","protected":false},"author":20,"featured_media":597740,"comment_status":"open","ping_status":"open","sticky":false,"template":"","format":"standard","meta":{"rop_custom_images_group":[],"rop_custom_messages_group":[],"rop_publish_now":"initial","rop_publish_now_accounts":{"facebook_10159540855086992_322828327761733":""},"rop_publish_now_history":[],"rop_publish_now_status":"pending","footnotes":""},"categories":[181],"tags":[121],"class_list":["post-597739","post","type-post","status-publish","format-standard","has-post-thumbnail","hentry","category-huejutla","tag-huejutla","entry"],"_links":{"self":[{"href":"https:\/\/www.zunoticia.com\/noticias-de-hidalgo\/wp-json\/wp\/v2\/posts\/597739","targetHints":{"allow":["GET"]}}],"collection":[{"href":"https:\/\/www.zunoticia.com\/noticias-de-hidalgo\/wp-json\/wp\/v2\/posts"}],"about":[{"href":"https:\/\/www.zunoticia.com\/noticias-de-hidalgo\/wp-json\/wp\/v2\/types\/post"}],"author":[{"embeddable":true,"href":"https:\/\/www.zunoticia.com\/noticias-de-hidalgo\/wp-json\/wp\/v2\/users\/20"}],"replies":[{"embeddable":true,"href":"https:\/\/www.zunoticia.com\/noticias-de-hidalgo\/wp-json\/wp\/v2\/comments?post=597739"}],"version-history":[{"count":1,"href":"https:\/\/www.zunoticia.com\/noticias-de-hidalgo\/wp-json\/wp\/v2\/posts\/597739\/revisions"}],"predecessor-version":[{"id":597743,"href":"https:\/\/www.zunoticia.com\/noticias-de-hidalgo\/wp-json\/wp\/v2\/posts\/597739\/revisions\/597743"}],"wp:featuredmedia":[{"embeddable":true,"href":"https:\/\/www.zunoticia.com\/noticias-de-hidalgo\/wp-json\/wp\/v2\/media\/597740"}],"wp:attachment":[{"href":"https:\/\/www.zunoticia.com\/noticias-de-hidalgo\/wp-json\/wp\/v2\/media?parent=597739"}],"wp:term":[{"taxonomy":"category","embeddable":true,"href":"https:\/\/www.zunoticia.com\/noticias-de-hidalgo\/wp-json\/wp\/v2\/categories?post=597739"},{"taxonomy":"post_tag","embeddable":true,"href":"https:\/\/www.zunoticia.com\/noticias-de-hidalgo\/wp-json\/wp\/v2\/tags?post=597739"}],"curies":[{"name":"wp","href":"https:\/\/api.w.org\/{rel}","templated":true}]}}