{"id":597759,"date":"2025-06-26T17:38:10","date_gmt":"2025-06-26T23:38:10","guid":{"rendered":"https:\/\/www.zunoticia.com\/noticias-de-hidalgo\/?p=597759"},"modified":"2025-06-26T17:38:12","modified_gmt":"2025-06-26T23:38:12","slug":"canicula-inicia-el-3-de-julio-se-espera-que-entre-con-lluvias-cfhc","status":"publish","type":"post","link":"https:\/\/www.zunoticia.com\/noticias-de-hidalgo\/2025\/06\/26\/canicula-inicia-el-3-de-julio-se-espera-que-entre-con-lluvias-cfhc\/","title":{"rendered":"Can\u00edcula Inicia el 3 de julio, se espera que entre con lluvias: CFHC"},"content":{"rendered":"<aside class=\"mashsb-container mashsb-main mashsb-stretched\"><div class=\"mashsb-box\"><div class=\"mashsb-count mash-large\" style=\"float:left\"><div class=\"counts mashsbcount\">0<\/div><span class=\"mashsb-sharetext\">SHARES<\/span><\/div><div class=\"mashsb-buttons\"><a class=\"mashicon-facebook mash-large mash-center mashsb-noshadow\" href=\"https:\/\/www.facebook.com\/sharer.php?u=https%3A%2F%2Fwww.zunoticia.com%2Fnoticias-de-hidalgo%2F2025%2F06%2F26%2Fcanicula-inicia-el-3-de-julio-se-espera-que-entre-con-lluvias-cfhc%2F\" target=\"_top\" rel=\"nofollow\"><span class=\"icon\"><\/span><span class=\"text\">Share<\/span><\/a><a class=\"mashicon-twitter mash-large mash-center mashsb-noshadow\" href=\"https:\/\/twitter.com\/intent\/tweet?text=&amp;url=https:\/\/www.zunoticia.com\/noticias-de-hidalgo\/2025\/06\/26\/canicula-inicia-el-3-de-julio-se-espera-que-entre-con-lluvias-cfhc\/\" target=\"_top\" rel=\"nofollow\"><span class=\"icon\"><\/span><span class=\"text\">Tweet<\/span><\/a><div class=\"onoffswitch2 mash-large mashsb-noshadow\" style=\"display:none\"><\/div><\/div>\n            <\/div>\n                <div style=\"clear:both\"><\/div><div class=\"mashsb-toggle-container\"><\/div><\/aside>\n            <!-- Share buttons by mashshare.net - Version: 4.0.47-->\n<p><em>Por Enedino Hern\u00e1ndez Alonso\/Zunoticia<\/em><\/p>\n\n\n\n<p><strong>Huejutla, Hgo<\/strong>.- El periodo conocido como la Can\u00edcula inicia el d\u00eda 3 de julio, y comprende la temporada del a\u00f1o durante la cual el calor es m\u00e1s fuerte, confirma el instructor del Heroico Cuerpo de Bomberos en Huejutla, Carlos Francisco Hidalgo Contreras; quien destaca que, de acuerdo con los pron\u00f3sticos se espera que la can\u00edcula entre con lluvias.<\/p>\n\n\n\n<p>Se\u00f1ala \u201ces probable que se tenga desde ese momento los 40 d\u00edas m\u00e1s calurosos, pero ya verificando la can\u00edcula, probablemente entre como ya hace muchos a\u00f1os con lluvias, no pudieran registrarse tal vez los 40 d\u00edas m\u00e1s calurosos del a\u00f1o en comparaci\u00f3n con los que ya se registraron\u201d.<\/p>\n\n\n\n<p>Recuerda que, ya se registraron en la Huasteca d\u00edas calurosos con temperaturas de los 45 y hasta 48 grados; y de acuerdo con los pron\u00f3sticos que se tienen en el mes de julio, se van a registrar temperaturas m\u00ednimas de 22 y 25 grados y m\u00e1ximas de 31 y 33 grados; no se tienen pron\u00f3sticos o no se marcan temperaturas de m\u00e1s de 45 a 50 grados, como cuando son los d\u00edas m\u00e1s calurosos.<\/p>\n\n\n\n<p>Adem\u00e1s, expone que, se verifica que para el mes de agosto en donde se pronostican temperaturas entre 32 y 35 grados a la sombra y probablemente entre 42 a 43 grados al sol con la sensaci\u00f3n t\u00e9rmica, pero se espera que la can\u00edcula entre con lluvias.<\/p>\n\n\n\n<p>Concluye que, de acuerdo con los pron\u00f3sticos que se tienen, se esperan lluvias al finalizar junio, julio, agosto y septiembre \u201cser\u00e1n de muchas lluvias, y se espera que la can\u00edcula no entre tan marcada como hace un a\u00f1o\u201d.<\/p>\n","protected":false},"excerpt":{"rendered":"<p>Por Enedino Hern\u00e1ndez Alonso\/Zunoticia Huejutla, Hgo.- El periodo conocido como la Can\u00edcula inicia el d\u00eda 3 de julio, y comprende la temporada del a\u00f1o durante la cual el calor es m\u00e1s fuerte, confirma el instructor del Heroico Cuerpo de Bomberos en Huejutla, Carlos Francisco Hidalgo Contreras; quien destaca que, de acuerdo con los pron\u00f3sticos se&hellip; <a class=\"more-link\" href=\"https:\/\/www.zunoticia.com\/noticias-de-hidalgo\/2025\/06\/26\/canicula-inicia-el-3-de-julio-se-espera-que-entre-con-lluvias-cfhc\/\">Seguir leyendo <span class=\"screen-reader-text\">Can\u00edcula Inicia el 3 de julio, se espera que entre con lluvias: CFHC<\/span><\/a><\/p>\n","protected":false},"author":20,"featured_media":597760,"comment_status":"open","ping_status":"open","sticky":false,"template":"","format":"standard","meta":{"rop_custom_images_group":[],"rop_custom_messages_group":[],"rop_publish_now":"initial","rop_publish_now_accounts":{"facebook_10159540855086992_322828327761733":""},"rop_publish_now_history":[],"rop_publish_now_status":"pending","footnotes":""},"categories":[181],"tags":[121],"class_list":["post-597759","post","type-post","status-publish","format-standard","has-post-thumbnail","hentry","category-huejutla","tag-huejutla","entry"],"_links":{"self":[{"href":"https:\/\/www.zunoticia.com\/noticias-de-hidalgo\/wp-json\/wp\/v2\/posts\/597759","targetHints":{"allow":["GET"]}}],"collection":[{"href":"https:\/\/www.zunoticia.com\/noticias-de-hidalgo\/wp-json\/wp\/v2\/posts"}],"about":[{"href":"https:\/\/www.zunoticia.com\/noticias-de-hidalgo\/wp-json\/wp\/v2\/types\/post"}],"author":[{"embeddable":true,"href":"https:\/\/www.zunoticia.com\/noticias-de-hidalgo\/wp-json\/wp\/v2\/users\/20"}],"replies":[{"embeddable":true,"href":"https:\/\/www.zunoticia.com\/noticias-de-hidalgo\/wp-json\/wp\/v2\/comments?post=597759"}],"version-history":[{"count":1,"href":"https:\/\/www.zunoticia.com\/noticias-de-hidalgo\/wp-json\/wp\/v2\/posts\/597759\/revisions"}],"predecessor-version":[{"id":597761,"href":"https:\/\/www.zunoticia.com\/noticias-de-hidalgo\/wp-json\/wp\/v2\/posts\/597759\/revisions\/597761"}],"wp:featuredmedia":[{"embeddable":true,"href":"https:\/\/www.zunoticia.com\/noticias-de-hidalgo\/wp-json\/wp\/v2\/media\/597760"}],"wp:attachment":[{"href":"https:\/\/www.zunoticia.com\/noticias-de-hidalgo\/wp-json\/wp\/v2\/media?parent=597759"}],"wp:term":[{"taxonomy":"category","embeddable":true,"href":"https:\/\/www.zunoticia.com\/noticias-de-hidalgo\/wp-json\/wp\/v2\/categories?post=597759"},{"taxonomy":"post_tag","embeddable":true,"href":"https:\/\/www.zunoticia.com\/noticias-de-hidalgo\/wp-json\/wp\/v2\/tags?post=597759"}],"curies":[{"name":"wp","href":"https:\/\/api.w.org\/{rel}","templated":true}]}}