{"id":597762,"date":"2025-06-26T17:51:20","date_gmt":"2025-06-26T23:51:20","guid":{"rendered":"https:\/\/www.zunoticia.com\/noticias-de-hidalgo\/?p=597762"},"modified":"2025-06-26T17:51:21","modified_gmt":"2025-06-26T23:51:21","slug":"transeuntes-solicitan-que-se-remarquen-los-pasos-peatonales-del-centro-historico","status":"publish","type":"post","link":"https:\/\/www.zunoticia.com\/noticias-de-hidalgo\/2025\/06\/26\/transeuntes-solicitan-que-se-remarquen-los-pasos-peatonales-del-centro-historico\/","title":{"rendered":"Transe\u00fantes solicitan que se remarquen los pasos peatonales del Centro Hist\u00f3rico"},"content":{"rendered":"<aside class=\"mashsb-container mashsb-main mashsb-stretched\"><div class=\"mashsb-box\"><div class=\"mashsb-count mash-large\" style=\"float:left\"><div class=\"counts mashsbcount\">0<\/div><span class=\"mashsb-sharetext\">SHARES<\/span><\/div><div class=\"mashsb-buttons\"><a class=\"mashicon-facebook mash-large mash-center mashsb-noshadow\" href=\"https:\/\/www.facebook.com\/sharer.php?u=https%3A%2F%2Fwww.zunoticia.com%2Fnoticias-de-hidalgo%2F2025%2F06%2F26%2Ftranseuntes-solicitan-que-se-remarquen-los-pasos-peatonales-del-centro-historico%2F\" target=\"_top\" rel=\"nofollow\"><span class=\"icon\"><\/span><span class=\"text\">Share<\/span><\/a><a class=\"mashicon-twitter mash-large mash-center mashsb-noshadow\" href=\"https:\/\/twitter.com\/intent\/tweet?text=&amp;url=https:\/\/www.zunoticia.com\/noticias-de-hidalgo\/2025\/06\/26\/transeuntes-solicitan-que-se-remarquen-los-pasos-peatonales-del-centro-historico\/\" target=\"_top\" rel=\"nofollow\"><span class=\"icon\"><\/span><span class=\"text\">Tweet<\/span><\/a><div class=\"onoffswitch2 mash-large mashsb-noshadow\" style=\"display:none\"><\/div><\/div>\n            <\/div>\n                <div style=\"clear:both\"><\/div><div class=\"mashsb-toggle-container\"><\/div><\/aside>\n            <!-- Share buttons by mashshare.net - Version: 4.0.47-->\n<p><em>Por Salvador Altamirano\/Zunoticia<\/em><\/p>\n\n\n\n<p><strong>Huejutla, Hgo.-<\/strong> Habitantes de la poblaci\u00f3n, en especial madres de familia, refirieron que los pasos peatonales son vitales para garantizar la seguridad de las personas al cruzar una calle,&nbsp; reduciendo el peligro de accidentes.<\/p>\n\n\n\n<p>Especificaron que, un &#8220;paso peatonal&#8221; es una zona designada en la v\u00eda p\u00fablica donde los transe\u00fantes tienen la prioridad para cruzar una calle, y proporcionan una movilidad urbana segura y ordenada, fomentando una mejor convivencia entre peatones y conductores de veh\u00edculos.<\/p>\n\n\n\n<p>Por tal motivo, solicitan remarcar los pasos peatonales ubicados en avenidas del Centro Hist\u00f3rico, los cuales est\u00e1n despintados y opacados visualmente de manera parcial.<\/p>\n\n\n\n<p>Ana Mar\u00eda Guti\u00e9rrez, refiri\u00f3 que, un paso peatonal debe de estar bien pintado y muy visible, para garantizar la seguridad de quien cruza la calle y la claridad para los conductores, ya que la pintura desgastada o inexistente puede generar confusi\u00f3n y aumentar el riesgo de accidentes.<\/p>\n\n\n\n<p>Para finalizar, subray\u00f3 que, es esencial que las autoridades responsables mantengan los pasos peatonales en buen estado con pintura fresca y visible, para garantizar un cruce seguro para todos.<\/p>\n","protected":false},"excerpt":{"rendered":"<p>Por Salvador Altamirano\/Zunoticia Huejutla, Hgo.- Habitantes de la poblaci\u00f3n, en especial madres de familia, refirieron que los pasos peatonales son vitales para garantizar la seguridad de las personas al cruzar una calle,&nbsp; reduciendo el peligro de accidentes. Especificaron que, un &#8220;paso peatonal&#8221; es una zona designada en la v\u00eda p\u00fablica donde los transe\u00fantes tienen la&hellip; <a class=\"more-link\" href=\"https:\/\/www.zunoticia.com\/noticias-de-hidalgo\/2025\/06\/26\/transeuntes-solicitan-que-se-remarquen-los-pasos-peatonales-del-centro-historico\/\">Seguir leyendo <span class=\"screen-reader-text\">Transe\u00fantes solicitan que se remarquen los pasos peatonales del Centro Hist\u00f3rico<\/span><\/a><\/p>\n","protected":false},"author":20,"featured_media":597763,"comment_status":"open","ping_status":"open","sticky":false,"template":"","format":"standard","meta":{"rop_custom_images_group":[],"rop_custom_messages_group":[],"rop_publish_now":"initial","rop_publish_now_accounts":{"facebook_10159540855086992_322828327761733":""},"rop_publish_now_history":[],"rop_publish_now_status":"pending","footnotes":""},"categories":[181],"tags":[121],"class_list":["post-597762","post","type-post","status-publish","format-standard","has-post-thumbnail","hentry","category-huejutla","tag-huejutla","entry"],"_links":{"self":[{"href":"https:\/\/www.zunoticia.com\/noticias-de-hidalgo\/wp-json\/wp\/v2\/posts\/597762","targetHints":{"allow":["GET"]}}],"collection":[{"href":"https:\/\/www.zunoticia.com\/noticias-de-hidalgo\/wp-json\/wp\/v2\/posts"}],"about":[{"href":"https:\/\/www.zunoticia.com\/noticias-de-hidalgo\/wp-json\/wp\/v2\/types\/post"}],"author":[{"embeddable":true,"href":"https:\/\/www.zunoticia.com\/noticias-de-hidalgo\/wp-json\/wp\/v2\/users\/20"}],"replies":[{"embeddable":true,"href":"https:\/\/www.zunoticia.com\/noticias-de-hidalgo\/wp-json\/wp\/v2\/comments?post=597762"}],"version-history":[{"count":1,"href":"https:\/\/www.zunoticia.com\/noticias-de-hidalgo\/wp-json\/wp\/v2\/posts\/597762\/revisions"}],"predecessor-version":[{"id":597764,"href":"https:\/\/www.zunoticia.com\/noticias-de-hidalgo\/wp-json\/wp\/v2\/posts\/597762\/revisions\/597764"}],"wp:featuredmedia":[{"embeddable":true,"href":"https:\/\/www.zunoticia.com\/noticias-de-hidalgo\/wp-json\/wp\/v2\/media\/597763"}],"wp:attachment":[{"href":"https:\/\/www.zunoticia.com\/noticias-de-hidalgo\/wp-json\/wp\/v2\/media?parent=597762"}],"wp:term":[{"taxonomy":"category","embeddable":true,"href":"https:\/\/www.zunoticia.com\/noticias-de-hidalgo\/wp-json\/wp\/v2\/categories?post=597762"},{"taxonomy":"post_tag","embeddable":true,"href":"https:\/\/www.zunoticia.com\/noticias-de-hidalgo\/wp-json\/wp\/v2\/tags?post=597762"}],"curies":[{"name":"wp","href":"https:\/\/api.w.org\/{rel}","templated":true}]}}