{"id":597795,"date":"2025-06-26T19:24:48","date_gmt":"2025-06-27T01:24:48","guid":{"rendered":"https:\/\/www.zunoticia.com\/noticias-de-hidalgo\/?p=597795"},"modified":"2025-06-26T19:24:49","modified_gmt":"2025-06-27T01:24:49","slug":"gobierno-de-hidalgo-instala-comite-tecnico-para-fortalecer-atencion-a-desastres","status":"publish","type":"post","link":"https:\/\/www.zunoticia.com\/noticias-de-hidalgo\/2025\/06\/26\/gobierno-de-hidalgo-instala-comite-tecnico-para-fortalecer-atencion-a-desastres\/","title":{"rendered":"Gobierno de Hidalgo Instala Comit\u00e9 T\u00e9cnico para fortalecer atenci\u00f3n a desastres"},"content":{"rendered":"<aside class=\"mashsb-container mashsb-main mashsb-stretched\"><div class=\"mashsb-box\"><div class=\"mashsb-count mash-large\" style=\"float:left\"><div class=\"counts mashsbcount\">0<\/div><span class=\"mashsb-sharetext\">SHARES<\/span><\/div><div class=\"mashsb-buttons\"><a class=\"mashicon-facebook mash-large mash-center mashsb-noshadow\" href=\"https:\/\/www.facebook.com\/sharer.php?u=https%3A%2F%2Fwww.zunoticia.com%2Fnoticias-de-hidalgo%2F2025%2F06%2F26%2Fgobierno-de-hidalgo-instala-comite-tecnico-para-fortalecer-atencion-a-desastres%2F\" target=\"_top\" rel=\"nofollow\"><span class=\"icon\"><\/span><span class=\"text\">Share<\/span><\/a><a class=\"mashicon-twitter mash-large mash-center mashsb-noshadow\" href=\"https:\/\/twitter.com\/intent\/tweet?text=&amp;url=https:\/\/www.zunoticia.com\/noticias-de-hidalgo\/2025\/06\/26\/gobierno-de-hidalgo-instala-comite-tecnico-para-fortalecer-atencion-a-desastres\/\" target=\"_top\" rel=\"nofollow\"><span class=\"icon\"><\/span><span class=\"text\">Tweet<\/span><\/a><div class=\"onoffswitch2 mash-large mashsb-noshadow\" style=\"display:none\"><\/div><\/div>\n            <\/div>\n                <div style=\"clear:both\"><\/div><div class=\"mashsb-toggle-container\"><\/div><\/aside>\n            <!-- Share buttons by mashshare.net - Version: 4.0.47-->\n<ul class=\"wp-block-list\">\n<li>Aprueban lineamientos para el uso eficiente, transparente y legal de los recursos del fideicomiso.<\/li>\n<\/ul>\n\n\n\n<p><em>Por Redacci\u00f3n\/Zunoticia<\/em><\/p>\n\n\n\n<p><strong>Pachuca de Soto, Hgo<\/strong>.- Con el prop\u00f3sito de fortalecer la gesti\u00f3n de recursos ante contingencias naturales, se desarrollaron la Primera y Segunda Sesi\u00f3n Extraordinaria del Comit\u00e9 T\u00e9cnico del Fideicomiso del Fondo para la Atenci\u00f3n de Desastres.<\/p>\n\n\n\n<p>\u201cLa formalizaci\u00f3n de este comit\u00e9 t\u00e9cnico es un paso clave para garantizar que los recursos se administren con eficiencia, transparencia y apego a la legalidad\u201d, subray\u00f3 Guillermo Olivares Reyna, secretario de Gobierno.<\/p>\n\n\n\n<p>El servidor p\u00fablico enfatiz\u00f3 que las instancias gubernamentales deben contar con los medios necesarios para actuar de manera inmediata, pues \u201crefleja el compromiso por tener siempre los recursos indispensables para atender las contingencias que se presentan sin previo aviso y, en algunos casos, con mayor intensidad\u201d.<\/p>\n\n\n\n<p>Finalmente, reconoci\u00f3 el liderazgo del gobernador: \u201cJulio Menchaca Salazar siempre est\u00e1 dispuesto a poner al centro a quienes m\u00e1s lo necesitan\u201d.<\/p>\n\n\n\n<figure class=\"wp-block-image size-full\"><img fetchpriority=\"high\" decoding=\"async\" width=\"933\" height=\"524\" src=\"https:\/\/www.zunoticia.com\/noticias-de-hidalgo\/wp-content\/uploads\/2025\/06\/Zunoticia-Huejutla-1-271.png\" alt=\"\" class=\"wp-image-597797\"\/><\/figure>\n","protected":false},"excerpt":{"rendered":"<p>Por Redacci\u00f3n\/Zunoticia Pachuca de Soto, Hgo.- Con el prop\u00f3sito de fortalecer la gesti\u00f3n de recursos ante contingencias naturales, se desarrollaron la Primera y Segunda Sesi\u00f3n Extraordinaria del Comit\u00e9 T\u00e9cnico del Fideicomiso del Fondo para la Atenci\u00f3n de Desastres. \u201cLa formalizaci\u00f3n de este comit\u00e9 t\u00e9cnico es un paso clave para garantizar que los recursos se administren&hellip; <a class=\"more-link\" href=\"https:\/\/www.zunoticia.com\/noticias-de-hidalgo\/2025\/06\/26\/gobierno-de-hidalgo-instala-comite-tecnico-para-fortalecer-atencion-a-desastres\/\">Seguir leyendo <span class=\"screen-reader-text\">Gobierno de Hidalgo Instala Comit\u00e9 T\u00e9cnico para fortalecer atenci\u00f3n a desastres<\/span><\/a><\/p>\n","protected":false},"author":20,"featured_media":597796,"comment_status":"open","ping_status":"open","sticky":false,"template":"","format":"standard","meta":{"rop_custom_images_group":[],"rop_custom_messages_group":[],"rop_publish_now":"initial","rop_publish_now_accounts":{"facebook_10159540855086992_322828327761733":""},"rop_publish_now_history":[],"rop_publish_now_status":"pending","footnotes":""},"categories":[208],"tags":[214],"class_list":["post-597795","post","type-post","status-publish","format-standard","has-post-thumbnail","hentry","category-estado","tag-estado","entry"],"_links":{"self":[{"href":"https:\/\/www.zunoticia.com\/noticias-de-hidalgo\/wp-json\/wp\/v2\/posts\/597795","targetHints":{"allow":["GET"]}}],"collection":[{"href":"https:\/\/www.zunoticia.com\/noticias-de-hidalgo\/wp-json\/wp\/v2\/posts"}],"about":[{"href":"https:\/\/www.zunoticia.com\/noticias-de-hidalgo\/wp-json\/wp\/v2\/types\/post"}],"author":[{"embeddable":true,"href":"https:\/\/www.zunoticia.com\/noticias-de-hidalgo\/wp-json\/wp\/v2\/users\/20"}],"replies":[{"embeddable":true,"href":"https:\/\/www.zunoticia.com\/noticias-de-hidalgo\/wp-json\/wp\/v2\/comments?post=597795"}],"version-history":[{"count":1,"href":"https:\/\/www.zunoticia.com\/noticias-de-hidalgo\/wp-json\/wp\/v2\/posts\/597795\/revisions"}],"predecessor-version":[{"id":597798,"href":"https:\/\/www.zunoticia.com\/noticias-de-hidalgo\/wp-json\/wp\/v2\/posts\/597795\/revisions\/597798"}],"wp:featuredmedia":[{"embeddable":true,"href":"https:\/\/www.zunoticia.com\/noticias-de-hidalgo\/wp-json\/wp\/v2\/media\/597796"}],"wp:attachment":[{"href":"https:\/\/www.zunoticia.com\/noticias-de-hidalgo\/wp-json\/wp\/v2\/media?parent=597795"}],"wp:term":[{"taxonomy":"category","embeddable":true,"href":"https:\/\/www.zunoticia.com\/noticias-de-hidalgo\/wp-json\/wp\/v2\/categories?post=597795"},{"taxonomy":"post_tag","embeddable":true,"href":"https:\/\/www.zunoticia.com\/noticias-de-hidalgo\/wp-json\/wp\/v2\/tags?post=597795"}],"curies":[{"name":"wp","href":"https:\/\/api.w.org\/{rel}","templated":true}]}}