{"id":597808,"date":"2025-06-26T20:24:11","date_gmt":"2025-06-27T02:24:11","guid":{"rendered":"https:\/\/www.zunoticia.com\/noticias-de-hidalgo\/?p=597808"},"modified":"2025-06-26T20:24:13","modified_gmt":"2025-06-27T02:24:13","slug":"brindaran-conferencias-con-causa-ponentes-de-talla-internacional","status":"publish","type":"post","link":"https:\/\/www.zunoticia.com\/noticias-de-hidalgo\/2025\/06\/26\/brindaran-conferencias-con-causa-ponentes-de-talla-internacional\/","title":{"rendered":"Brindar\u00e1n conferencias con causa ponentes de talla internacional"},"content":{"rendered":"<aside class=\"mashsb-container mashsb-main mashsb-stretched\"><div class=\"mashsb-box\"><div class=\"mashsb-count mash-large\" style=\"float:left\"><div class=\"counts mashsbcount\">0<\/div><span class=\"mashsb-sharetext\">SHARES<\/span><\/div><div class=\"mashsb-buttons\"><a class=\"mashicon-facebook mash-large mash-center mashsb-noshadow\" href=\"https:\/\/www.facebook.com\/sharer.php?u=https%3A%2F%2Fwww.zunoticia.com%2Fnoticias-de-hidalgo%2F2025%2F06%2F26%2Fbrindaran-conferencias-con-causa-ponentes-de-talla-internacional%2F\" target=\"_top\" rel=\"nofollow\"><span class=\"icon\"><\/span><span class=\"text\">Share<\/span><\/a><a class=\"mashicon-twitter mash-large mash-center mashsb-noshadow\" href=\"https:\/\/twitter.com\/intent\/tweet?text=&amp;url=https:\/\/www.zunoticia.com\/noticias-de-hidalgo\/2025\/06\/26\/brindaran-conferencias-con-causa-ponentes-de-talla-internacional\/\" target=\"_top\" rel=\"nofollow\"><span class=\"icon\"><\/span><span class=\"text\">Tweet<\/span><\/a><div class=\"onoffswitch2 mash-large mashsb-noshadow\" style=\"display:none\"><\/div><\/div>\n            <\/div>\n                <div style=\"clear:both\"><\/div><div class=\"mashsb-toggle-container\"><\/div><\/aside>\n            <!-- Share buttons by mashshare.net - Version: 4.0.47-->\n<p><em>Por Enedino Hern\u00e1ndez Alonso\/Zunoticia<\/em><\/p>\n\n\n\n<p><strong>Huejutla, Hgo.- <\/strong>El pr\u00f3ximo 4 de julio, a las 5:00 de la tarde, en el Sal\u00f3n de Eventos \u201cEl Pedregal\u201d de esta ciudad, se llevar\u00e1n a cabo dos conferencias con causa, enfocadas al desarrollo humano, a cargo de ponentes experimentados con reconocimiento internacional.<\/p>\n\n\n\n<p>La empresa Inside, en coordinaci\u00f3n con organismos altruistas, como lo son el Voluntariado del CRIR Huejutla y las asociaciones civiles Vida Independiente y OncoSonrisas, que apoyan a personas discapacitadas y pacientes oncol\u00f3gicos, respectivamente, son las que impulsan esta iniciativa, cuyas utilidades parciales estar\u00e1n destinadas para beneficio de las personas en situaci\u00f3n de vulnerabilidad para las que colaboran.<\/p>\n\n\n\n<figure class=\"wp-block-image size-full\"><img fetchpriority=\"high\" decoding=\"async\" width=\"1280\" height=\"1280\" src=\"https:\/\/www.zunoticia.com\/noticias-de-hidalgo\/wp-content\/uploads\/2025\/06\/eZy-Watermark_26-06-2025_07-50-56-4410p.m.jpg\" alt=\"\" class=\"wp-image-597818\"\/><\/figure>\n\n\n\n<p>Dichas ponencias son las denominadas \u201cInvencibles, m\u00e1s all\u00e1 de la adversidad. Nada nos detiene, todo nos transforma\u201d, por Ang\u00e9lica Lenz, escritora y coach certificada; as\u00ed como \u201cDespierta tu grandeza. Una conferencia para reescribir tu destino\u201d, por Ren\u00e9 Carrasco, reconocido conferencista y tallerista en Am\u00e9rica Latina.<\/p>\n\n\n\n<p>Los temas que se abordar\u00e1n pretenden motivar el crecimiento de las personas, brind\u00e1ndoles herramientas para superar retos, crisis y sus propios l\u00edmites, para una vida m\u00e1s plena y armoniosa.<\/p>\n\n\n\n<figure class=\"wp-block-image size-full\"><img decoding=\"async\" width=\"1600\" height=\"1600\" src=\"https:\/\/www.zunoticia.com\/noticias-de-hidalgo\/wp-content\/uploads\/2025\/06\/eZy-Watermark_26-06-2025_07-51-14-0370p.m.jpg\" alt=\"\" class=\"wp-image-597817\"\/><\/figure>\n\n\n\n<p>A este evento se han sumado con sus patrocinios m\u00e1s de 30 empresas, que confiaron en el proyecto, entre las que destacan cl\u00ednicas y m\u00e9dicos, restaurantes, escuelas, gimnasios y otros comercios y profesionistas de esta localidad.<\/p>\n\n\n\n<p>Asimismo, las integrantes del Voluntariado del CRIR Huejutla han apelado a la solidaridad del Sistema DIF de los municipios de Huejutla, San Felipe Orizatl\u00e1n y Atlapexco, quienes han mostrado disposici\u00f3n para sumarse a este evento, que pretende contribuir con la salud mental y emocional de las personas en este mundo en el que el estr\u00e9s y la ansiedad parecen&nbsp;cobrar&nbsp;fuerza.<\/p>\n","protected":false},"excerpt":{"rendered":"<p>Por Enedino Hern\u00e1ndez Alonso\/Zunoticia Huejutla, Hgo.- El pr\u00f3ximo 4 de julio, a las 5:00 de la tarde, en el Sal\u00f3n de Eventos \u201cEl Pedregal\u201d de esta ciudad, se llevar\u00e1n a cabo dos conferencias con causa, enfocadas al desarrollo humano, a cargo de ponentes experimentados con reconocimiento internacional. La empresa Inside, en coordinaci\u00f3n con organismos altruistas,&hellip; <a class=\"more-link\" href=\"https:\/\/www.zunoticia.com\/noticias-de-hidalgo\/2025\/06\/26\/brindaran-conferencias-con-causa-ponentes-de-talla-internacional\/\">Seguir leyendo <span class=\"screen-reader-text\">Brindar\u00e1n conferencias con causa ponentes de talla internacional<\/span><\/a><\/p>\n","protected":false},"author":12,"featured_media":597819,"comment_status":"open","ping_status":"open","sticky":false,"template":"","format":"standard","meta":{"rop_custom_images_group":[],"rop_custom_messages_group":[],"rop_publish_now":"initial","rop_publish_now_accounts":{"facebook_10159540855086992_322828327761733":""},"rop_publish_now_history":[],"rop_publish_now_status":"pending","footnotes":""},"categories":[181],"tags":[121],"class_list":["post-597808","post","type-post","status-publish","format-standard","has-post-thumbnail","hentry","category-huejutla","tag-huejutla","entry"],"_links":{"self":[{"href":"https:\/\/www.zunoticia.com\/noticias-de-hidalgo\/wp-json\/wp\/v2\/posts\/597808","targetHints":{"allow":["GET"]}}],"collection":[{"href":"https:\/\/www.zunoticia.com\/noticias-de-hidalgo\/wp-json\/wp\/v2\/posts"}],"about":[{"href":"https:\/\/www.zunoticia.com\/noticias-de-hidalgo\/wp-json\/wp\/v2\/types\/post"}],"author":[{"embeddable":true,"href":"https:\/\/www.zunoticia.com\/noticias-de-hidalgo\/wp-json\/wp\/v2\/users\/12"}],"replies":[{"embeddable":true,"href":"https:\/\/www.zunoticia.com\/noticias-de-hidalgo\/wp-json\/wp\/v2\/comments?post=597808"}],"version-history":[{"count":1,"href":"https:\/\/www.zunoticia.com\/noticias-de-hidalgo\/wp-json\/wp\/v2\/posts\/597808\/revisions"}],"predecessor-version":[{"id":597820,"href":"https:\/\/www.zunoticia.com\/noticias-de-hidalgo\/wp-json\/wp\/v2\/posts\/597808\/revisions\/597820"}],"wp:featuredmedia":[{"embeddable":true,"href":"https:\/\/www.zunoticia.com\/noticias-de-hidalgo\/wp-json\/wp\/v2\/media\/597819"}],"wp:attachment":[{"href":"https:\/\/www.zunoticia.com\/noticias-de-hidalgo\/wp-json\/wp\/v2\/media?parent=597808"}],"wp:term":[{"taxonomy":"category","embeddable":true,"href":"https:\/\/www.zunoticia.com\/noticias-de-hidalgo\/wp-json\/wp\/v2\/categories?post=597808"},{"taxonomy":"post_tag","embeddable":true,"href":"https:\/\/www.zunoticia.com\/noticias-de-hidalgo\/wp-json\/wp\/v2\/tags?post=597808"}],"curies":[{"name":"wp","href":"https:\/\/api.w.org\/{rel}","templated":true}]}}