{"id":598790,"date":"2025-07-05T10:52:38","date_gmt":"2025-07-05T16:52:38","guid":{"rendered":"https:\/\/www.zunoticia.com\/noticias-de-hidalgo\/?p=598790"},"modified":"2025-07-05T10:52:39","modified_gmt":"2025-07-05T16:52:39","slug":"hallaron-sin-vida-reo-en-su-celda","status":"publish","type":"post","link":"https:\/\/www.zunoticia.com\/noticias-de-hidalgo\/2025\/07\/05\/hallaron-sin-vida-reo-en-su-celda\/","title":{"rendered":"Hallaron sin vida reo en su celda"},"content":{"rendered":"<aside class=\"mashsb-container mashsb-main mashsb-stretched\"><div class=\"mashsb-box\"><div class=\"mashsb-count mash-large\" style=\"float:left\"><div class=\"counts mashsbcount\">0<\/div><span class=\"mashsb-sharetext\">SHARES<\/span><\/div><div class=\"mashsb-buttons\"><a class=\"mashicon-facebook mash-large mash-center mashsb-noshadow\" href=\"https:\/\/www.facebook.com\/sharer.php?u=https%3A%2F%2Fwww.zunoticia.com%2Fnoticias-de-hidalgo%2F2025%2F07%2F05%2Fhallaron-sin-vida-reo-en-su-celda%2F\" target=\"_top\" rel=\"nofollow\"><span class=\"icon\"><\/span><span class=\"text\">Share<\/span><\/a><a class=\"mashicon-twitter mash-large mash-center mashsb-noshadow\" href=\"https:\/\/twitter.com\/intent\/tweet?text=&amp;url=https:\/\/www.zunoticia.com\/noticias-de-hidalgo\/2025\/07\/05\/hallaron-sin-vida-reo-en-su-celda\/\" target=\"_top\" rel=\"nofollow\"><span class=\"icon\"><\/span><span class=\"text\">Tweet<\/span><\/a><div class=\"onoffswitch2 mash-large mashsb-noshadow\" style=\"display:none\"><\/div><\/div>\n            <\/div>\n                <div style=\"clear:both\"><\/div><div class=\"mashsb-toggle-container\"><\/div><\/aside>\n            <!-- Share buttons by mashshare.net - Version: 4.0.47-->\n<p><em>Por Roberto Ram\u00edrez \/Zunoticia<\/em><\/p>\n\n\n\n<p><strong>Jaltoc\u00e1n, Hgo. &#8211;<\/strong> Un reo del penal de la lima de la Jaltoc\u00e1n fue hallado sin vida en su celda la tarde del pasado viernes, por lo hechos se dio intensa movilizaci\u00f3n de los custodios y polic\u00edas de la Secretar\u00eda de Seguridad P\u00fablica Estatal.<\/p>\n\n\n\n<p>Se trata de C. H. J. originario del municipio de Pachuca, quien la tarde de ayer fue localizado muerto en su celda y con una herida en el cuello, de inmediato el lugar fue acordonado por los custodios y dieron aviso al personal del Ministerio P\u00fablico del fuero com\u00fan de Huejutla.<\/p>\n\n\n\n<p>Al lugar de los hechos llegaron peritos y agentes ministeriales para las indagatorias y levantamiento de indicios, reconocimiento del cad\u00e1ver y ordenaron su levantamiento siendo llevado al Servicio M\u00e9dico Forense de Huejutla para la Necropsia de ley, tambi\u00e9n de inici\u00f3 una carpeta de investigaci\u00f3n. Al momento se desconoce si se trat\u00f3 de un homicidio o suicidio.<\/p>\n","protected":false},"excerpt":{"rendered":"<p>Por Roberto Ram\u00edrez \/Zunoticia Jaltoc\u00e1n, Hgo. &#8211; Un reo del penal de la lima de la Jaltoc\u00e1n fue hallado sin vida en su celda la tarde del pasado viernes, por lo hechos se dio intensa movilizaci\u00f3n de los custodios y polic\u00edas de la Secretar\u00eda de Seguridad P\u00fablica Estatal. Se trata de C. H. J. originario&hellip; <a class=\"more-link\" href=\"https:\/\/www.zunoticia.com\/noticias-de-hidalgo\/2025\/07\/05\/hallaron-sin-vida-reo-en-su-celda\/\">Seguir leyendo <span class=\"screen-reader-text\">Hallaron sin vida reo en su celda<\/span><\/a><\/p>\n","protected":false},"author":23,"featured_media":598791,"comment_status":"open","ping_status":"open","sticky":false,"template":"","format":"standard","meta":{"rop_custom_images_group":[],"rop_custom_messages_group":[],"rop_publish_now":"initial","rop_publish_now_accounts":{"facebook_10159540855086992_322828327761733":""},"rop_publish_now_history":[],"rop_publish_now_status":"pending","footnotes":""},"categories":[200,178],"tags":[259],"class_list":["post-598790","post","type-post","status-publish","format-standard","has-post-thumbnail","hentry","category-jaltocan","category-policiaca","tag-policiaca","entry"],"_links":{"self":[{"href":"https:\/\/www.zunoticia.com\/noticias-de-hidalgo\/wp-json\/wp\/v2\/posts\/598790","targetHints":{"allow":["GET"]}}],"collection":[{"href":"https:\/\/www.zunoticia.com\/noticias-de-hidalgo\/wp-json\/wp\/v2\/posts"}],"about":[{"href":"https:\/\/www.zunoticia.com\/noticias-de-hidalgo\/wp-json\/wp\/v2\/types\/post"}],"author":[{"embeddable":true,"href":"https:\/\/www.zunoticia.com\/noticias-de-hidalgo\/wp-json\/wp\/v2\/users\/23"}],"replies":[{"embeddable":true,"href":"https:\/\/www.zunoticia.com\/noticias-de-hidalgo\/wp-json\/wp\/v2\/comments?post=598790"}],"version-history":[{"count":1,"href":"https:\/\/www.zunoticia.com\/noticias-de-hidalgo\/wp-json\/wp\/v2\/posts\/598790\/revisions"}],"predecessor-version":[{"id":598792,"href":"https:\/\/www.zunoticia.com\/noticias-de-hidalgo\/wp-json\/wp\/v2\/posts\/598790\/revisions\/598792"}],"wp:featuredmedia":[{"embeddable":true,"href":"https:\/\/www.zunoticia.com\/noticias-de-hidalgo\/wp-json\/wp\/v2\/media\/598791"}],"wp:attachment":[{"href":"https:\/\/www.zunoticia.com\/noticias-de-hidalgo\/wp-json\/wp\/v2\/media?parent=598790"}],"wp:term":[{"taxonomy":"category","embeddable":true,"href":"https:\/\/www.zunoticia.com\/noticias-de-hidalgo\/wp-json\/wp\/v2\/categories?post=598790"},{"taxonomy":"post_tag","embeddable":true,"href":"https:\/\/www.zunoticia.com\/noticias-de-hidalgo\/wp-json\/wp\/v2\/tags?post=598790"}],"curies":[{"name":"wp","href":"https:\/\/api.w.org\/{rel}","templated":true}]}}