{"id":599696,"date":"2025-07-12T09:45:51","date_gmt":"2025-07-12T15:45:51","guid":{"rendered":"https:\/\/www.zunoticia.com\/noticias-de-hidalgo\/?p=599696"},"modified":"2025-07-12T17:52:26","modified_gmt":"2025-07-12T23:52:26","slug":"conductor-involucrado-en-accidente-donde-fallecio-jovencita-llevara-proceso-penal-en-libertad","status":"publish","type":"post","link":"https:\/\/www.zunoticia.com\/noticias-de-hidalgo\/2025\/07\/12\/conductor-involucrado-en-accidente-donde-fallecio-jovencita-llevara-proceso-penal-en-libertad\/","title":{"rendered":"Conductor involucrado en accidente donde falleci\u00f3 jovencita llevar\u00e1 proceso penal en libertad"},"content":{"rendered":"<aside class=\"mashsb-container mashsb-main mashsb-stretched\"><div class=\"mashsb-box\"><div class=\"mashsb-count mash-large\" style=\"float:left\"><div class=\"counts mashsbcount\">0<\/div><span class=\"mashsb-sharetext\">SHARES<\/span><\/div><div class=\"mashsb-buttons\"><a class=\"mashicon-facebook mash-large mash-center mashsb-noshadow\" href=\"https:\/\/www.facebook.com\/sharer.php?u=https%3A%2F%2Fwww.zunoticia.com%2Fnoticias-de-hidalgo%2F2025%2F07%2F12%2Fconductor-involucrado-en-accidente-donde-fallecio-jovencita-llevara-proceso-penal-en-libertad%2F\" target=\"_top\" rel=\"nofollow\"><span class=\"icon\"><\/span><span class=\"text\">Share<\/span><\/a><a class=\"mashicon-twitter mash-large mash-center mashsb-noshadow\" href=\"https:\/\/twitter.com\/intent\/tweet?text=&amp;url=https:\/\/www.zunoticia.com\/noticias-de-hidalgo\/2025\/07\/12\/conductor-involucrado-en-accidente-donde-fallecio-jovencita-llevara-proceso-penal-en-libertad\/\" target=\"_top\" rel=\"nofollow\"><span class=\"icon\"><\/span><span class=\"text\">Tweet<\/span><\/a><div class=\"onoffswitch2 mash-large mashsb-noshadow\" style=\"display:none\"><\/div><\/div>\n            <\/div>\n                <div style=\"clear:both\"><\/div><div class=\"mashsb-toggle-container\"><\/div><\/aside>\n            <!-- Share buttons by mashshare.net - Version: 4.0.47-->\n<ul class=\"wp-block-list\">\n<li>As\u00ed lo determin\u00f3 el juez de control en su primera audiencia judicial<\/li>\n<\/ul>\n\n\n\n<p><em><em>Por Roberto Meza Ram\u00edrez \/Zunoticia<\/em><\/em><\/p>\n\n\n\n<p><strong>Jaltoc\u00e1n, Hgo. &#8211;<\/strong> Luego de permanecer detenido por varios d\u00edas y estar sujeto a una carpeta de investigaci\u00f3n por la muerte de una jovencita en un accidente que se registr\u00f3 en carretera la comodidad de Tetzahapa, el conductor de la camioneta llevar\u00e1 su proceso judicial en libertad, asi lo determinaron las autoridades judiciales de juzgado de la Lima Jaltoc\u00e1n.<\/p>\n\n\n\n<p>El chofer de nombre Asael H. H. fue detenido alrededor de las 4:00 de la tarde del pasado martes en el lugar del accidente por polic\u00edas municipales de Jaltoc\u00e1n y fue puesto a disposici\u00f3n del Ministerio P\u00fablico por homicidio culposo.<\/p>\n\n\n\n<p>Al ser puesto ante un juez de control en su primera audiencia judicial, determin\u00f3 que su proceso judicial lo llevar\u00e1 en libertad, ser\u00e1 la pr\u00f3xima semana cuando se realice la pr\u00f3xima audiencia y se determinar\u00e1 su vinculaci\u00f3n a proceso o no toda vez que se trat\u00f3 de un accidente.<\/p>\n\n\n\n<figure class=\"wp-block-image size-large\"><img fetchpriority=\"high\" decoding=\"async\" width=\"1024\" height=\"637\" src=\"https:\/\/www.zunoticia.com\/noticias-de-hidalgo\/wp-content\/uploads\/2025\/07\/Chofer-llevara-su-proceso-judicial-en-libertad-2-1024x637.jpeg\" alt=\"\" class=\"wp-image-599698\" srcset=\"https:\/\/www.zunoticia.com\/noticias-de-hidalgo\/wp-content\/uploads\/2025\/07\/Chofer-llevara-su-proceso-judicial-en-libertad-2-1024x637.jpeg 1024w, https:\/\/www.zunoticia.com\/noticias-de-hidalgo\/wp-content\/uploads\/2025\/07\/Chofer-llevara-su-proceso-judicial-en-libertad-2-300x187.jpeg 300w, https:\/\/www.zunoticia.com\/noticias-de-hidalgo\/wp-content\/uploads\/2025\/07\/Chofer-llevara-su-proceso-judicial-en-libertad-2-768x478.jpeg 768w, https:\/\/www.zunoticia.com\/noticias-de-hidalgo\/wp-content\/uploads\/2025\/07\/Chofer-llevara-su-proceso-judicial-en-libertad-2.jpeg 1280w\" sizes=\"(max-width: 1024px) 100vw, 1024px\" \/><figcaption class=\"wp-element-caption\">Foto Zunoticia: Chofer de camioneta donde perdi\u00f3 la vida jovencita llevara proceso penal en libertad<\/figcaption><\/figure>\n","protected":false},"excerpt":{"rendered":"<p>Por Roberto Meza Ram\u00edrez \/Zunoticia Jaltoc\u00e1n, Hgo. &#8211; Luego de permanecer detenido por varios d\u00edas y estar sujeto a una carpeta de investigaci\u00f3n por la muerte de una jovencita en un accidente que se registr\u00f3 en carretera la comodidad de Tetzahapa, el conductor de la camioneta llevar\u00e1 su proceso judicial en libertad, asi lo determinaron&hellip; <a class=\"more-link\" href=\"https:\/\/www.zunoticia.com\/noticias-de-hidalgo\/2025\/07\/12\/conductor-involucrado-en-accidente-donde-fallecio-jovencita-llevara-proceso-penal-en-libertad\/\">Seguir leyendo <span class=\"screen-reader-text\">Conductor involucrado en accidente donde falleci\u00f3 jovencita llevar\u00e1 proceso penal en libertad<\/span><\/a><\/p>\n","protected":false},"author":23,"featured_media":599697,"comment_status":"open","ping_status":"open","sticky":false,"template":"","format":"standard","meta":{"rop_custom_images_group":[],"rop_custom_messages_group":[],"rop_publish_now":"initial","rop_publish_now_accounts":{"facebook_10159540855086992_322828327761733":""},"rop_publish_now_history":[],"rop_publish_now_status":"pending","footnotes":""},"categories":[200,178],"tags":[259],"class_list":["post-599696","post","type-post","status-publish","format-standard","has-post-thumbnail","hentry","category-jaltocan","category-policiaca","tag-policiaca","entry"],"_links":{"self":[{"href":"https:\/\/www.zunoticia.com\/noticias-de-hidalgo\/wp-json\/wp\/v2\/posts\/599696","targetHints":{"allow":["GET"]}}],"collection":[{"href":"https:\/\/www.zunoticia.com\/noticias-de-hidalgo\/wp-json\/wp\/v2\/posts"}],"about":[{"href":"https:\/\/www.zunoticia.com\/noticias-de-hidalgo\/wp-json\/wp\/v2\/types\/post"}],"author":[{"embeddable":true,"href":"https:\/\/www.zunoticia.com\/noticias-de-hidalgo\/wp-json\/wp\/v2\/users\/23"}],"replies":[{"embeddable":true,"href":"https:\/\/www.zunoticia.com\/noticias-de-hidalgo\/wp-json\/wp\/v2\/comments?post=599696"}],"version-history":[{"count":2,"href":"https:\/\/www.zunoticia.com\/noticias-de-hidalgo\/wp-json\/wp\/v2\/posts\/599696\/revisions"}],"predecessor-version":[{"id":599747,"href":"https:\/\/www.zunoticia.com\/noticias-de-hidalgo\/wp-json\/wp\/v2\/posts\/599696\/revisions\/599747"}],"wp:featuredmedia":[{"embeddable":true,"href":"https:\/\/www.zunoticia.com\/noticias-de-hidalgo\/wp-json\/wp\/v2\/media\/599697"}],"wp:attachment":[{"href":"https:\/\/www.zunoticia.com\/noticias-de-hidalgo\/wp-json\/wp\/v2\/media?parent=599696"}],"wp:term":[{"taxonomy":"category","embeddable":true,"href":"https:\/\/www.zunoticia.com\/noticias-de-hidalgo\/wp-json\/wp\/v2\/categories?post=599696"},{"taxonomy":"post_tag","embeddable":true,"href":"https:\/\/www.zunoticia.com\/noticias-de-hidalgo\/wp-json\/wp\/v2\/tags?post=599696"}],"curies":[{"name":"wp","href":"https:\/\/api.w.org\/{rel}","templated":true}]}}