{"id":599720,"date":"2025-07-12T14:34:08","date_gmt":"2025-07-12T20:34:08","guid":{"rendered":"https:\/\/www.zunoticia.com\/noticias-de-hidalgo\/?p=599720"},"modified":"2025-07-12T14:34:10","modified_gmt":"2025-07-12T20:34:10","slug":"piden-extender-la-obra-de-rehabilitacion-de-banquetas-a-la-avenida-mexico","status":"publish","type":"post","link":"https:\/\/www.zunoticia.com\/noticias-de-hidalgo\/2025\/07\/12\/piden-extender-la-obra-de-rehabilitacion-de-banquetas-a-la-avenida-mexico\/","title":{"rendered":"Piden extender la obra de rehabilitaci\u00f3n de banquetas a la avenida M\u00e9xico"},"content":{"rendered":"<aside class=\"mashsb-container mashsb-main mashsb-stretched\"><div class=\"mashsb-box\"><div class=\"mashsb-count mash-large\" style=\"float:left\"><div class=\"counts mashsbcount\">0<\/div><span class=\"mashsb-sharetext\">SHARES<\/span><\/div><div class=\"mashsb-buttons\"><a class=\"mashicon-facebook mash-large mash-center mashsb-noshadow\" href=\"https:\/\/www.facebook.com\/sharer.php?u=https%3A%2F%2Fwww.zunoticia.com%2Fnoticias-de-hidalgo%2F2025%2F07%2F12%2Fpiden-extender-la-obra-de-rehabilitacion-de-banquetas-a-la-avenida-mexico%2F\" target=\"_top\" rel=\"nofollow\"><span class=\"icon\"><\/span><span class=\"text\">Share<\/span><\/a><a class=\"mashicon-twitter mash-large mash-center mashsb-noshadow\" href=\"https:\/\/twitter.com\/intent\/tweet?text=&amp;url=https:\/\/www.zunoticia.com\/noticias-de-hidalgo\/2025\/07\/12\/piden-extender-la-obra-de-rehabilitacion-de-banquetas-a-la-avenida-mexico\/\" target=\"_top\" rel=\"nofollow\"><span class=\"icon\"><\/span><span class=\"text\">Tweet<\/span><\/a><div class=\"onoffswitch2 mash-large mashsb-noshadow\" style=\"display:none\"><\/div><\/div>\n            <\/div>\n                <div style=\"clear:both\"><\/div><div class=\"mashsb-toggle-container\"><\/div><\/aside>\n            <!-- Share buttons by mashshare.net - Version: 4.0.47-->\n<p><em>Por Salvador Altamirano\/Zunoticia<\/em><\/p>\n\n\n\n<p><strong>Huejutla, Hgo<\/strong>.- Vecinos de la poblaci\u00f3n, coincidieron al expresar que una de las calles cuyas banquetas, por lo anormal, son un peligro latente de accidente para los peatones, es la avenida M\u00e9xico, concretamente, en el trecho intermedio de las arterias Constituci\u00f3n y Nuevo Le\u00f3n.<\/p>\n\n\n\n<p>Especificaron que, algunas est\u00e1n ladeadas y otras cortadas, con gradas inadecuadas, por lo que transitar por las banquetas de la avenida M\u00e9xico es un peligro latente de ca\u00edda; aunado a que al caminar por el arroyo vehicular por la ubicaci\u00f3n de puestos de comerciantes semifijos en ambos acotamientos lo estrechan, es arriesgarse a ser golpeado por alg\u00fan veh\u00edculo.<\/p>\n\n\n\n<p>Al respecto, Juan Bautista L\u00f3pez, refiri\u00f3 que, algunas de las banquetas tambi\u00e9n conocidas por andadores peatonales, est\u00e1n bastante ladeadas hacia la calle, en una ca\u00edda -consider\u00f3-, de aproximadamente diez cent\u00edmetros; y en otra, hay un vac\u00edo de considerable altura que no se observa a primera vista, &#8220;de repente se te pierde la banqueta&#8221; -dijeron-, por lo que ya se han ca\u00eddo ni\u00f1os y hasta se\u00f1oras.<\/p>\n\n\n\n<p>Por tal motivo, solicit\u00f3 a la administraci\u00f3n municipal que haga una extensi\u00f3n de la obra de rehabilitaci\u00f3n de banquetas de calles, del primer cuadro de la ciudad a la Avenida M\u00e9xico, de la colonia Santa Irene, ya que, por lo antes expresado, es la m\u00e1s peligrosa.<\/p>\n\n\n\n<p>Es oportuno especificar que, las calles en cuyas banquetas se llevan a cabo los trabajos de rehabilitaci\u00f3n de banquetas, son Hilario Menindez; Nicandro Castillo; Vel\u00e1zquez Ibarra; Zacatecas; 16 de Enero; Dr. Gea Gonz\u00e1lez; Morelos; Jaime Nun\u00f3; Cuauht\u00e9moc y Juan Mogica Ugalde.<\/p>\n\n\n\n<figure class=\"wp-block-gallery has-nested-images columns-default is-cropped wp-block-gallery-1 is-layout-flex wp-block-gallery-is-layout-flex\">\n<figure class=\"wp-block-image size-large\"><img fetchpriority=\"high\" decoding=\"async\" width=\"933\" height=\"524\" data-id=\"599722\" src=\"https:\/\/www.zunoticia.com\/noticias-de-hidalgo\/wp-content\/uploads\/2025\/07\/Zunoticia-Huejutla-2-54.png\" alt=\"\" class=\"wp-image-599722\" srcset=\"https:\/\/www.zunoticia.com\/noticias-de-hidalgo\/wp-content\/uploads\/2025\/07\/Zunoticia-Huejutla-2-54.png 933w, https:\/\/www.zunoticia.com\/noticias-de-hidalgo\/wp-content\/uploads\/2025\/07\/Zunoticia-Huejutla-2-54-300x168.png 300w, https:\/\/www.zunoticia.com\/noticias-de-hidalgo\/wp-content\/uploads\/2025\/07\/Zunoticia-Huejutla-2-54-768x431.png 768w\" sizes=\"(max-width: 933px) 100vw, 933px\" \/><\/figure>\n\n\n\n<figure class=\"wp-block-image size-large\"><img decoding=\"async\" width=\"933\" height=\"524\" data-id=\"599723\" src=\"https:\/\/www.zunoticia.com\/noticias-de-hidalgo\/wp-content\/uploads\/2025\/07\/Zunoticia-Huejutla-1-126.png\" alt=\"\" class=\"wp-image-599723\" srcset=\"https:\/\/www.zunoticia.com\/noticias-de-hidalgo\/wp-content\/uploads\/2025\/07\/Zunoticia-Huejutla-1-126.png 933w, https:\/\/www.zunoticia.com\/noticias-de-hidalgo\/wp-content\/uploads\/2025\/07\/Zunoticia-Huejutla-1-126-300x168.png 300w, https:\/\/www.zunoticia.com\/noticias-de-hidalgo\/wp-content\/uploads\/2025\/07\/Zunoticia-Huejutla-1-126-768x431.png 768w\" sizes=\"(max-width: 933px) 100vw, 933px\" \/><\/figure>\n<\/figure>\n","protected":false},"excerpt":{"rendered":"<p>Por Salvador Altamirano\/Zunoticia Huejutla, Hgo.- Vecinos de la poblaci\u00f3n, coincidieron al expresar que una de las calles cuyas banquetas, por lo anormal, son un peligro latente de accidente para los peatones, es la avenida M\u00e9xico, concretamente, en el trecho intermedio de las arterias Constituci\u00f3n y Nuevo Le\u00f3n. Especificaron que, algunas est\u00e1n ladeadas y otras cortadas,&hellip; <a class=\"more-link\" href=\"https:\/\/www.zunoticia.com\/noticias-de-hidalgo\/2025\/07\/12\/piden-extender-la-obra-de-rehabilitacion-de-banquetas-a-la-avenida-mexico\/\">Seguir leyendo <span class=\"screen-reader-text\">Piden extender la obra de rehabilitaci\u00f3n de banquetas a la avenida M\u00e9xico<\/span><\/a><\/p>\n","protected":false},"author":20,"featured_media":599721,"comment_status":"open","ping_status":"open","sticky":false,"template":"","format":"standard","meta":{"rop_custom_images_group":[],"rop_custom_messages_group":[],"rop_publish_now":"initial","rop_publish_now_accounts":{"facebook_10159540855086992_322828327761733":""},"rop_publish_now_history":[],"rop_publish_now_status":"pending","footnotes":""},"categories":[181],"tags":[121],"class_list":["post-599720","post","type-post","status-publish","format-standard","has-post-thumbnail","hentry","category-huejutla","tag-huejutla","entry"],"_links":{"self":[{"href":"https:\/\/www.zunoticia.com\/noticias-de-hidalgo\/wp-json\/wp\/v2\/posts\/599720","targetHints":{"allow":["GET"]}}],"collection":[{"href":"https:\/\/www.zunoticia.com\/noticias-de-hidalgo\/wp-json\/wp\/v2\/posts"}],"about":[{"href":"https:\/\/www.zunoticia.com\/noticias-de-hidalgo\/wp-json\/wp\/v2\/types\/post"}],"author":[{"embeddable":true,"href":"https:\/\/www.zunoticia.com\/noticias-de-hidalgo\/wp-json\/wp\/v2\/users\/20"}],"replies":[{"embeddable":true,"href":"https:\/\/www.zunoticia.com\/noticias-de-hidalgo\/wp-json\/wp\/v2\/comments?post=599720"}],"version-history":[{"count":1,"href":"https:\/\/www.zunoticia.com\/noticias-de-hidalgo\/wp-json\/wp\/v2\/posts\/599720\/revisions"}],"predecessor-version":[{"id":599724,"href":"https:\/\/www.zunoticia.com\/noticias-de-hidalgo\/wp-json\/wp\/v2\/posts\/599720\/revisions\/599724"}],"wp:featuredmedia":[{"embeddable":true,"href":"https:\/\/www.zunoticia.com\/noticias-de-hidalgo\/wp-json\/wp\/v2\/media\/599721"}],"wp:attachment":[{"href":"https:\/\/www.zunoticia.com\/noticias-de-hidalgo\/wp-json\/wp\/v2\/media?parent=599720"}],"wp:term":[{"taxonomy":"category","embeddable":true,"href":"https:\/\/www.zunoticia.com\/noticias-de-hidalgo\/wp-json\/wp\/v2\/categories?post=599720"},{"taxonomy":"post_tag","embeddable":true,"href":"https:\/\/www.zunoticia.com\/noticias-de-hidalgo\/wp-json\/wp\/v2\/tags?post=599720"}],"curies":[{"name":"wp","href":"https:\/\/api.w.org\/{rel}","templated":true}]}}