{"id":599738,"date":"2025-07-12T15:14:11","date_gmt":"2025-07-12T21:14:11","guid":{"rendered":"https:\/\/www.zunoticia.com\/noticias-de-hidalgo\/?p=599738"},"modified":"2025-07-12T15:14:13","modified_gmt":"2025-07-12T21:14:13","slug":"piden-regular-tiempos-de-los-semaforos-de-tecoluco","status":"publish","type":"post","link":"https:\/\/www.zunoticia.com\/noticias-de-hidalgo\/2025\/07\/12\/piden-regular-tiempos-de-los-semaforos-de-tecoluco\/","title":{"rendered":"Piden regular &#8216;tiempos&#8217; de los sem\u00e1foros de Tecoluco"},"content":{"rendered":"<aside class=\"mashsb-container mashsb-main mashsb-stretched\"><div class=\"mashsb-box\"><div class=\"mashsb-count mash-large\" style=\"float:left\"><div class=\"counts mashsbcount\">0<\/div><span class=\"mashsb-sharetext\">SHARES<\/span><\/div><div class=\"mashsb-buttons\"><a class=\"mashicon-facebook mash-large mash-center mashsb-noshadow\" href=\"https:\/\/www.facebook.com\/sharer.php?u=https%3A%2F%2Fwww.zunoticia.com%2Fnoticias-de-hidalgo%2F2025%2F07%2F12%2Fpiden-regular-tiempos-de-los-semaforos-de-tecoluco%2F\" target=\"_top\" rel=\"nofollow\"><span class=\"icon\"><\/span><span class=\"text\">Share<\/span><\/a><a class=\"mashicon-twitter mash-large mash-center mashsb-noshadow\" href=\"https:\/\/twitter.com\/intent\/tweet?text=&amp;url=https:\/\/www.zunoticia.com\/noticias-de-hidalgo\/2025\/07\/12\/piden-regular-tiempos-de-los-semaforos-de-tecoluco\/\" target=\"_top\" rel=\"nofollow\"><span class=\"icon\"><\/span><span class=\"text\">Tweet<\/span><\/a><div class=\"onoffswitch2 mash-large mashsb-noshadow\" style=\"display:none\"><\/div><\/div>\n            <\/div>\n                <div style=\"clear:both\"><\/div><div class=\"mashsb-toggle-container\"><\/div><\/aside>\n            <!-- Share buttons by mashshare.net - Version: 4.0.47-->\n<p><em>Por Enedino Hern\u00e1ndez Alonso\/Zunoticia<\/em><\/p>\n\n\n\n<p><strong>Huejutla, Hgo<\/strong>.- Hildair Cordero, ciudadano huejutlense, pide a las autoridades competentes que procedan a regular los &#8216;tiempos&#8217; que se tienen principalmente en el funcionamiento de los sem\u00e1foros ubicados en la avenida Corona del Rosal, en Tecoluco, ya que estos no funcionan con la igualdad correspondiente en todos los sentidos para que pasen los veh\u00edculos.<\/p>\n\n\n\n<p>Indica que, el problema o la situaci\u00f3n descrita ya se tiene desde hace un buen tiempo y esto lo asegura, ya que frecuentemente pasa el cruce en donde se ubican los sem\u00e1foros, mientras que por una arteria se tiene un tiempo prolongado para la otra calle, el tiempo es m\u00e1s reducido para que pasen las unidades.<\/p>\n\n\n\n<p>En este caso, pide la intervenci\u00f3n de Tr\u00e1nsito Municipal para que procedan a regular el mismo tiempo de los sem\u00e1foros en los cuatro sentidos, por lo que se debe de programar para que los tiempos sean iguales y evitar mayores contratiempos.<\/p>\n\n\n\n<p>Considera que, se debe de verificar esta situaci\u00f3n, reprogramar los tiempos en la misma medida o de lo contrario, se les sugiere la presencia de un elemento de Tr\u00e1nsito para que se ponga en la calle y regule el paso de los veh\u00edculos.<\/p>\n\n\n\n<p>Concluye que, hasta el momento, de todos los sem\u00e1foros existentes en la ciudad, \u00fanicamente en la zona de Tecoluco es en donde se tienen este tipo de problemas, pues para alguna arteria se tiene m\u00e1s tiempo que para la otra y es necesario se programen con el mismo tiempo para los cuatro sentidos.<\/p>\n","protected":false},"excerpt":{"rendered":"<p>Por Enedino Hern\u00e1ndez Alonso\/Zunoticia Huejutla, Hgo.- Hildair Cordero, ciudadano huejutlense, pide a las autoridades competentes que procedan a regular los &#8216;tiempos&#8217; que se tienen principalmente en el funcionamiento de los sem\u00e1foros ubicados en la avenida Corona del Rosal, en Tecoluco, ya que estos no funcionan con la igualdad correspondiente en todos los sentidos para que&hellip; <a class=\"more-link\" href=\"https:\/\/www.zunoticia.com\/noticias-de-hidalgo\/2025\/07\/12\/piden-regular-tiempos-de-los-semaforos-de-tecoluco\/\">Seguir leyendo <span class=\"screen-reader-text\">Piden regular &#8216;tiempos&#8217; de los sem\u00e1foros de Tecoluco<\/span><\/a><\/p>\n","protected":false},"author":20,"featured_media":599739,"comment_status":"open","ping_status":"open","sticky":false,"template":"","format":"standard","meta":{"rop_custom_images_group":[],"rop_custom_messages_group":[],"rop_publish_now":"initial","rop_publish_now_accounts":{"facebook_10159540855086992_322828327761733":""},"rop_publish_now_history":[],"rop_publish_now_status":"pending","footnotes":""},"categories":[181],"tags":[121],"class_list":["post-599738","post","type-post","status-publish","format-standard","has-post-thumbnail","hentry","category-huejutla","tag-huejutla","entry"],"_links":{"self":[{"href":"https:\/\/www.zunoticia.com\/noticias-de-hidalgo\/wp-json\/wp\/v2\/posts\/599738","targetHints":{"allow":["GET"]}}],"collection":[{"href":"https:\/\/www.zunoticia.com\/noticias-de-hidalgo\/wp-json\/wp\/v2\/posts"}],"about":[{"href":"https:\/\/www.zunoticia.com\/noticias-de-hidalgo\/wp-json\/wp\/v2\/types\/post"}],"author":[{"embeddable":true,"href":"https:\/\/www.zunoticia.com\/noticias-de-hidalgo\/wp-json\/wp\/v2\/users\/20"}],"replies":[{"embeddable":true,"href":"https:\/\/www.zunoticia.com\/noticias-de-hidalgo\/wp-json\/wp\/v2\/comments?post=599738"}],"version-history":[{"count":1,"href":"https:\/\/www.zunoticia.com\/noticias-de-hidalgo\/wp-json\/wp\/v2\/posts\/599738\/revisions"}],"predecessor-version":[{"id":599740,"href":"https:\/\/www.zunoticia.com\/noticias-de-hidalgo\/wp-json\/wp\/v2\/posts\/599738\/revisions\/599740"}],"wp:featuredmedia":[{"embeddable":true,"href":"https:\/\/www.zunoticia.com\/noticias-de-hidalgo\/wp-json\/wp\/v2\/media\/599739"}],"wp:attachment":[{"href":"https:\/\/www.zunoticia.com\/noticias-de-hidalgo\/wp-json\/wp\/v2\/media?parent=599738"}],"wp:term":[{"taxonomy":"category","embeddable":true,"href":"https:\/\/www.zunoticia.com\/noticias-de-hidalgo\/wp-json\/wp\/v2\/categories?post=599738"},{"taxonomy":"post_tag","embeddable":true,"href":"https:\/\/www.zunoticia.com\/noticias-de-hidalgo\/wp-json\/wp\/v2\/tags?post=599738"}],"curies":[{"name":"wp","href":"https:\/\/api.w.org\/{rel}","templated":true}]}}