{"id":599761,"date":"2025-07-12T18:21:50","date_gmt":"2025-07-13T00:21:50","guid":{"rendered":"https:\/\/www.zunoticia.com\/noticias-de-hidalgo\/?p=599761"},"modified":"2025-07-12T18:21:51","modified_gmt":"2025-07-13T00:21:51","slug":"empieza-a-tomar-forma-comercial-el-mercadito","status":"publish","type":"post","link":"https:\/\/www.zunoticia.com\/noticias-de-hidalgo\/2025\/07\/12\/empieza-a-tomar-forma-comercial-el-mercadito\/","title":{"rendered":"Empieza a tomar forma comercial &#8220;El Mercadito&#8221;"},"content":{"rendered":"<aside class=\"mashsb-container mashsb-main mashsb-stretched\"><div class=\"mashsb-box\"><div class=\"mashsb-count mash-large\" style=\"float:left\"><div class=\"counts mashsbcount\">0<\/div><span class=\"mashsb-sharetext\">SHARES<\/span><\/div><div class=\"mashsb-buttons\"><a class=\"mashicon-facebook mash-large mash-center mashsb-noshadow\" href=\"https:\/\/www.facebook.com\/sharer.php?u=https%3A%2F%2Fwww.zunoticia.com%2Fnoticias-de-hidalgo%2F2025%2F07%2F12%2Fempieza-a-tomar-forma-comercial-el-mercadito%2F\" target=\"_top\" rel=\"nofollow\"><span class=\"icon\"><\/span><span class=\"text\">Share<\/span><\/a><a class=\"mashicon-twitter mash-large mash-center mashsb-noshadow\" href=\"https:\/\/twitter.com\/intent\/tweet?text=&amp;url=https:\/\/www.zunoticia.com\/noticias-de-hidalgo\/2025\/07\/12\/empieza-a-tomar-forma-comercial-el-mercadito\/\" target=\"_top\" rel=\"nofollow\"><span class=\"icon\"><\/span><span class=\"text\">Tweet<\/span><\/a><div class=\"onoffswitch2 mash-large mashsb-noshadow\" style=\"display:none\"><\/div><\/div>\n            <\/div>\n                <div style=\"clear:both\"><\/div><div class=\"mashsb-toggle-container\"><\/div><\/aside>\n            <!-- Share buttons by mashshare.net - Version: 4.0.47-->\n<p><em>Por Salvador Altamirano\/Zunoticia<\/em><\/p>\n\n\n\n<p><strong>Huejutla, Hgo.-<\/strong> Amas de casa, clientes asiduos del Mercado municipal, refirieron que, el sector aleda\u00f1o conocido como &#8220;El Mercadito&#8221;, ubicado en el antiguo estacionamiento del auditorio, empieza a tomar forma comercial ya que los locales, antes en su mayor\u00eda abandonados, est\u00e1n siendo ocupados.<\/p>\n\n\n\n<p>Agregaron que, por tal motivo, se est\u00e1 convirtiendo en una opci\u00f3n m\u00e1s de compra, incrementando la variedad de productos que oferta el comercio local, lo que nos permite como adquisiciones elegir variedad, calidad y precio.<\/p>\n\n\n\n<p>Ana Mar\u00eda Garc\u00eda coment\u00f3 que, entre los productos que actualmente se ofrecen en ese sector comercial, que ya se est\u00e1 aclientando, fomentando la competencia y la posibilidad de encontrar mejores ofertas, destaca la venta de ropa; productos del mar; aguas frescas de diversos sabores; celulares; frutas y verduras; fondas; sin faltar los puestos de antojitos mexicanos como son tacos y tortas, entre otros.<\/p>\n\n\n\n<figure class=\"wp-block-gallery has-nested-images columns-default is-cropped wp-block-gallery-1 is-layout-flex wp-block-gallery-is-layout-flex\">\n<figure class=\"wp-block-image size-large\"><img fetchpriority=\"high\" decoding=\"async\" width=\"933\" height=\"524\" data-id=\"599763\" src=\"https:\/\/www.zunoticia.com\/noticias-de-hidalgo\/wp-content\/uploads\/2025\/07\/Zunoticia-Huejutla-1-130.png\" alt=\"\" class=\"wp-image-599763\" srcset=\"https:\/\/www.zunoticia.com\/noticias-de-hidalgo\/wp-content\/uploads\/2025\/07\/Zunoticia-Huejutla-1-130.png 933w, https:\/\/www.zunoticia.com\/noticias-de-hidalgo\/wp-content\/uploads\/2025\/07\/Zunoticia-Huejutla-1-130-300x168.png 300w, https:\/\/www.zunoticia.com\/noticias-de-hidalgo\/wp-content\/uploads\/2025\/07\/Zunoticia-Huejutla-1-130-768x431.png 768w\" sizes=\"(max-width: 933px) 100vw, 933px\" \/><\/figure>\n<\/figure>\n\n\n\n<p>Agreg\u00f3 que, no obstante, a\u00fan hay locales que no est\u00e1n siendo utilizados, lo que es una l\u00e1stima y un error de los concesionarios -dijo-, ya que en el lugar la actividad comercial, de manera paulatina est\u00e1 incrementando su auge.<\/p>\n\n\n\n<p>Para concluir, subray\u00f3 que, se tiene conocimiento que varios de los comerciantes semifijos, ubicados en calles aleda\u00f1as al Mercado municipal, son concesionarios de locales en El Mercadito, por lo que ser\u00eda excelente que las autoridades los invitaran a que los ocupen, con lo que se despejar\u00edan las calles y se constituir\u00eda el sector comercial en un mercado municipal como tal.<\/p>\n","protected":false},"excerpt":{"rendered":"<p>Por Salvador Altamirano\/Zunoticia Huejutla, Hgo.- Amas de casa, clientes asiduos del Mercado municipal, refirieron que, el sector aleda\u00f1o conocido como &#8220;El Mercadito&#8221;, ubicado en el antiguo estacionamiento del auditorio, empieza a tomar forma comercial ya que los locales, antes en su mayor\u00eda abandonados, est\u00e1n siendo ocupados. Agregaron que, por tal motivo, se est\u00e1 convirtiendo en&hellip; <a class=\"more-link\" href=\"https:\/\/www.zunoticia.com\/noticias-de-hidalgo\/2025\/07\/12\/empieza-a-tomar-forma-comercial-el-mercadito\/\">Seguir leyendo <span class=\"screen-reader-text\">Empieza a tomar forma comercial &#8220;El Mercadito&#8221;<\/span><\/a><\/p>\n","protected":false},"author":20,"featured_media":599762,"comment_status":"open","ping_status":"open","sticky":false,"template":"","format":"standard","meta":{"rop_custom_images_group":[],"rop_custom_messages_group":[],"rop_publish_now":"initial","rop_publish_now_accounts":{"facebook_10159540855086992_322828327761733":""},"rop_publish_now_history":[],"rop_publish_now_status":"pending","footnotes":""},"categories":[181],"tags":[121],"class_list":["post-599761","post","type-post","status-publish","format-standard","has-post-thumbnail","hentry","category-huejutla","tag-huejutla","entry"],"_links":{"self":[{"href":"https:\/\/www.zunoticia.com\/noticias-de-hidalgo\/wp-json\/wp\/v2\/posts\/599761","targetHints":{"allow":["GET"]}}],"collection":[{"href":"https:\/\/www.zunoticia.com\/noticias-de-hidalgo\/wp-json\/wp\/v2\/posts"}],"about":[{"href":"https:\/\/www.zunoticia.com\/noticias-de-hidalgo\/wp-json\/wp\/v2\/types\/post"}],"author":[{"embeddable":true,"href":"https:\/\/www.zunoticia.com\/noticias-de-hidalgo\/wp-json\/wp\/v2\/users\/20"}],"replies":[{"embeddable":true,"href":"https:\/\/www.zunoticia.com\/noticias-de-hidalgo\/wp-json\/wp\/v2\/comments?post=599761"}],"version-history":[{"count":1,"href":"https:\/\/www.zunoticia.com\/noticias-de-hidalgo\/wp-json\/wp\/v2\/posts\/599761\/revisions"}],"predecessor-version":[{"id":599764,"href":"https:\/\/www.zunoticia.com\/noticias-de-hidalgo\/wp-json\/wp\/v2\/posts\/599761\/revisions\/599764"}],"wp:featuredmedia":[{"embeddable":true,"href":"https:\/\/www.zunoticia.com\/noticias-de-hidalgo\/wp-json\/wp\/v2\/media\/599762"}],"wp:attachment":[{"href":"https:\/\/www.zunoticia.com\/noticias-de-hidalgo\/wp-json\/wp\/v2\/media?parent=599761"}],"wp:term":[{"taxonomy":"category","embeddable":true,"href":"https:\/\/www.zunoticia.com\/noticias-de-hidalgo\/wp-json\/wp\/v2\/categories?post=599761"},{"taxonomy":"post_tag","embeddable":true,"href":"https:\/\/www.zunoticia.com\/noticias-de-hidalgo\/wp-json\/wp\/v2\/tags?post=599761"}],"curies":[{"name":"wp","href":"https:\/\/api.w.org\/{rel}","templated":true}]}}