{"id":599765,"date":"2025-07-12T18:30:52","date_gmt":"2025-07-13T00:30:52","guid":{"rendered":"https:\/\/www.zunoticia.com\/noticias-de-hidalgo\/?p=599765"},"modified":"2025-07-12T18:30:53","modified_gmt":"2025-07-13T00:30:53","slug":"plaza-se-convertira-en-un-gran-temazcal","status":"publish","type":"post","link":"https:\/\/www.zunoticia.com\/noticias-de-hidalgo\/2025\/07\/12\/plaza-se-convertira-en-un-gran-temazcal\/","title":{"rendered":"Plaza se convertir\u00e1 en un gran temazcal"},"content":{"rendered":"<aside class=\"mashsb-container mashsb-main mashsb-stretched\"><div class=\"mashsb-box\"><div class=\"mashsb-count mash-large\" style=\"float:left\"><div class=\"counts mashsbcount\">0<\/div><span class=\"mashsb-sharetext\">SHARES<\/span><\/div><div class=\"mashsb-buttons\"><a class=\"mashicon-facebook mash-large mash-center mashsb-noshadow\" href=\"https:\/\/www.facebook.com\/sharer.php?u=https%3A%2F%2Fwww.zunoticia.com%2Fnoticias-de-hidalgo%2F2025%2F07%2F12%2Fplaza-se-convertira-en-un-gran-temazcal%2F\" target=\"_top\" rel=\"nofollow\"><span class=\"icon\"><\/span><span class=\"text\">Share<\/span><\/a><a class=\"mashicon-twitter mash-large mash-center mashsb-noshadow\" href=\"https:\/\/twitter.com\/intent\/tweet?text=&amp;url=https:\/\/www.zunoticia.com\/noticias-de-hidalgo\/2025\/07\/12\/plaza-se-convertira-en-un-gran-temazcal\/\" target=\"_top\" rel=\"nofollow\"><span class=\"icon\"><\/span><span class=\"text\">Tweet<\/span><\/a><div class=\"onoffswitch2 mash-large mashsb-noshadow\" style=\"display:none\"><\/div><\/div>\n            <\/div>\n                <div style=\"clear:both\"><\/div><div class=\"mashsb-toggle-container\"><\/div><\/aside>\n            <!-- Share buttons by mashshare.net - Version: 4.0.47-->\n<ul class=\"wp-block-list\">\n<li>Ayuntamiento y emprendedores preparan la primera Feria Hol\u00edstica del municipio, con la realizaci\u00f3n de ferias gastron\u00f3mica, artesanal y de sanaci\u00f3n.<\/li>\n<\/ul>\n\n\n\n<p><em>Por \u00c1ngel Osiris Castillo Garc\u00eda<\/em><\/p>\n\n\n\n<p><strong>Tlanchinol, Hgo<\/strong>.- Trabajando de manera coordinada con un grupo de emprendedores del municipio, la Secretar\u00eda de Desarrollo Econ\u00f3mico del Ayuntamiento de Tlanchinol, participa en la organizaci\u00f3n de la primera Feria Hol\u00edstica, en la que se espera congregar a representantes de diferentes regiones del estado y del pa\u00eds.<\/p>\n\n\n\n<p>Al respecto Mar\u00eda del Rosario Esp\u00edndola Hern\u00e1ndez, dio a conocer que, fue en base a una iniciativa de un grupo de j\u00f3venes emprendedores del municipio, quienes se acercaron al departamento a su cargo para presentar el proyecto que consiste en reactivar la econom\u00eda local mediante actividades alternas como es la cultura, el desarrollo ind\u00edgena y las tradiciones.<\/p>\n\n\n\n<p>Por lo que, se est\u00e1 preparando la realizaci\u00f3n de la primera Feria Hol\u00edstica los d\u00edas 25, 26 y 27 de julio, misma que se llevar\u00e1 cabo en la plaza principal, en donde se habr\u00e1 de construir un temazcal, mediante el cual se desarrollar\u00e1n las sesiones para las personas que lo deseen, por lo que la intenci\u00f3n es poder atraer a una gran cantidad de gente.<\/p>\n\n\n\n<p>Resalt\u00f3 que, esta no es una actividad que se tuviese programada por parte del Ayuntamiento, por parte de la direcci\u00f3n de Cultura, ni de Desarrollo Ind\u00edgena, sin embargo, la intenci\u00f3n del alcalde es darle impulso a las iniciativas que puedan generar un beneficio, ya que tambi\u00e9n se realizar\u00e1 dentro de la programaci\u00f3n una feria gastron\u00f3mica, exposici\u00f3n y venta de artesan\u00edas, as\u00ed como sesiones de sanaci\u00f3n.<\/p>\n\n\n\n<p>De la misma manera, se est\u00e1 haciendo la invitaci\u00f3n a alcaldes de la regi\u00f3n huasteca y sierra, as\u00ed como tambi\u00e9n a legisladores locales, y todos los representantes de las \u00e1reas de Cultura, Desarrollo ind\u00edgena, organizaciones promotoras de las tradiciones, entre otros.<\/p>\n\n\n\n<p>Finalmente pidi\u00f3 a los emprendedores del municipio a acercarse al departamento para poder conocer los servicios que se ofrecen y c\u00f3mo se les puede apoyar, para que saquen adelante sus proyectos.<\/p>\n","protected":false},"excerpt":{"rendered":"<p>Por \u00c1ngel Osiris Castillo Garc\u00eda Tlanchinol, Hgo.- Trabajando de manera coordinada con un grupo de emprendedores del municipio, la Secretar\u00eda de Desarrollo Econ\u00f3mico del Ayuntamiento de Tlanchinol, participa en la organizaci\u00f3n de la primera Feria Hol\u00edstica, en la que se espera congregar a representantes de diferentes regiones del estado y del pa\u00eds. Al respecto Mar\u00eda&hellip; <a class=\"more-link\" href=\"https:\/\/www.zunoticia.com\/noticias-de-hidalgo\/2025\/07\/12\/plaza-se-convertira-en-un-gran-temazcal\/\">Seguir leyendo <span class=\"screen-reader-text\">Plaza se convertir\u00e1 en un gran temazcal<\/span><\/a><\/p>\n","protected":false},"author":20,"featured_media":599766,"comment_status":"open","ping_status":"open","sticky":false,"template":"","format":"standard","meta":{"rop_custom_images_group":[],"rop_custom_messages_group":[],"rop_publish_now":"initial","rop_publish_now_accounts":{"facebook_10159540855086992_322828327761733":""},"rop_publish_now_history":[],"rop_publish_now_status":"pending","footnotes":""},"categories":[219,201],"tags":[127],"class_list":["post-599765","post","type-post","status-publish","format-standard","has-post-thumbnail","hentry","category-sierra","category-tlanchinol","tag-tlanchinol","entry"],"_links":{"self":[{"href":"https:\/\/www.zunoticia.com\/noticias-de-hidalgo\/wp-json\/wp\/v2\/posts\/599765","targetHints":{"allow":["GET"]}}],"collection":[{"href":"https:\/\/www.zunoticia.com\/noticias-de-hidalgo\/wp-json\/wp\/v2\/posts"}],"about":[{"href":"https:\/\/www.zunoticia.com\/noticias-de-hidalgo\/wp-json\/wp\/v2\/types\/post"}],"author":[{"embeddable":true,"href":"https:\/\/www.zunoticia.com\/noticias-de-hidalgo\/wp-json\/wp\/v2\/users\/20"}],"replies":[{"embeddable":true,"href":"https:\/\/www.zunoticia.com\/noticias-de-hidalgo\/wp-json\/wp\/v2\/comments?post=599765"}],"version-history":[{"count":1,"href":"https:\/\/www.zunoticia.com\/noticias-de-hidalgo\/wp-json\/wp\/v2\/posts\/599765\/revisions"}],"predecessor-version":[{"id":599767,"href":"https:\/\/www.zunoticia.com\/noticias-de-hidalgo\/wp-json\/wp\/v2\/posts\/599765\/revisions\/599767"}],"wp:featuredmedia":[{"embeddable":true,"href":"https:\/\/www.zunoticia.com\/noticias-de-hidalgo\/wp-json\/wp\/v2\/media\/599766"}],"wp:attachment":[{"href":"https:\/\/www.zunoticia.com\/noticias-de-hidalgo\/wp-json\/wp\/v2\/media?parent=599765"}],"wp:term":[{"taxonomy":"category","embeddable":true,"href":"https:\/\/www.zunoticia.com\/noticias-de-hidalgo\/wp-json\/wp\/v2\/categories?post=599765"},{"taxonomy":"post_tag","embeddable":true,"href":"https:\/\/www.zunoticia.com\/noticias-de-hidalgo\/wp-json\/wp\/v2\/tags?post=599765"}],"curies":[{"name":"wp","href":"https:\/\/api.w.org\/{rel}","templated":true}]}}