{"id":601079,"date":"2025-07-24T12:11:49","date_gmt":"2025-07-24T18:11:49","guid":{"rendered":"https:\/\/www.zunoticia.com\/noticias-de-hidalgo\/?p=601079"},"modified":"2025-07-24T12:11:50","modified_gmt":"2025-07-24T18:11:50","slug":"buscan-reorganizar-y-reestructurar-el-comite-de-lucha-del-magisterio-en-sierra-y-huasteca","status":"publish","type":"post","link":"https:\/\/www.zunoticia.com\/noticias-de-hidalgo\/2025\/07\/24\/buscan-reorganizar-y-reestructurar-el-comite-de-lucha-del-magisterio-en-sierra-y-huasteca\/","title":{"rendered":"Buscan reorganizar y reestructurar el Comit\u00e9 de Lucha del Magisterio en Sierra y Huasteca"},"content":{"rendered":"<aside class=\"mashsb-container mashsb-main mashsb-stretched\"><div class=\"mashsb-box\"><div class=\"mashsb-count mash-large\" style=\"float:left\"><div class=\"counts mashsbcount\">18<\/div><span class=\"mashsb-sharetext\">SHARES<\/span><\/div><div class=\"mashsb-buttons\"><a class=\"mashicon-facebook mash-large mash-center mashsb-noshadow\" href=\"https:\/\/www.facebook.com\/sharer.php?u=https%3A%2F%2Fwww.zunoticia.com%2Fnoticias-de-hidalgo%2F2025%2F07%2F24%2Fbuscan-reorganizar-y-reestructurar-el-comite-de-lucha-del-magisterio-en-sierra-y-huasteca%2F\" target=\"_top\" rel=\"nofollow\"><span class=\"icon\"><\/span><span class=\"text\">Share<\/span><\/a><a class=\"mashicon-twitter mash-large mash-center mashsb-noshadow\" href=\"https:\/\/twitter.com\/intent\/tweet?text=&amp;url=https:\/\/www.zunoticia.com\/noticias-de-hidalgo\/2025\/07\/24\/buscan-reorganizar-y-reestructurar-el-comite-de-lucha-del-magisterio-en-sierra-y-huasteca\/\" target=\"_top\" rel=\"nofollow\"><span class=\"icon\"><\/span><span class=\"text\">Tweet<\/span><\/a><div class=\"onoffswitch2 mash-large mashsb-noshadow\" style=\"display:none\"><\/div><\/div>\n            <\/div>\n                <div style=\"clear:both\"><\/div><div class=\"mashsb-toggle-container\"><\/div><\/aside>\n            <!-- Share buttons by mashshare.net - Version: 4.0.47-->\n<p><em>Por Enedino Hern\u00e1ndez Alonso\/Zunoticia<\/em><\/p>\n\n\n\n<p><strong>Huejutla, Hgo<\/strong>.- Como parte de las acciones enfocadas a seguir en la lucha que se tiene, al momento se busca reorganizar y reestructurar el Comit\u00e9 de Lucha del magisterio en la Sierra y la Huasteca.<\/p>\n\n\n\n<p>El secretario de Organizaci\u00f3n del Comit\u00e9 de Lucha, Porfirio Vite, se\u00f1ala que, \u201cning\u00fan derecho se ha ganado por la buena, pues la historia nos ense\u00f1a que todos los derechos humanos, se han ganado a sangre y fuego, por lo que lo m\u00ednimo que podemos hacer, es defenderlos organizadamente\u201d.<\/p>\n\n\n\n<p>Confirma que, en d\u00edas pasados se reunieron en Huejutla los integrantes del Comit\u00e9 de Lucha del magisterio en Sierra y Huasteca, en donde se cont\u00f3 con la asistencia de representantes, provenientes de Atlapexco, Huautla, Tlalchiyahualica, Huejutla, Chapulhuac\u00e1n, San Felipe Orizatl\u00e1n y Tehuetl\u00e1n.<\/p>\n\n\n\n<p>Subraya \u201cparte de los acuerdos alcanzados se determina: Difundir las inconformidades respecto a la descompactaci\u00f3n de Carrera Magisterial y el paup\u00e9rrimo aumento salarial, pidiendo a nuestras Delegaciones, reportar el comparativo del retroactivo actual con el del a\u00f1o pasado, pues con talones a la mano observamos que, quienes tienen el sueldo base, s\u00f3lo recibieron pasadito de $ 6, 943.33, en tanto el a\u00f1o pasado fue m\u00e1s de $ 8,557.17\u201d.<\/p>\n\n\n\n<figure class=\"wp-block-image size-full\"><img fetchpriority=\"high\" decoding=\"async\" width=\"933\" height=\"524\" src=\"https:\/\/www.zunoticia.com\/noticias-de-hidalgo\/wp-content\/uploads\/2025\/07\/Zunoticia-Huejutla-1-255.png\" alt=\"\" class=\"wp-image-601081\" srcset=\"https:\/\/www.zunoticia.com\/noticias-de-hidalgo\/wp-content\/uploads\/2025\/07\/Zunoticia-Huejutla-1-255.png 933w, https:\/\/www.zunoticia.com\/noticias-de-hidalgo\/wp-content\/uploads\/2025\/07\/Zunoticia-Huejutla-1-255-300x168.png 300w, https:\/\/www.zunoticia.com\/noticias-de-hidalgo\/wp-content\/uploads\/2025\/07\/Zunoticia-Huejutla-1-255-768x431.png 768w\" sizes=\"(max-width: 933px) 100vw, 933px\" \/><\/figure>\n\n\n\n<p>\u201cAdem\u00e1s, acuerdan buscar la forma de politizarnos, difundiendo materiales diversos y traer a ponentes conocedores sobre los problemas que aquejan al magisterio nacional.<\/p>\n\n\n\n<p>Sacar un comunicado sobre la reactivaci\u00f3n y vigencia del movimiento, pues el golpeteo a nuestros derechos sigue estando presente y no se ve que el oficialismo sindical realmente nos defienda.<\/p>\n\n\n\n<p>Asimismo, se publicar\u00e1 un documento sobre la historia del movimiento del a\u00f1o 2000, enumerando todos los logros alcanzados, para los de reciente ingreso conozcan la importancia de la lucha de las bases\u201d.<\/p>\n\n\n\n<p>Finalmente, buscan reorganizar y reestructurar el Comit\u00e9 de Lucha, pidi\u00e9ndole a cada Delegaci\u00f3n nombrar a representantes comprometidos en la lucha, y de los que ya est\u00e1n, cambiar a quienes no est\u00e9n cumpliendo con su funci\u00f3n.<\/p>\n","protected":false},"excerpt":{"rendered":"<p>Por Enedino Hern\u00e1ndez Alonso\/Zunoticia Huejutla, Hgo.- Como parte de las acciones enfocadas a seguir en la lucha que se tiene, al momento se busca reorganizar y reestructurar el Comit\u00e9 de Lucha del magisterio en la Sierra y la Huasteca. El secretario de Organizaci\u00f3n del Comit\u00e9 de Lucha, Porfirio Vite, se\u00f1ala que, \u201cning\u00fan derecho se ha&hellip; <a class=\"more-link\" href=\"https:\/\/www.zunoticia.com\/noticias-de-hidalgo\/2025\/07\/24\/buscan-reorganizar-y-reestructurar-el-comite-de-lucha-del-magisterio-en-sierra-y-huasteca\/\">Seguir leyendo <span class=\"screen-reader-text\">Buscan reorganizar y reestructurar el Comit\u00e9 de Lucha del Magisterio en Sierra y Huasteca<\/span><\/a><\/p>\n","protected":false},"author":20,"featured_media":601080,"comment_status":"open","ping_status":"open","sticky":false,"template":"","format":"standard","meta":{"rop_custom_images_group":[],"rop_custom_messages_group":[],"rop_publish_now":"initial","rop_publish_now_accounts":{"facebook_10159540855086992_322828327761733":""},"rop_publish_now_history":[],"rop_publish_now_status":"pending","footnotes":""},"categories":[181],"tags":[121],"class_list":["post-601079","post","type-post","status-publish","format-standard","has-post-thumbnail","hentry","category-huejutla","tag-huejutla","entry"],"_links":{"self":[{"href":"https:\/\/www.zunoticia.com\/noticias-de-hidalgo\/wp-json\/wp\/v2\/posts\/601079","targetHints":{"allow":["GET"]}}],"collection":[{"href":"https:\/\/www.zunoticia.com\/noticias-de-hidalgo\/wp-json\/wp\/v2\/posts"}],"about":[{"href":"https:\/\/www.zunoticia.com\/noticias-de-hidalgo\/wp-json\/wp\/v2\/types\/post"}],"author":[{"embeddable":true,"href":"https:\/\/www.zunoticia.com\/noticias-de-hidalgo\/wp-json\/wp\/v2\/users\/20"}],"replies":[{"embeddable":true,"href":"https:\/\/www.zunoticia.com\/noticias-de-hidalgo\/wp-json\/wp\/v2\/comments?post=601079"}],"version-history":[{"count":1,"href":"https:\/\/www.zunoticia.com\/noticias-de-hidalgo\/wp-json\/wp\/v2\/posts\/601079\/revisions"}],"predecessor-version":[{"id":601082,"href":"https:\/\/www.zunoticia.com\/noticias-de-hidalgo\/wp-json\/wp\/v2\/posts\/601079\/revisions\/601082"}],"wp:featuredmedia":[{"embeddable":true,"href":"https:\/\/www.zunoticia.com\/noticias-de-hidalgo\/wp-json\/wp\/v2\/media\/601080"}],"wp:attachment":[{"href":"https:\/\/www.zunoticia.com\/noticias-de-hidalgo\/wp-json\/wp\/v2\/media?parent=601079"}],"wp:term":[{"taxonomy":"category","embeddable":true,"href":"https:\/\/www.zunoticia.com\/noticias-de-hidalgo\/wp-json\/wp\/v2\/categories?post=601079"},{"taxonomy":"post_tag","embeddable":true,"href":"https:\/\/www.zunoticia.com\/noticias-de-hidalgo\/wp-json\/wp\/v2\/tags?post=601079"}],"curies":[{"name":"wp","href":"https:\/\/api.w.org\/{rel}","templated":true}]}}