{"id":601083,"date":"2025-07-24T12:25:08","date_gmt":"2025-07-24T18:25:08","guid":{"rendered":"https:\/\/www.zunoticia.com\/noticias-de-hidalgo\/?p=601083"},"modified":"2025-07-24T12:25:09","modified_gmt":"2025-07-24T18:25:09","slug":"en-procesion-por-fiesta-patronal-catolicos-se-llevan-al-padre-jesus-a-ozuluama","status":"publish","type":"post","link":"https:\/\/www.zunoticia.com\/noticias-de-hidalgo\/2025\/07\/24\/en-procesion-por-fiesta-patronal-catolicos-se-llevan-al-padre-jesus-a-ozuluama\/","title":{"rendered":"En procesi\u00f3n por fiesta patronal, cat\u00f3licos se llevan al Padre Jes\u00fas a Ozuluama"},"content":{"rendered":"<aside class=\"mashsb-container mashsb-main mashsb-stretched\"><div class=\"mashsb-box\"><div class=\"mashsb-count mash-large\" style=\"float:left\"><div class=\"counts mashsbcount\">0<\/div><span class=\"mashsb-sharetext\">SHARES<\/span><\/div><div class=\"mashsb-buttons\"><a class=\"mashicon-facebook mash-large mash-center mashsb-noshadow\" href=\"https:\/\/www.facebook.com\/sharer.php?u=https%3A%2F%2Fwww.zunoticia.com%2Fnoticias-de-hidalgo%2F2025%2F07%2F24%2Fen-procesion-por-fiesta-patronal-catolicos-se-llevan-al-padre-jesus-a-ozuluama%2F\" target=\"_top\" rel=\"nofollow\"><span class=\"icon\"><\/span><span class=\"text\">Share<\/span><\/a><a class=\"mashicon-twitter mash-large mash-center mashsb-noshadow\" href=\"https:\/\/twitter.com\/intent\/tweet?text=&amp;url=https:\/\/www.zunoticia.com\/noticias-de-hidalgo\/2025\/07\/24\/en-procesion-por-fiesta-patronal-catolicos-se-llevan-al-padre-jesus-a-ozuluama\/\" target=\"_top\" rel=\"nofollow\"><span class=\"icon\"><\/span><span class=\"text\">Tweet<\/span><\/a><div class=\"onoffswitch2 mash-large mashsb-noshadow\" style=\"display:none\"><\/div><\/div>\n            <\/div>\n                <div style=\"clear:both\"><\/div><div class=\"mashsb-toggle-container\"><\/div><\/aside>\n            <!-- Share buttons by mashshare.net - Version: 4.0.47-->\n<p><em>Por Enedino Hern\u00e1ndez Alonso\/Zunoticia<\/em><\/p>\n\n\n\n<p><strong>Huejutla, Hgo<\/strong>.- Con motivo de la fiesta Patronal a Santiago Ap\u00f3stol, fieles cat\u00f3licos de la poblaci\u00f3n de Ozuluama, se llevan en procesi\u00f3n al Padre Jes\u00fas desde la Catedral Cristo Rey.<\/p>\n\n\n\n<p>Durante la procesi\u00f3n realizada la ma\u00f1ana de este jueves 24 de julio, desde esta ciudad de Huejutla de Reyes, los fieles cat\u00f3licos son acompa\u00f1ados por la tradicional banda de viento, el grupo de Inditas y de danzantes.<\/p>\n\n\n\n<p>Finalmente se destaca que, es de esta manera como la poblaci\u00f3n cat\u00f3lica de las comunidades ind\u00edgenas de la Huasteca, mediante procesiones y velaciones fortalecen la fe cat\u00f3lica.<\/p>\n\n\n\n<figure class=\"wp-block-gallery has-nested-images columns-default is-cropped wp-block-gallery-1 is-layout-flex wp-block-gallery-is-layout-flex\">\n<figure class=\"wp-block-image size-large\"><img fetchpriority=\"high\" decoding=\"async\" width=\"933\" height=\"524\" data-id=\"601085\" src=\"https:\/\/www.zunoticia.com\/noticias-de-hidalgo\/wp-content\/uploads\/2025\/07\/Zunoticia-Huejutla-2-106.png\" alt=\"\" class=\"wp-image-601085\" srcset=\"https:\/\/www.zunoticia.com\/noticias-de-hidalgo\/wp-content\/uploads\/2025\/07\/Zunoticia-Huejutla-2-106.png 933w, https:\/\/www.zunoticia.com\/noticias-de-hidalgo\/wp-content\/uploads\/2025\/07\/Zunoticia-Huejutla-2-106-300x168.png 300w, https:\/\/www.zunoticia.com\/noticias-de-hidalgo\/wp-content\/uploads\/2025\/07\/Zunoticia-Huejutla-2-106-768x431.png 768w\" sizes=\"(max-width: 933px) 100vw, 933px\" \/><\/figure>\n\n\n\n<figure class=\"wp-block-image size-large\"><img decoding=\"async\" width=\"933\" height=\"524\" data-id=\"601086\" src=\"https:\/\/www.zunoticia.com\/noticias-de-hidalgo\/wp-content\/uploads\/2025\/07\/Zunoticia-Huejutla-1-256.png\" alt=\"\" class=\"wp-image-601086\" srcset=\"https:\/\/www.zunoticia.com\/noticias-de-hidalgo\/wp-content\/uploads\/2025\/07\/Zunoticia-Huejutla-1-256.png 933w, https:\/\/www.zunoticia.com\/noticias-de-hidalgo\/wp-content\/uploads\/2025\/07\/Zunoticia-Huejutla-1-256-300x168.png 300w, https:\/\/www.zunoticia.com\/noticias-de-hidalgo\/wp-content\/uploads\/2025\/07\/Zunoticia-Huejutla-1-256-768x431.png 768w\" sizes=\"(max-width: 933px) 100vw, 933px\" \/><\/figure>\n<\/figure>\n","protected":false},"excerpt":{"rendered":"<p>Por Enedino Hern\u00e1ndez Alonso\/Zunoticia Huejutla, Hgo.- Con motivo de la fiesta Patronal a Santiago Ap\u00f3stol, fieles cat\u00f3licos de la poblaci\u00f3n de Ozuluama, se llevan en procesi\u00f3n al Padre Jes\u00fas desde la Catedral Cristo Rey. Durante la procesi\u00f3n realizada la ma\u00f1ana de este jueves 24 de julio, desde esta ciudad de Huejutla de Reyes, los fieles&hellip; <a class=\"more-link\" href=\"https:\/\/www.zunoticia.com\/noticias-de-hidalgo\/2025\/07\/24\/en-procesion-por-fiesta-patronal-catolicos-se-llevan-al-padre-jesus-a-ozuluama\/\">Seguir leyendo <span class=\"screen-reader-text\">En procesi\u00f3n por fiesta patronal, cat\u00f3licos se llevan al Padre Jes\u00fas a Ozuluama<\/span><\/a><\/p>\n","protected":false},"author":20,"featured_media":601084,"comment_status":"open","ping_status":"open","sticky":false,"template":"","format":"standard","meta":{"rop_custom_images_group":[],"rop_custom_messages_group":[],"rop_publish_now":"initial","rop_publish_now_accounts":{"facebook_10159540855086992_322828327761733":""},"rop_publish_now_history":[],"rop_publish_now_status":"pending","footnotes":""},"categories":[181],"tags":[121],"class_list":["post-601083","post","type-post","status-publish","format-standard","has-post-thumbnail","hentry","category-huejutla","tag-huejutla","entry"],"_links":{"self":[{"href":"https:\/\/www.zunoticia.com\/noticias-de-hidalgo\/wp-json\/wp\/v2\/posts\/601083","targetHints":{"allow":["GET"]}}],"collection":[{"href":"https:\/\/www.zunoticia.com\/noticias-de-hidalgo\/wp-json\/wp\/v2\/posts"}],"about":[{"href":"https:\/\/www.zunoticia.com\/noticias-de-hidalgo\/wp-json\/wp\/v2\/types\/post"}],"author":[{"embeddable":true,"href":"https:\/\/www.zunoticia.com\/noticias-de-hidalgo\/wp-json\/wp\/v2\/users\/20"}],"replies":[{"embeddable":true,"href":"https:\/\/www.zunoticia.com\/noticias-de-hidalgo\/wp-json\/wp\/v2\/comments?post=601083"}],"version-history":[{"count":1,"href":"https:\/\/www.zunoticia.com\/noticias-de-hidalgo\/wp-json\/wp\/v2\/posts\/601083\/revisions"}],"predecessor-version":[{"id":601087,"href":"https:\/\/www.zunoticia.com\/noticias-de-hidalgo\/wp-json\/wp\/v2\/posts\/601083\/revisions\/601087"}],"wp:featuredmedia":[{"embeddable":true,"href":"https:\/\/www.zunoticia.com\/noticias-de-hidalgo\/wp-json\/wp\/v2\/media\/601084"}],"wp:attachment":[{"href":"https:\/\/www.zunoticia.com\/noticias-de-hidalgo\/wp-json\/wp\/v2\/media?parent=601083"}],"wp:term":[{"taxonomy":"category","embeddable":true,"href":"https:\/\/www.zunoticia.com\/noticias-de-hidalgo\/wp-json\/wp\/v2\/categories?post=601083"},{"taxonomy":"post_tag","embeddable":true,"href":"https:\/\/www.zunoticia.com\/noticias-de-hidalgo\/wp-json\/wp\/v2\/tags?post=601083"}],"curies":[{"name":"wp","href":"https:\/\/api.w.org\/{rel}","templated":true}]}}