{"id":601097,"date":"2025-07-24T13:18:08","date_gmt":"2025-07-24T19:18:08","guid":{"rendered":"https:\/\/www.zunoticia.com\/noticias-de-hidalgo\/?p=601097"},"modified":"2025-07-24T13:19:36","modified_gmt":"2025-07-24T19:19:36","slug":"buscan-adulto-mayor-desaparecido","status":"publish","type":"post","link":"https:\/\/www.zunoticia.com\/noticias-de-hidalgo\/2025\/07\/24\/buscan-adulto-mayor-desaparecido\/","title":{"rendered":"Buscan a adulto mayor desaparecido"},"content":{"rendered":"<aside class=\"mashsb-container mashsb-main mashsb-stretched\"><div class=\"mashsb-box\"><div class=\"mashsb-count mash-large\" style=\"float:left\"><div class=\"counts mashsbcount\">0<\/div><span class=\"mashsb-sharetext\">SHARES<\/span><\/div><div class=\"mashsb-buttons\"><a class=\"mashicon-facebook mash-large mash-center mashsb-noshadow\" href=\"https:\/\/www.facebook.com\/sharer.php?u=https%3A%2F%2Fwww.zunoticia.com%2Fnoticias-de-hidalgo%2F2025%2F07%2F24%2Fbuscan-adulto-mayor-desaparecido%2F\" target=\"_top\" rel=\"nofollow\"><span class=\"icon\"><\/span><span class=\"text\">Share<\/span><\/a><a class=\"mashicon-twitter mash-large mash-center mashsb-noshadow\" href=\"https:\/\/twitter.com\/intent\/tweet?text=&amp;url=https:\/\/www.zunoticia.com\/noticias-de-hidalgo\/2025\/07\/24\/buscan-adulto-mayor-desaparecido\/\" target=\"_top\" rel=\"nofollow\"><span class=\"icon\"><\/span><span class=\"text\">Tweet<\/span><\/a><div class=\"onoffswitch2 mash-large mashsb-noshadow\" style=\"display:none\"><\/div><\/div>\n            <\/div>\n                <div style=\"clear:both\"><\/div><div class=\"mashsb-toggle-container\"><\/div><\/aside>\n            <!-- Share buttons by mashshare.net - Version: 4.0.47-->\n<p><em>Por Roberto Meza Ram\u00edrez \/Zunoticia<\/em><\/p>\n\n\n\n<p><strong>Huazalingo, Hgo<\/strong>. &#8211; Luego de la desaparici\u00f3n de un adulto mayor de la comunidad de San Juan, este jueves se llev\u00f3 una intensa b\u00fasqueda de esta persona por veredas, r\u00edos, montes, cerros y milpas; en el operativo participaron elementos de Protecci\u00f3n Civil Municipal, Polic\u00edas municipales y habitantes de esa poblaci\u00f3n.<\/p>\n\n\n<div class=\"wp-block-image\">\n<figure class=\"alignright size-full\"><img fetchpriority=\"high\" decoding=\"async\" width=\"572\" height=\"656\" src=\"https:\/\/www.zunoticia.com\/noticias-de-hidalgo\/wp-content\/uploads\/2025\/07\/WhatsApp-Image-2025-07-24-at-12.55.29-PM.jpeg\" alt=\"\" class=\"wp-image-601100\" srcset=\"https:\/\/www.zunoticia.com\/noticias-de-hidalgo\/wp-content\/uploads\/2025\/07\/WhatsApp-Image-2025-07-24-at-12.55.29-PM.jpeg 572w, https:\/\/www.zunoticia.com\/noticias-de-hidalgo\/wp-content\/uploads\/2025\/07\/WhatsApp-Image-2025-07-24-at-12.55.29-PM-262x300.jpeg 262w\" sizes=\"(max-width: 572px) 100vw, 572px\" \/><\/figure>\n<\/div>\n\n\n<p>Fue desde las 6:00 de la ma\u00f1ana de este jueves, cuando personal de esas \u00e1reas y vecinos se sumaron al fuerte operativo de rastreo por diferentes comunidades de este municipio, \u201cpeinando\u201d toda la zona, principalmente por veredas barrancos y montes, para localizar a Justino Edmundo Amada de 75 a\u00f1os.<\/p>\n\n\n\n<p>El adulto mayor desapareci\u00f3 el pasado viernes cuando caminaba de San Juan a la cabecera municipal y de ah\u00ed ya no se supo nada de \u00e9l, por eso es que las autoridades est\u00e1n coordinando la b\u00fasqueda para su localizaci\u00f3n.<\/p>\n\n\n\n<figure class=\"wp-block-gallery has-nested-images columns-default is-cropped wp-block-gallery-1 is-layout-flex wp-block-gallery-is-layout-flex\">\n<figure class=\"wp-block-image size-large\"><img decoding=\"async\" width=\"814\" height=\"508\" data-id=\"601099\" src=\"https:\/\/www.zunoticia.com\/noticias-de-hidalgo\/wp-content\/uploads\/2025\/07\/WhatsApp-Image-2025-07-24-at-12.55.29-PM-1.jpeg\" alt=\"\" class=\"wp-image-601099\" srcset=\"https:\/\/www.zunoticia.com\/noticias-de-hidalgo\/wp-content\/uploads\/2025\/07\/WhatsApp-Image-2025-07-24-at-12.55.29-PM-1.jpeg 814w, https:\/\/www.zunoticia.com\/noticias-de-hidalgo\/wp-content\/uploads\/2025\/07\/WhatsApp-Image-2025-07-24-at-12.55.29-PM-1-300x187.jpeg 300w, https:\/\/www.zunoticia.com\/noticias-de-hidalgo\/wp-content\/uploads\/2025\/07\/WhatsApp-Image-2025-07-24-at-12.55.29-PM-1-768x479.jpeg 768w\" sizes=\"(max-width: 814px) 100vw, 814px\" \/><\/figure>\n<\/figure>\n","protected":false},"excerpt":{"rendered":"<p>Por Roberto Meza Ram\u00edrez \/Zunoticia Huazalingo, Hgo. &#8211; Luego de la desaparici\u00f3n de un adulto mayor de la comunidad de San Juan, este jueves se llev\u00f3 una intensa b\u00fasqueda de esta persona por veredas, r\u00edos, montes, cerros y milpas; en el operativo participaron elementos de Protecci\u00f3n Civil Municipal, Polic\u00edas municipales y habitantes de esa poblaci\u00f3n.&hellip; <a class=\"more-link\" href=\"https:\/\/www.zunoticia.com\/noticias-de-hidalgo\/2025\/07\/24\/buscan-adulto-mayor-desaparecido\/\">Seguir leyendo <span class=\"screen-reader-text\">Buscan a adulto mayor desaparecido<\/span><\/a><\/p>\n","protected":false},"author":20,"featured_media":601098,"comment_status":"open","ping_status":"open","sticky":false,"template":"","format":"standard","meta":{"rop_custom_images_group":[],"rop_custom_messages_group":[],"rop_publish_now":"initial","rop_publish_now_accounts":{"facebook_10159540855086992_322828327761733":""},"rop_publish_now_history":[],"rop_publish_now_status":"pending","footnotes":""},"categories":[178],"tags":[259],"class_list":["post-601097","post","type-post","status-publish","format-standard","has-post-thumbnail","hentry","category-policiaca","tag-policiaca","entry"],"_links":{"self":[{"href":"https:\/\/www.zunoticia.com\/noticias-de-hidalgo\/wp-json\/wp\/v2\/posts\/601097","targetHints":{"allow":["GET"]}}],"collection":[{"href":"https:\/\/www.zunoticia.com\/noticias-de-hidalgo\/wp-json\/wp\/v2\/posts"}],"about":[{"href":"https:\/\/www.zunoticia.com\/noticias-de-hidalgo\/wp-json\/wp\/v2\/types\/post"}],"author":[{"embeddable":true,"href":"https:\/\/www.zunoticia.com\/noticias-de-hidalgo\/wp-json\/wp\/v2\/users\/20"}],"replies":[{"embeddable":true,"href":"https:\/\/www.zunoticia.com\/noticias-de-hidalgo\/wp-json\/wp\/v2\/comments?post=601097"}],"version-history":[{"count":2,"href":"https:\/\/www.zunoticia.com\/noticias-de-hidalgo\/wp-json\/wp\/v2\/posts\/601097\/revisions"}],"predecessor-version":[{"id":601102,"href":"https:\/\/www.zunoticia.com\/noticias-de-hidalgo\/wp-json\/wp\/v2\/posts\/601097\/revisions\/601102"}],"wp:featuredmedia":[{"embeddable":true,"href":"https:\/\/www.zunoticia.com\/noticias-de-hidalgo\/wp-json\/wp\/v2\/media\/601098"}],"wp:attachment":[{"href":"https:\/\/www.zunoticia.com\/noticias-de-hidalgo\/wp-json\/wp\/v2\/media?parent=601097"}],"wp:term":[{"taxonomy":"category","embeddable":true,"href":"https:\/\/www.zunoticia.com\/noticias-de-hidalgo\/wp-json\/wp\/v2\/categories?post=601097"},{"taxonomy":"post_tag","embeddable":true,"href":"https:\/\/www.zunoticia.com\/noticias-de-hidalgo\/wp-json\/wp\/v2\/tags?post=601097"}],"curies":[{"name":"wp","href":"https:\/\/api.w.org\/{rel}","templated":true}]}}