{"id":601107,"date":"2025-07-24T13:36:19","date_gmt":"2025-07-24T19:36:19","guid":{"rendered":"https:\/\/www.zunoticia.com\/noticias-de-hidalgo\/?p=601107"},"modified":"2025-07-24T13:36:21","modified_gmt":"2025-07-24T19:36:21","slug":"administracion-de-mercados-y-alumbrado-publico-cambian-lamparas-en-la-plaza-del-maiz","status":"publish","type":"post","link":"https:\/\/www.zunoticia.com\/noticias-de-hidalgo\/2025\/07\/24\/administracion-de-mercados-y-alumbrado-publico-cambian-lamparas-en-la-plaza-del-maiz\/","title":{"rendered":"Administraci\u00f3n de Mercados y Alumbrado P\u00fablico cambian l\u00e1mparas en la Plaza del Ma\u00edz"},"content":{"rendered":"<aside class=\"mashsb-container mashsb-main mashsb-stretched\"><div class=\"mashsb-box\"><div class=\"mashsb-count mash-large\" style=\"float:left\"><div class=\"counts mashsbcount\">0<\/div><span class=\"mashsb-sharetext\">SHARES<\/span><\/div><div class=\"mashsb-buttons\"><a class=\"mashicon-facebook mash-large mash-center mashsb-noshadow\" href=\"https:\/\/www.facebook.com\/sharer.php?u=https%3A%2F%2Fwww.zunoticia.com%2Fnoticias-de-hidalgo%2F2025%2F07%2F24%2Fadministracion-de-mercados-y-alumbrado-publico-cambian-lamparas-en-la-plaza-del-maiz%2F\" target=\"_top\" rel=\"nofollow\"><span class=\"icon\"><\/span><span class=\"text\">Share<\/span><\/a><a class=\"mashicon-twitter mash-large mash-center mashsb-noshadow\" href=\"https:\/\/twitter.com\/intent\/tweet?text=&amp;url=https:\/\/www.zunoticia.com\/noticias-de-hidalgo\/2025\/07\/24\/administracion-de-mercados-y-alumbrado-publico-cambian-lamparas-en-la-plaza-del-maiz\/\" target=\"_top\" rel=\"nofollow\"><span class=\"icon\"><\/span><span class=\"text\">Tweet<\/span><\/a><div class=\"onoffswitch2 mash-large mashsb-noshadow\" style=\"display:none\"><\/div><\/div>\n            <\/div>\n                <div style=\"clear:both\"><\/div><div class=\"mashsb-toggle-container\"><\/div><\/aside>\n            <!-- Share buttons by mashshare.net - Version: 4.0.47-->\n<p><em>Por Enedino Hern\u00e1ndez Alonso\/Zunoticia<\/em><\/p>\n\n\n\n<p><strong>Huejutla, Hgo.-<\/strong> Como parte de las acciones enfocadas a mantener un adecuado alumbrado en la Plaza del Ma\u00edz, ubicada en la parte de atr\u00e1s del Mercado municipal de Huejutla, se llev\u00f3 a cabo el cambio de las l\u00e1mparas del alumbrado p\u00fablico.<\/p>\n\n\n\n<p>El administrador de Mercados en Huejutla, Erick Azuara Toledo, expone que, los trabajos correspondientes del cambio de l\u00e1mparas en la Plaza del Ma\u00edz se llevaron a cabo junto con personal del Alumbrado P\u00fablico y se realizaron durante la ma\u00f1ana de este jueves 24 de julio.<\/p>\n\n\n\n<p>Confirma que, en la Plaza del Ma\u00edz, en la zona del Mercado municipal de Huejutla de Reyes, se procedi\u00f3 a cambiar un promedio de 35 l\u00e1mparas del alumbrado p\u00fablico.<\/p>\n\n\n\n<p>Asimismo, se\u00f1ala que, con estas acciones se tendr\u00e1 una mejor iluminaci\u00f3n en toda el \u00e1rea de la Plaza del Ma\u00edz, por la zona del mercado, en esta ciudad de Huejutla de Reyes.<\/p>\n\n\n\n<figure class=\"wp-block-image size-full\"><img fetchpriority=\"high\" decoding=\"async\" width=\"933\" height=\"524\" src=\"https:\/\/www.zunoticia.com\/noticias-de-hidalgo\/wp-content\/uploads\/2025\/07\/Zunoticia-Huejutla-1-259.png\" alt=\"\" class=\"wp-image-601109\" srcset=\"https:\/\/www.zunoticia.com\/noticias-de-hidalgo\/wp-content\/uploads\/2025\/07\/Zunoticia-Huejutla-1-259.png 933w, https:\/\/www.zunoticia.com\/noticias-de-hidalgo\/wp-content\/uploads\/2025\/07\/Zunoticia-Huejutla-1-259-300x168.png 300w, https:\/\/www.zunoticia.com\/noticias-de-hidalgo\/wp-content\/uploads\/2025\/07\/Zunoticia-Huejutla-1-259-768x431.png 768w\" sizes=\"(max-width: 933px) 100vw, 933px\" \/><\/figure>\n","protected":false},"excerpt":{"rendered":"<p>Por Enedino Hern\u00e1ndez Alonso\/Zunoticia Huejutla, Hgo.- Como parte de las acciones enfocadas a mantener un adecuado alumbrado en la Plaza del Ma\u00edz, ubicada en la parte de atr\u00e1s del Mercado municipal de Huejutla, se llev\u00f3 a cabo el cambio de las l\u00e1mparas del alumbrado p\u00fablico. El administrador de Mercados en Huejutla, Erick Azuara Toledo, expone&hellip; <a class=\"more-link\" href=\"https:\/\/www.zunoticia.com\/noticias-de-hidalgo\/2025\/07\/24\/administracion-de-mercados-y-alumbrado-publico-cambian-lamparas-en-la-plaza-del-maiz\/\">Seguir leyendo <span class=\"screen-reader-text\">Administraci\u00f3n de Mercados y Alumbrado P\u00fablico cambian l\u00e1mparas en la Plaza del Ma\u00edz<\/span><\/a><\/p>\n","protected":false},"author":20,"featured_media":601108,"comment_status":"open","ping_status":"open","sticky":false,"template":"","format":"standard","meta":{"rop_custom_images_group":[],"rop_custom_messages_group":[],"rop_publish_now":"initial","rop_publish_now_accounts":{"facebook_10159540855086992_322828327761733":""},"rop_publish_now_history":[],"rop_publish_now_status":"pending","footnotes":""},"categories":[181],"tags":[121],"class_list":["post-601107","post","type-post","status-publish","format-standard","has-post-thumbnail","hentry","category-huejutla","tag-huejutla","entry"],"_links":{"self":[{"href":"https:\/\/www.zunoticia.com\/noticias-de-hidalgo\/wp-json\/wp\/v2\/posts\/601107","targetHints":{"allow":["GET"]}}],"collection":[{"href":"https:\/\/www.zunoticia.com\/noticias-de-hidalgo\/wp-json\/wp\/v2\/posts"}],"about":[{"href":"https:\/\/www.zunoticia.com\/noticias-de-hidalgo\/wp-json\/wp\/v2\/types\/post"}],"author":[{"embeddable":true,"href":"https:\/\/www.zunoticia.com\/noticias-de-hidalgo\/wp-json\/wp\/v2\/users\/20"}],"replies":[{"embeddable":true,"href":"https:\/\/www.zunoticia.com\/noticias-de-hidalgo\/wp-json\/wp\/v2\/comments?post=601107"}],"version-history":[{"count":1,"href":"https:\/\/www.zunoticia.com\/noticias-de-hidalgo\/wp-json\/wp\/v2\/posts\/601107\/revisions"}],"predecessor-version":[{"id":601110,"href":"https:\/\/www.zunoticia.com\/noticias-de-hidalgo\/wp-json\/wp\/v2\/posts\/601107\/revisions\/601110"}],"wp:featuredmedia":[{"embeddable":true,"href":"https:\/\/www.zunoticia.com\/noticias-de-hidalgo\/wp-json\/wp\/v2\/media\/601108"}],"wp:attachment":[{"href":"https:\/\/www.zunoticia.com\/noticias-de-hidalgo\/wp-json\/wp\/v2\/media?parent=601107"}],"wp:term":[{"taxonomy":"category","embeddable":true,"href":"https:\/\/www.zunoticia.com\/noticias-de-hidalgo\/wp-json\/wp\/v2\/categories?post=601107"},{"taxonomy":"post_tag","embeddable":true,"href":"https:\/\/www.zunoticia.com\/noticias-de-hidalgo\/wp-json\/wp\/v2\/tags?post=601107"}],"curies":[{"name":"wp","href":"https:\/\/api.w.org\/{rel}","templated":true}]}}